{"id":94097,"date":"2025-04-15T22:55:50","date_gmt":"2025-04-15T22:55:50","guid":{"rendered":"https:\/\/jorgezanoni.com.br\/2019\/?p=94097"},"modified":"2025-04-15T22:55:50","modified_gmt":"2025-04-15T22:55:50","slug":"operacao-sombras-das-drogas-policia-civil-esclarece-homicidio-ocorrido-em-dracena-e-suspeito-esta-preso","status":"publish","type":"post","link":"https:\/\/jorgezanoni.com.br\/2019\/operacao-sombras-das-drogas-policia-civil-esclarece-homicidio-ocorrido-em-dracena-e-suspeito-esta-preso\/","title":{"rendered":"&#8220;OPERA\u00c7\u00c3O SOMBRAS DAS DROGAS&#8221; Pol\u00edcia Civil esclarece Homic\u00eddio ocorrido em Dracena e suspeito est\u00e1 preso"},"content":{"rendered":"<p style=\"text-align: justify;\"><strong>O crime aconteceu na \u00faltima ter\u00e7a-feira (8), em uma resid\u00eancia localizada na Rua Vendramin, no bairro Vila Luc\u00e9lia, em Dracena.<\/strong><\/p>\n<p style=\"text-align: justify;\">A Pol\u00edcia Civil do Estado de S\u00e3o Paulo, por interm\u00e9dio das Unidades Especializadas DIG\/DISE, esclareceu nesta ter\u00e7a-feira (15) a autoria de um crime de homic\u00eddio ocorrido em Dracena. A v\u00edtima, um homem de 42 anos, foi atingida por um golpe de arma branca &#8211; possivelmente uma faca &#8211; na altura do peito. Ele chegou a ser socorrido, mas teve o \u00f3bito constatado no Pronto Atendimento M\u00e9dico (PAM) de Dracena.<\/p>\n<p style=\"text-align: justify;\">Dada a gravidade do fato, os agentes das Unidades Especializadas foram imediatamente acionados e iniciaram as dilig\u00eancias no local do crime, realizando coleta de vest\u00edgios, fotografias e oitivas de testemunhas, al\u00e9m da instaura\u00e7\u00e3o de inqu\u00e9rito policial. Inicialmente, o caso foi registrado como homic\u00eddio de autoria desconhecida.<\/p>\n<p style=\"text-align: justify;\">No curso das investiga\u00e7\u00f5es realizadas pela Pol\u00edcia Civil, j\u00e1 na quarta-feira (9), a equipe policial obteve elementos que indicaram a autoria do crime, bem como a prov\u00e1vel motiva\u00e7\u00e3o: consumo de drogas. O suspeito, um homem de 45 anos com antecedentes por tr\u00e1fico e roubos cometidos com uso de faca, foi identificado como o autor do homic\u00eddio. A Pol\u00edcia Civil representou judicialmente por mandados de busca domiciliar e de pris\u00e3o tempor\u00e1ria em desfavor do suspeito. Ambos os pedidos foram acolhidos pelo Minist\u00e9rio P\u00fablico e deferidos pelo Poder Judici\u00e1rio da Comarca de Dracena.<\/p>\n<p style=\"text-align: justify;\">Na quinta-feira (10), a Pol\u00edcia Civil deflagrou a \u201dOpera\u00e7\u00e3o Sombras das Drogas\u201d, com o objetivo de cumprir os mandados judiciais e capturar o investigado, que n\u00e3o possu\u00eda endere\u00e7o fixo. Foram realizadas diversas incurs\u00f5es em locais conhecidos por consumo de drogas. Durante as dilig\u00eancias, surgiram informa\u00e7\u00f5es de que o suspeito teria deixado a cidade para tentar se ocultar da Justi\u00e7a. No im\u00f3vel vistoriado, os policiais apreenderam facas que foram encaminhadas \u00e0 per\u00edcia para an\u00e1lise t\u00e9cnico-cient\u00edfica.<\/p>\n<p style=\"text-align: justify;\">Na madrugada de s\u00e1bado (12), o suspeito foi localizado e preso na cidade de Osvaldo Cruz, no bairro Vila Esperan\u00e7a.<\/p>\n<p style=\"text-align: justify;\">Nesta ter\u00e7a-feira (15), o acusado foi conduzido at\u00e9 a sede das Unidades Especializadas DIG\/DISE de Dracena, onde foi formalmente interrogado. Ele permanecer\u00e1 preso pelo prazo de 30 dias, conforme a pris\u00e3o tempor\u00e1ria decretada, podendo esta ser prorrogada ou convertida em pris\u00e3o preventiva.<\/p>\n<p style=\"text-align: justify;\">O nome da opera\u00e7\u00e3o, \u201cSombras das Drogas\u201d, faz refer\u00eancia aos impactos negativos que o consumo nocivo de entorpecentes pode causar, sendo, muitas vezes, pano de fundo para a pr\u00e1tica de crimes violentos.<\/p>\n<p><img loading=\"lazy\" decoding=\"async\" class=\"alignnone size-full wp-image-94098\" src=\"https:\/\/jorgezanoni.com.br\/2019\/wp-content\/uploads\/2025\/04\/pc1-Pequeno.jpg\" alt=\"\" width=\"457\" height=\"480\" srcset=\"https:\/\/jorgezanoni.com.br\/2019\/wp-content\/uploads\/2025\/04\/pc1-Pequeno.jpg 457w, https:\/\/jorgezanoni.com.br\/2019\/wp-content\/uploads\/2025\/04\/pc1-Pequeno-286x300.jpg 286w, https:\/\/jorgezanoni.com.br\/2019\/wp-content\/uploads\/2025\/04\/pc1-Pequeno-400x420.jpg 400w\" sizes=\"auto, (max-width: 457px) 100vw, 457px\" \/><\/p>\n<p>Fonte: Com. Social Pol\u00edcia Civil<\/p>\n","protected":false},"excerpt":{"rendered":"<p>O crime aconteceu na \u00faltima ter\u00e7a-feira (8), em uma resid\u00eancia localizada na Rua Vendramin, no bairro Vila Luc\u00e9lia, em Dracena. A Pol\u00edcia Civil do Estado de S\u00e3o Paulo, por interm\u00e9dio das Unidades Especializadas DIG\/DISE, esclareceu nesta ter\u00e7a-feira (15) a autoria de um crime de homic\u00eddio ocorrido em Dracena. A v\u00edtima, um homem de 42 anos, [&hellip;]<\/p>\n","protected":false},"author":1,"featured_media":94099,"comment_status":"closed","ping_status":"open","sticky":false,"template":"","format":"standard","meta":{"footnotes":""},"categories":[110,2],"tags":[],"class_list":["post-94097","post","type-post","status-publish","format-standard","has-post-thumbnail","hentry","category-noticiasdestaque","category-policial"],"_links":{"self":[{"href":"https:\/\/jorgezanoni.com.br\/2019\/wp-json\/wp\/v2\/posts\/94097","targetHints":{"allow":["GET"]}}],"collection":[{"href":"https:\/\/jorgezanoni.com.br\/2019\/wp-json\/wp\/v2\/posts"}],"about":[{"href":"https:\/\/jorgezanoni.com.br\/2019\/wp-json\/wp\/v2\/types\/post"}],"author":[{"embeddable":true,"href":"https:\/\/jorgezanoni.com.br\/2019\/wp-json\/wp\/v2\/users\/1"}],"replies":[{"embeddable":true,"href":"https:\/\/jorgezanoni.com.br\/2019\/wp-json\/wp\/v2\/comments?post=94097"}],"version-history":[{"count":1,"href":"https:\/\/jorgezanoni.com.br\/2019\/wp-json\/wp\/v2\/posts\/94097\/revisions"}],"predecessor-version":[{"id":94101,"href":"https:\/\/jorgezanoni.com.br\/2019\/wp-json\/wp\/v2\/posts\/94097\/revisions\/94101"}],"wp:featuredmedia":[{"embeddable":true,"href":"https:\/\/jorgezanoni.com.br\/2019\/wp-json\/wp\/v2\/media\/94099"}],"wp:attachment":[{"href":"https:\/\/jorgezanoni.com.br\/2019\/wp-json\/wp\/v2\/media?parent=94097"}],"wp:term":[{"taxonomy":"category","embeddable":true,"href":"https:\/\/jorgezanoni.com.br\/2019\/wp-json\/wp\/v2\/categories?post=94097"},{"taxonomy":"post_tag","embeddable":true,"href":"https:\/\/jorgezanoni.com.br\/2019\/wp-json\/wp\/v2\/tags?post=94097"}],"curies":[{"name":"wp","href":"https:\/\/api.w.org\/{rel}","templated":true}]}}