{"id":94092,"date":"2025-04-15T22:46:45","date_gmt":"2025-04-15T22:46:45","guid":{"rendered":"https:\/\/jorgezanoni.com.br\/2019\/?p=94092"},"modified":"2025-04-15T22:46:45","modified_gmt":"2025-04-15T22:46:45","slug":"operacao-intimus-policiais-civis-de-sp-e-go-apreendem-dispositivos-eletronicos-de-investigado-por-ameacas-e-divulgacao-de-imagens-intimas","status":"publish","type":"post","link":"https:\/\/jorgezanoni.com.br\/2019\/operacao-intimus-policiais-civis-de-sp-e-go-apreendem-dispositivos-eletronicos-de-investigado-por-ameacas-e-divulgacao-de-imagens-intimas\/","title":{"rendered":"&#8220;OPERA\u00c7\u00c3O INTIMUS&#8221;: Policiais Civis de SP e GO apreendem dispositivos eletr\u00f4nicos de investigado por amea\u00e7as e divulga\u00e7\u00e3o de imagens \u00edntimas"},"content":{"rendered":"<p style=\"text-align: justify;\"><strong>Durante a a\u00e7\u00e3o, foram apreendidos dois notebooks e um aparelho celular nas cidades de Para\u00fana e Rio Verde, em Goi\u00e1s.<\/strong><\/p>\n<p style=\"text-align: justify;\">A Pol\u00edcia Civil do Estado de S\u00e3o Paulo, por interm\u00e9dio da Delegacia de Defesa da Mulher (DDM) de Dracena, deflagrou nesta ter\u00e7a-feira (15) a \u201cOpera\u00e7\u00e3o Intimus\u201d, com o objetivo de cumprir mandados de busca e apreens\u00e3o domiciliar em investiga\u00e7\u00e3o que apura crimes de amea\u00e7a e inj\u00faria. A a\u00e7\u00e3o contou com apoio da Delegacia Especializada no Atendimento \u00e0 Mulher (DEAM) de Rio Verde e da Delegacia de Pol\u00edcia de Para\u00fana, ambas do Estado de Goi\u00e1s.<\/p>\n<p style=\"text-align: justify;\">Os mandados foram cumpridos nas cidades goianas de Rio Verde e Para\u00fana, resultando na apreens\u00e3o de dois notebooks e um telefone celular, que ser\u00e3o submetidos a per\u00edcia t\u00e9cnica para extra\u00e7\u00e3o de dados e elabora\u00e7\u00e3o de laudo pericial, contribuindo com a continuidade das investiga\u00e7\u00f5es.<\/p>\n<p style=\"text-align: justify;\">O inqu\u00e9rito policial foi instaurado pela DDM de Dracena ap\u00f3s uma mulher procurar a unidade especializada relatando estar sendo amea\u00e7ada e ofendida por um ex-namorado. Segundo a v\u00edtima, o investigado passou a enviar mensagens ofensivas e a fazer liga\u00e7\u00f5es amea\u00e7adoras, nas quais dizia possuir e poder divulgar conte\u00fados de car\u00e1ter \u00edntimo da v\u00edtima.<\/p>\n<p style=\"text-align: justify;\">Diante da gravidade dos fatos e visando resguardar a integridade f\u00edsica, emocional e moral da ofendida, a autoridade policial representou ao Poder Judici\u00e1rio pelo cumprimento de mandados de busca e apreens\u00e3o, com parecer favor\u00e1vel do Minist\u00e9rio P\u00fablico e posterior deferimento judicial.<\/p>\n<p style=\"text-align: justify;\">A opera\u00e7\u00e3o foi executada de forma integrada pelas Pol\u00edcias Civis de S\u00e3o Paulo e Goi\u00e1s, demonstrando a efic\u00e1cia da coopera\u00e7\u00e3o interestadual no enfrentamento \u00e0 viol\u00eancia contra a mulher.<\/p>\n<p style=\"text-align: justify;\">O nome \u201cOpera\u00e7\u00e3o Intimus\u201d faz refer\u00eancia \u00e0 prote\u00e7\u00e3o da intimidade da v\u00edtima, princ\u00edpio fundamental assegurado pela Constitui\u00e7\u00e3o Federal e refor\u00e7ado pela legisla\u00e7\u00e3o vigente no combate \u00e0 viol\u00eancia de g\u00eanero.<\/p>\n<p><img loading=\"lazy\" decoding=\"async\" class=\"alignnone size-full wp-image-94094\" src=\"https:\/\/jorgezanoni.com.br\/2019\/wp-content\/uploads\/2025\/04\/inti-Pequeno.jpg\" alt=\"\" width=\"640\" height=\"480\" srcset=\"https:\/\/jorgezanoni.com.br\/2019\/wp-content\/uploads\/2025\/04\/inti-Pequeno.jpg 640w, https:\/\/jorgezanoni.com.br\/2019\/wp-content\/uploads\/2025\/04\/inti-Pequeno-300x225.jpg 300w, https:\/\/jorgezanoni.com.br\/2019\/wp-content\/uploads\/2025\/04\/inti-Pequeno-80x60.jpg 80w, https:\/\/jorgezanoni.com.br\/2019\/wp-content\/uploads\/2025\/04\/inti-Pequeno-265x198.jpg 265w, https:\/\/jorgezanoni.com.br\/2019\/wp-content\/uploads\/2025\/04\/inti-Pequeno-560x420.jpg 560w\" sizes=\"auto, (max-width: 640px) 100vw, 640px\" \/><\/p>\n<p>Fonte: Com. Social Pol\u00edcia Civil<\/p>\n","protected":false},"excerpt":{"rendered":"<p>Durante a a\u00e7\u00e3o, foram apreendidos dois notebooks e um aparelho celular nas cidades de Para\u00fana e Rio Verde, em Goi\u00e1s. A Pol\u00edcia Civil do Estado de S\u00e3o Paulo, por interm\u00e9dio da Delegacia de Defesa da Mulher (DDM) de Dracena, deflagrou nesta ter\u00e7a-feira (15) a \u201cOpera\u00e7\u00e3o Intimus\u201d, com o objetivo de cumprir mandados de busca e [&hellip;]<\/p>\n","protected":false},"author":1,"featured_media":94093,"comment_status":"closed","ping_status":"open","sticky":false,"template":"","format":"standard","meta":{"footnotes":""},"categories":[110,2],"tags":[],"class_list":["post-94092","post","type-post","status-publish","format-standard","has-post-thumbnail","hentry","category-noticiasdestaque","category-policial"],"_links":{"self":[{"href":"https:\/\/jorgezanoni.com.br\/2019\/wp-json\/wp\/v2\/posts\/94092","targetHints":{"allow":["GET"]}}],"collection":[{"href":"https:\/\/jorgezanoni.com.br\/2019\/wp-json\/wp\/v2\/posts"}],"about":[{"href":"https:\/\/jorgezanoni.com.br\/2019\/wp-json\/wp\/v2\/types\/post"}],"author":[{"embeddable":true,"href":"https:\/\/jorgezanoni.com.br\/2019\/wp-json\/wp\/v2\/users\/1"}],"replies":[{"embeddable":true,"href":"https:\/\/jorgezanoni.com.br\/2019\/wp-json\/wp\/v2\/comments?post=94092"}],"version-history":[{"count":1,"href":"https:\/\/jorgezanoni.com.br\/2019\/wp-json\/wp\/v2\/posts\/94092\/revisions"}],"predecessor-version":[{"id":94096,"href":"https:\/\/jorgezanoni.com.br\/2019\/wp-json\/wp\/v2\/posts\/94092\/revisions\/94096"}],"wp:featuredmedia":[{"embeddable":true,"href":"https:\/\/jorgezanoni.com.br\/2019\/wp-json\/wp\/v2\/media\/94093"}],"wp:attachment":[{"href":"https:\/\/jorgezanoni.com.br\/2019\/wp-json\/wp\/v2\/media?parent=94092"}],"wp:term":[{"taxonomy":"category","embeddable":true,"href":"https:\/\/jorgezanoni.com.br\/2019\/wp-json\/wp\/v2\/categories?post=94092"},{"taxonomy":"post_tag","embeddable":true,"href":"https:\/\/jorgezanoni.com.br\/2019\/wp-json\/wp\/v2\/tags?post=94092"}],"curies":[{"name":"wp","href":"https:\/\/api.w.org\/{rel}","templated":true}]}}