{"id":94089,"date":"2025-04-15T21:53:16","date_gmt":"2025-04-15T21:53:16","guid":{"rendered":"https:\/\/jorgezanoni.com.br\/2019\/?p=94089"},"modified":"2025-04-15T21:53:16","modified_gmt":"2025-04-15T21:53:16","slug":"agrishow-2025-sicredi-renova-patrocinio-para-fortalecer-agronegocio","status":"publish","type":"post","link":"https:\/\/jorgezanoni.com.br\/2019\/agrishow-2025-sicredi-renova-patrocinio-para-fortalecer-agronegocio\/","title":{"rendered":"Agrishow 2025: Sicredi renova patroc\u00ednio para fortalecer agroneg\u00f3cio"},"content":{"rendered":"<p style=\"text-align: justify;\" align=\"center\"><strong><i>Maior financiador privado do agro no Brasil, com carteira total de R$ 101 bilh\u00f5es, institui\u00e7\u00e3o financeira cooperativa estar\u00e1 presente em Ribeir\u00e3o Preto, de 28 de abril a 2 de maio.<\/i><\/strong><\/p>\n<p style=\"text-align: justify;\">Com mais de 9 milh\u00f5es de associados em todo o Brasil, o Sicredi estar\u00e1 presente na 30\u00aa edi\u00e7\u00e3o da Agrishow, uma das maiores feiras agr\u00edcolas do mundo, que ser\u00e1 realizada de 28 de abril a 2 de maio, em Ribeir\u00e3o Preto (SP). Com 2,8 mil ag\u00eancias espalhadas pelo pa\u00eds \u2014 400 delas no estado de S\u00e3o Paulo \u2014, o Sicredi, patrocinador do evento e principal agente privado de cr\u00e9dito do agroneg\u00f3cio, levar\u00e1 \u00e0 feira solu\u00e7\u00f5es financeiras voltadas ao fortalecimento e desenvolvimento do setor.<\/p>\n<p style=\"text-align: justify;\">&#8220;Participar da Agrishow \u00e9 uma oportunidade importante para estreitar nossa rela\u00e7\u00e3o com o segmento agr\u00edcola e apresentar nosso pacote de solu\u00e7\u00f5es financeiras voltadas \u00e0 produtividade e ao desenvolvimento no campo. Por meio de cons\u00f3rcios, seguros e linhas de cr\u00e9dito, o Sicredi busca compreender a realidade do produtor rural, ouvir suas demandas e oferecer alternativas adequadas, de acordo com seu momento e suas necessidades&#8221;, afirma o gerente de Desenvolvimento de Neg\u00f3cios da Central Sicredi PR\/SP\/RJ, Gilson Farias.<\/p>\n<p style=\"text-align: justify;\"><strong>Lideran\u00e7a no cr\u00e9dito rural e pioneirismo no programa Pr\u00f3-Trator<\/strong><\/p>\n<p style=\"text-align: justify;\">Com mais de um s\u00e9culo de atua\u00e7\u00e3o junto ao campo, o Sicredi \u00e9 hoje a principal institui\u00e7\u00e3o privada em cr\u00e9dito rural no Brasil. Em 2024, sua carteira de cr\u00e9dito agro alcan\u00e7ou R$ 101 bilh\u00f5es, um crescimento de 21% em rela\u00e7\u00e3o ao ano anterior. A institui\u00e7\u00e3o liderou os repasses do BNDES, com R$ 12,2 bilh\u00f5es, dos quais R$ 8,4 bilh\u00f5es foram destinados a programas agropecu\u00e1rios. Sua relev\u00e2ncia no setor se reflete em parcerias estrat\u00e9gicas, na amplia\u00e7\u00e3o do acesso ao cr\u00e9dito e na atua\u00e7\u00e3o como a primeira institui\u00e7\u00e3o financeira a operar o programa Pr\u00f3-Trator, lan\u00e7ado em maio de 2024 pelo Governo do Estado de S\u00e3o Paulo. Para 2025, a previs\u00e3o \u00e9 de que o Sicredi libere aproximadamente R$ 50 milh\u00f5es por meio dessa linha exclusiva para agricultores paulistas. &#8220;Nosso objetivo \u00e9 oferecer condi\u00e7\u00f5es ideais para que os produtores ampliem sua competitividade e incorporem inova\u00e7\u00f5es \u00e0s suas atividades no campo&#8221;, refor\u00e7a Gilson Farias.<\/p>\n<p style=\"text-align: justify;\"><strong>Cons\u00f3rcio em destaque: carteira chega a R$ 50 bilh\u00f5es<\/strong><\/p>\n<p style=\"text-align: justify;\">O cons\u00f3rcio, alternativa para aquisi\u00e7\u00e3o de m\u00e1quinas, ve\u00edculos e im\u00f3veis, tamb\u00e9m ganha relev\u00e2ncia no portf\u00f3lio do Sicredi. Em 2024, foram comercializados R$ 14,8 bilh\u00f5es, um crescimento de 31,9%, elevando a carteira sob gest\u00e3o para R$ 50 bilh\u00f5es. &#8220;Para os associados que n\u00e3o t\u00eam urg\u00eancia na aquisi\u00e7\u00e3o do bem, o cons\u00f3rcio \u00e9 uma excelente op\u00e7\u00e3o, pois implica menores custos financeiros e taxas mais atrativas&#8221;, afirma o gerente de Desenvolvimento de Neg\u00f3cios da Central Sicredi PR\/SP\/RJ, Devanir Brisola. Na outra frente, voltada \u00e0 prote\u00e7\u00e3o e \u00e0 continuidade das atividades no campo, o Sicredi vem ampliando sua atua\u00e7\u00e3o por meio dos seguros, considerados importantes mecanismos de gerenciamento de riscos para o produtor rural. Segundo Devanir, o Sicredi levar\u00e1 \u00e0 feira solu\u00e7\u00f5es e coberturas completas para prote\u00e7\u00e3o contra os mais variados riscos, garantindo a manuten\u00e7\u00e3o das opera\u00e7\u00f5es agr\u00edcolas.<\/p>\n<p style=\"text-align: justify;\">A presen\u00e7a na Agrishow refor\u00e7a o compromisso do Sicredi com a evolu\u00e7\u00e3o do agroneg\u00f3cio nacional, promovendo inova\u00e7\u00e3o, produtividade e sustentabilidade no setor.<\/p>\n<p style=\"text-align: justify;\"><strong>Servi\u00e7o<\/strong><\/p>\n<p style=\"text-align: justify;\"><strong>Agrishow 2025<\/strong><b><br \/>\n<\/b>Data: de 28 de abril a 2 de maio<br \/>\nHor\u00e1rio: das 8h \u00e0s 18h<br \/>\nLocal: Rodovia Prefeito Ant\u00f4nio Duarte Nogueira, Km 321, Ribeir\u00e3o Preto (SP)<br \/>\nSite:\u00a0<a href=\"https:\/\/www.agrishow.com.br\/\" target=\"_blank\" rel=\"noopener noreferrer\">www.agrishow.com.br<\/a><\/p>\n<p class=\"v1MsoNormal\" style=\"text-align: justify;\"><strong>Coletiva de Imprensa Sicredi<\/strong><b><br \/>\n<\/b>Data: 30 de abril<br \/>\nHor\u00e1rio: 10h30<br \/>\nLocal: Estande do Sicredi\u00a0<b><i><\/i><\/b><\/p>\n<p class=\"v1MsoNormal\" style=\"text-align: justify;\"><b><i>Sobre o Sicredi<\/i><\/b><i><\/i><\/p>\n<p class=\"v1MsoNormal\" style=\"text-align: justify;\"><i>O Sicredi \u00e9 uma institui\u00e7\u00e3o financeira cooperativa comprometida com o crescimento de seus associados e com o desenvolvimento das regi\u00f5es onde atua. Possui um modelo de gest\u00e3o que valoriza a participa\u00e7\u00e3o dos mais de 9 milh\u00f5es de associados, que exercem o papel de donos do neg\u00f3cio. Com mais de 2.800 ag\u00eancias, o Sicredi est\u00e1 presente fisicamente em todos os estados brasileiros e no Distrito Federal, disponibilizando uma gama completa de solu\u00e7\u00f5es financeiras e n\u00e3o financeiras.<\/i><\/p>\n<p class=\"v1MsoNormal\"><b><i>Site do Sicredi:\u00a0<a href=\"http:\/\/www.sicredi.com.br\/\" target=\"_blank\" rel=\"noopener noreferrer\">www.sicredi.com.br<\/a><\/i><\/b><\/p>\n<p class=\"v1MsoNormal\"><b><i>Redes Sociais:\u00a0<\/i><\/b><em><b><u><span lang=\"EN-US\"><a href=\"http:\/\/www.facebook.com\/sicredicentrooestepaulista\" target=\"_blank\" rel=\"noopener noreferrer\"><i><span lang=\"PT-BR\">Facebook<\/span><\/i><\/a><\/span><\/u><\/b><\/em><em>\u00a0|<\/em>\u00a0<em><b><u><span lang=\"EN-US\"><a href=\"https:\/\/www.linkedin.com\/company\/sicredi-centro-oeste-paulista\/\" target=\"_blank\" rel=\"noopener noreferrer\"><i><span lang=\"PT-BR\">LinkedIn<\/span><\/i><\/a><\/span><\/u><\/b><\/em><em>\u00a0|<\/em>\u00a0<em><b><u><span lang=\"EN-US\"><a href=\"http:\/\/www.youtube.com\/sicredicentrooestepaulista\" target=\"_blank\" rel=\"noopener noreferrer\"><i><span lang=\"PT-BR\">YouTube<\/span><\/i><\/a><\/span><\/u><\/b><\/em><span lang=\"EN-US\">\u00a0<\/span><em>|\u00a0<\/em><em><b><u><span lang=\"EN-US\"><a href=\"http:\/\/www.instagram.com\/sicredicentrooestepaulista\" target=\"_blank\" rel=\"noopener noreferrer\"><i><span lang=\"PT-BR\">Instagram<\/span><\/i><\/a><\/span><\/u><\/b><\/em><\/p>\n","protected":false},"excerpt":{"rendered":"<p>Maior financiador privado do agro no Brasil, com carteira total de R$ 101 bilh\u00f5es, institui\u00e7\u00e3o financeira cooperativa estar\u00e1 presente em Ribeir\u00e3o Preto, de 28 de abril a 2 de maio. Com mais de 9 milh\u00f5es de associados em todo o Brasil, o Sicredi estar\u00e1 presente na 30\u00aa edi\u00e7\u00e3o da Agrishow, uma das maiores feiras agr\u00edcolas [&hellip;]<\/p>\n","protected":false},"author":1,"featured_media":94090,"comment_status":"closed","ping_status":"open","sticky":false,"template":"","format":"standard","meta":{"footnotes":""},"categories":[110,116],"tags":[],"class_list":["post-94089","post","type-post","status-publish","format-standard","has-post-thumbnail","hentry","category-noticiasdestaque","category-politicaeeconomia"],"_links":{"self":[{"href":"https:\/\/jorgezanoni.com.br\/2019\/wp-json\/wp\/v2\/posts\/94089","targetHints":{"allow":["GET"]}}],"collection":[{"href":"https:\/\/jorgezanoni.com.br\/2019\/wp-json\/wp\/v2\/posts"}],"about":[{"href":"https:\/\/jorgezanoni.com.br\/2019\/wp-json\/wp\/v2\/types\/post"}],"author":[{"embeddable":true,"href":"https:\/\/jorgezanoni.com.br\/2019\/wp-json\/wp\/v2\/users\/1"}],"replies":[{"embeddable":true,"href":"https:\/\/jorgezanoni.com.br\/2019\/wp-json\/wp\/v2\/comments?post=94089"}],"version-history":[{"count":1,"href":"https:\/\/jorgezanoni.com.br\/2019\/wp-json\/wp\/v2\/posts\/94089\/revisions"}],"predecessor-version":[{"id":94091,"href":"https:\/\/jorgezanoni.com.br\/2019\/wp-json\/wp\/v2\/posts\/94089\/revisions\/94091"}],"wp:featuredmedia":[{"embeddable":true,"href":"https:\/\/jorgezanoni.com.br\/2019\/wp-json\/wp\/v2\/media\/94090"}],"wp:attachment":[{"href":"https:\/\/jorgezanoni.com.br\/2019\/wp-json\/wp\/v2\/media?parent=94089"}],"wp:term":[{"taxonomy":"category","embeddable":true,"href":"https:\/\/jorgezanoni.com.br\/2019\/wp-json\/wp\/v2\/categories?post=94089"},{"taxonomy":"post_tag","embeddable":true,"href":"https:\/\/jorgezanoni.com.br\/2019\/wp-json\/wp\/v2\/tags?post=94089"}],"curies":[{"name":"wp","href":"https:\/\/api.w.org\/{rel}","templated":true}]}}