{"id":94073,"date":"2025-04-14T15:36:18","date_gmt":"2025-04-14T15:36:18","guid":{"rendered":"https:\/\/jorgezanoni.com.br\/2019\/?p=94073"},"modified":"2025-04-14T15:36:18","modified_gmt":"2025-04-14T15:36:18","slug":"cronologia-da-pascoa-o-caminho-do-cordeiro-por-pr-rafael-assiz","status":"publish","type":"post","link":"https:\/\/jorgezanoni.com.br\/2019\/cronologia-da-pascoa-o-caminho-do-cordeiro-por-pr-rafael-assiz\/","title":{"rendered":"CRONOLOGIA DA P\u00c1SCOA: O caminho do Cordeiro (por Pr. Rafael Assiz)"},"content":{"rendered":"<p style=\"text-align: justify;\"><strong><u>CRONOLOGIA DA P\u00c1SCOA: O CAMINHO DO CORDEIRO<\/u><\/strong><\/p>\n<p style=\"text-align: justify;\">A P\u00e1scoa crist\u00e3 n\u00e3o \u00e9 somente uma data no calend\u00e1rio religioso. \u00c9 a vida espiritual que revela o cora\u00e7\u00e3o do Evangelho: a paix\u00e3o, morte e ressurrei\u00e7\u00e3o de Jesus Cristo. Observe a cronologia dessa semana santa a \u00e0 luz da B\u00edblia e veja a esperan\u00e7a eterna que ela anuncia.<\/p>\n<p style=\"text-align: justify;\"><strong>DOMINGO DE RAMOS \u2013 A ENTRADA TRIUNFAL <\/strong><\/p>\n<p style=\"text-align: justify;\">(Mt 21:1-11; Mc 11:1-11; Lc 19:28-44; Jo 12:12-19)<\/p>\n<p style=\"text-align: justify;\">Jesus entra em Jerusal\u00e9m montado em um jumentinho, cumprindo a antiga profecia de Zacarias (9:9). A multid\u00e3o o aclama com ramos e canta \u201cHosana\u201d, esperando um libertador pol\u00edtico. No entanto, o Rei que ali chega \u00e9 manso e humilde; n\u00e3o vem com espada, mas com a cruz. Ele redefine a realeza messi\u00e2nica: seu trono ser\u00e1 o Calv\u00e1rio, e sua coroa, de espinhos. O Reino de Deus come\u00e7a com a humildade e se consuma na entrega.<\/p>\n<p style=\"text-align: justify;\"><strong>SEGUNDA A QUARTA-FEIRA \u2013 CONFRONTOS E ENSINAMENTOS NO TEMPLO <\/strong><\/p>\n<p style=\"text-align: justify;\">(Mt 21\u201325; Mc 11\u201313; Lc 20\u201321)<\/p>\n<p style=\"text-align: justify;\">A figueira \u00e9 amaldi\u00e7oada (Mt 21:18-19) e o templo, purificado (Mt 21:12-17). O ju\u00edzo come\u00e7a pela casa de Deus. Cristo denuncia a religiosidade est\u00e9ril e a f\u00e9 que perdeu o fruto da obedi\u00eancia. O mesmo Deus que se deixa tocar pelos humildes confronta os que manipulam a f\u00e9 por poder.<\/p>\n<p style=\"text-align: justify;\">Foram dias carregados de ensino. No templo, Jesus fala em par\u00e1bolas, anuncia o ju\u00edzo e revela os sinais do fim (Mt 25). \u00c9 o Cristo que ensina, que alerta, que prepara seus disc\u00edpulos para tempos dif\u00edceis, mas tamb\u00e9m para a gl\u00f3ria que vir\u00e1. Ele n\u00e3o apenas ensina \u2014 Ele confronta, sacode estruturas e anuncia um novo tempo, onde Deus n\u00e3o habita em templos de pedra, mas em cora\u00e7\u00f5es.<\/p>\n<p style=\"text-align: justify;\"><strong>QUINTA-FEIRA \u2013 A \u00daLTIMA CEIA E O GETS\u00caMANI <\/strong><\/p>\n<p style=\"text-align: justify;\">(Mt 26; Mc 14; Lc 22; Jo 13\u201317)<\/p>\n<p style=\"text-align: justify;\">Na noite da trai\u00e7\u00e3o, Jesus compartilha a ceia com os disc\u00edpulos e estabelece a Nova Alian\u00e7a em seu sangue (Lc 22:20). O p\u00e3o e o vinho ganham novo significado: s\u00e3o seu corpo entregue e seu sangue derramado. No Gets\u00eamani, Jesus ora em agonia. O c\u00e1lice que Ele toma \u00e9 o da ira divina (Is 51:17). Sua ora\u00e7\u00e3o submissa \u2014 \u201cseja feita a tua vontade\u201d \u2014 revela sua obedi\u00eancia plena (Fp 2:8), condi\u00e7\u00e3o essencial para nossa justifica\u00e7\u00e3o. O Filho do Homem \u00e9 entregue como cordeiro ao matadouro.<\/p>\n<p style=\"text-align: justify;\"><strong>SEXTA-FEIRA \u2013 JULGAMENTO, CRUCIFICA\u00c7\u00c3O E MORTE <\/strong><\/p>\n<p style=\"text-align: justify;\">(Mt 27; Mc 15; Lc 23; Jo 18\u201319)<\/p>\n<p style=\"text-align: justify;\">Jesus \u00e9 tra\u00eddo, julgado, condenado e crucificado. Suas \u00faltimas palavras \u2014 \u201cEst\u00e1 consumado\u201d \u2014 ecoam como o brado da vit\u00f3ria sobre o pecado. Na cruz, Ele \u00e9 o Cordeiro Pascal (1Co 5:7), que carrega a culpa da humanidade (2Co 5:21; Gl 3:13). A ruptura do v\u00e9u do templo (Mt 27:51) anuncia o novo e vivo caminho para o Pai. A cruz \u00e9 mais que instrumento de dor: \u00e9 altar de reconcilia\u00e7\u00e3o. Ali, justi\u00e7a e amor se encontram. Ali, tudo se cumpre.<\/p>\n<p style=\"text-align: justify;\"><strong>S\u00c1BADO \u2013 O SIL\u00caNCIO E A ESPERA <\/strong><\/p>\n<p style=\"text-align: justify;\">(Mt 27:62-66; Lc 23:56)<\/p>\n<p style=\"text-align: justify;\">O s\u00e1bado \u00e9 o dia do sil\u00eancio. Cristo est\u00e1 morto, e o mundo parece suspenso. \u00c9 o tempo entre a promessa e o cumprimento. O s\u00e1bado simboliza a tens\u00e3o escatol\u00f3gica da f\u00e9: a vit\u00f3ria foi conquistada, mas ainda n\u00e3o plenamente revelada.<\/p>\n<p style=\"text-align: justify;\"><strong>DOMINGO \u2013 A RESSURREI\u00c7\u00c3O <\/strong><\/p>\n<p style=\"text-align: justify;\">(Mt 28; Mc 16; Lc 24; Jo 20)<\/p>\n<p style=\"text-align: justify;\">O t\u00famulo est\u00e1 vazio. Cristo ressuscitou! A morte foi vencida, e a vida triunfou. A ressurrei\u00e7\u00e3o confirma sua identidade como Filho de Deus (Rm 1:4), inaugura uma nova era na hist\u00f3ria da salva\u00e7\u00e3o (1Co 15:20-22) e garante a ressurrei\u00e7\u00e3o futura dos crentes (Rm 6:5). Ela \u00e9 o selo de Deus sobre o sacrif\u00edcio do Filho \u2014 n\u00e3o um s\u00edmbolo espiritual, mas um evento real, hist\u00f3rico, corporal e transformador. \u00c9 o fundamento da f\u00e9 crist\u00e3!<\/p>\n<p style=\"text-align: justify;\">A P\u00e1scoa nos chama a olhar para a cruz e para o t\u00famulo vazio. Nos convida a caminhar com o Cordeiro \u2014 da dor \u00e0 gl\u00f3ria, do sil\u00eancio \u00e0 vida. A cruz foi o palco onde Deus exp\u00f4s ao mundo o seu amor.<\/p>\n<p>Pr. Rafael Assiz <strong>@rafaelassiz<\/strong><\/p>\n<p>Escritor, Te\u00f3logo, Mestrando em Ci\u00eancias da Religi\u00e3o (UMESP)<\/p>\n<p>P\u00f3s-graduado em Teologia e Interpreta\u00e7\u00e3o B\u00edblica, Estudos B\u00edblicos no Novo Testamento e Aconselhamento e Psicologia Pastoral.<\/p>\n<p>&nbsp;<\/p>\n<p>&nbsp;<\/p>\n","protected":false},"excerpt":{"rendered":"<p>CRONOLOGIA DA P\u00c1SCOA: O CAMINHO DO CORDEIRO A P\u00e1scoa crist\u00e3 n\u00e3o \u00e9 somente uma data no calend\u00e1rio religioso. \u00c9 a vida espiritual que revela o cora\u00e7\u00e3o do Evangelho: a paix\u00e3o, morte e ressurrei\u00e7\u00e3o de Jesus Cristo. Observe a cronologia dessa semana santa a \u00e0 luz da B\u00edblia e veja a esperan\u00e7a eterna que ela anuncia. [&hellip;]<\/p>\n","protected":false},"author":1,"featured_media":94074,"comment_status":"closed","ping_status":"open","sticky":false,"template":"","format":"standard","meta":{"footnotes":""},"categories":[175],"tags":[],"class_list":["post-94073","post","type-post","status-publish","format-standard","has-post-thumbnail","hentry","category-artigos"],"_links":{"self":[{"href":"https:\/\/jorgezanoni.com.br\/2019\/wp-json\/wp\/v2\/posts\/94073","targetHints":{"allow":["GET"]}}],"collection":[{"href":"https:\/\/jorgezanoni.com.br\/2019\/wp-json\/wp\/v2\/posts"}],"about":[{"href":"https:\/\/jorgezanoni.com.br\/2019\/wp-json\/wp\/v2\/types\/post"}],"author":[{"embeddable":true,"href":"https:\/\/jorgezanoni.com.br\/2019\/wp-json\/wp\/v2\/users\/1"}],"replies":[{"embeddable":true,"href":"https:\/\/jorgezanoni.com.br\/2019\/wp-json\/wp\/v2\/comments?post=94073"}],"version-history":[{"count":1,"href":"https:\/\/jorgezanoni.com.br\/2019\/wp-json\/wp\/v2\/posts\/94073\/revisions"}],"predecessor-version":[{"id":94075,"href":"https:\/\/jorgezanoni.com.br\/2019\/wp-json\/wp\/v2\/posts\/94073\/revisions\/94075"}],"wp:featuredmedia":[{"embeddable":true,"href":"https:\/\/jorgezanoni.com.br\/2019\/wp-json\/wp\/v2\/media\/94074"}],"wp:attachment":[{"href":"https:\/\/jorgezanoni.com.br\/2019\/wp-json\/wp\/v2\/media?parent=94073"}],"wp:term":[{"taxonomy":"category","embeddable":true,"href":"https:\/\/jorgezanoni.com.br\/2019\/wp-json\/wp\/v2\/categories?post=94073"},{"taxonomy":"post_tag","embeddable":true,"href":"https:\/\/jorgezanoni.com.br\/2019\/wp-json\/wp\/v2\/tags?post=94073"}],"curies":[{"name":"wp","href":"https:\/\/api.w.org\/{rel}","templated":true}]}}