{"id":94065,"date":"2025-04-14T13:45:43","date_gmt":"2025-04-14T13:45:43","guid":{"rendered":"https:\/\/jorgezanoni.com.br\/2019\/?p=94065"},"modified":"2025-04-14T19:12:44","modified_gmt":"2025-04-14T19:12:44","slug":"motociclista-morre-em-local-de-diversos-acidentes-no-centro-de-dracena","status":"publish","type":"post","link":"https:\/\/jorgezanoni.com.br\/2019\/motociclista-morre-em-local-de-diversos-acidentes-no-centro-de-dracena\/","title":{"rendered":"Motociclista morre em local de diversos acidentes no centro de Dracena"},"content":{"rendered":"<div class=\"xdj266r x11i5rnm xat24cr x1mh8g0r x1vvkbs x126k92a\">\n<div dir=\"auto\" style=\"text-align: justify;\">Acidente com morte do motociclista Fernando Ferrarezi de Oliveira de 28 anos, acontecido nesta manh\u00e3 de segunda-feira (14) na esquina das Ruas Edison da Silveira Campos com Euclides da Cunha.<\/div>\n<div dir=\"auto\" style=\"text-align: justify;\"><\/div>\n<\/div>\n<div class=\"x11i5rnm xat24cr x1mh8g0r x1vvkbs xtlvy1s x126k92a\" style=\"text-align: justify;\">\n<div dir=\"auto\">Desgovernado, o motociclista atingiu \u00e1rvores na cal\u00e7ada e a moto foi parar no meio do cruzamento. Ficou muito sangue junto \u00e0 cal\u00e7ada.<\/div>\n<div dir=\"auto\"><\/div>\n<div dir=\"auto\">A Pol\u00edcia Civil vai investigar as circunst\u00e2ncias da ocorr\u00eancia. Testemunhas comentaram no local que a v\u00edtima teria discutido com outra pessoa antes da colis\u00e3o.<\/div>\n<div dir=\"auto\"><\/div>\n<div dir=\"auto\">Moradores ouvidos pela reportagem relataram que no local s\u00e3o registrados muitos acidentes, constantemente, e pedem provid\u00eancias com a melhoria da sinaliza\u00e7\u00e3o, incluindo redutores de velocidade.<\/div>\n<div dir=\"auto\"><\/div>\n<div dir=\"auto\">V\u00edtima Fernando Ferrarezi, dono de um lavajato em Dracena.<\/div>\n<\/div>\n<div class=\"x11i5rnm xat24cr x1mh8g0r x1vvkbs xtlvy1s x126k92a\">\n<div dir=\"auto\"><\/div>\n<\/div>\n<div dir=\"auto\">Fonte: Cl\u00e1udio Jos\u00e9\/Bastidores da Not\u00edcia<\/div>\n<div dir=\"auto\"><\/div>\n<div dir=\"auto\">Jorge Zanoni<\/div>\n","protected":false},"excerpt":{"rendered":"<p>Acidente com morte do motociclista Fernando Ferrarezi de Oliveira de 28 anos, acontecido nesta manh\u00e3 de segunda-feira (14) na esquina das Ruas Edison da Silveira Campos com Euclides da Cunha. Desgovernado, o motociclista atingiu \u00e1rvores na cal\u00e7ada e a moto foi parar no meio do cruzamento. Ficou muito sangue junto \u00e0 cal\u00e7ada. A Pol\u00edcia Civil [&hellip;]<\/p>\n","protected":false},"author":1,"featured_media":94066,"comment_status":"closed","ping_status":"open","sticky":false,"template":"","format":"standard","meta":{"footnotes":""},"categories":[170,110],"tags":[],"class_list":["post-94065","post","type-post","status-publish","format-standard","has-post-thumbnail","hentry","category-acidentes","category-noticiasdestaque"],"_links":{"self":[{"href":"https:\/\/jorgezanoni.com.br\/2019\/wp-json\/wp\/v2\/posts\/94065","targetHints":{"allow":["GET"]}}],"collection":[{"href":"https:\/\/jorgezanoni.com.br\/2019\/wp-json\/wp\/v2\/posts"}],"about":[{"href":"https:\/\/jorgezanoni.com.br\/2019\/wp-json\/wp\/v2\/types\/post"}],"author":[{"embeddable":true,"href":"https:\/\/jorgezanoni.com.br\/2019\/wp-json\/wp\/v2\/users\/1"}],"replies":[{"embeddable":true,"href":"https:\/\/jorgezanoni.com.br\/2019\/wp-json\/wp\/v2\/comments?post=94065"}],"version-history":[{"count":3,"href":"https:\/\/jorgezanoni.com.br\/2019\/wp-json\/wp\/v2\/posts\/94065\/revisions"}],"predecessor-version":[{"id":94076,"href":"https:\/\/jorgezanoni.com.br\/2019\/wp-json\/wp\/v2\/posts\/94065\/revisions\/94076"}],"wp:featuredmedia":[{"embeddable":true,"href":"https:\/\/jorgezanoni.com.br\/2019\/wp-json\/wp\/v2\/media\/94066"}],"wp:attachment":[{"href":"https:\/\/jorgezanoni.com.br\/2019\/wp-json\/wp\/v2\/media?parent=94065"}],"wp:term":[{"taxonomy":"category","embeddable":true,"href":"https:\/\/jorgezanoni.com.br\/2019\/wp-json\/wp\/v2\/categories?post=94065"},{"taxonomy":"post_tag","embeddable":true,"href":"https:\/\/jorgezanoni.com.br\/2019\/wp-json\/wp\/v2\/tags?post=94065"}],"curies":[{"name":"wp","href":"https:\/\/api.w.org\/{rel}","templated":true}]}}