{"id":94060,"date":"2025-04-14T13:33:13","date_gmt":"2025-04-14T13:33:13","guid":{"rendered":"https:\/\/jorgezanoni.com.br\/2019\/?p=94060"},"modified":"2025-04-14T13:33:13","modified_gmt":"2025-04-14T13:33:13","slug":"motociclista-fica-gravemente-ferido-em-acidente-na-esquina-das-ruas-edison-da-silveira-campos-com-euclides-da-cunha-em-dracena","status":"publish","type":"post","link":"https:\/\/jorgezanoni.com.br\/2019\/motociclista-fica-gravemente-ferido-em-acidente-na-esquina-das-ruas-edison-da-silveira-campos-com-euclides-da-cunha-em-dracena\/","title":{"rendered":"Motociclista fica gravemente ferido em acidente na esquina das Ruas Edison da Silveira Campos com Euclides da Cunha em Dracena"},"content":{"rendered":"<div class=\"xdj266r x11i5rnm xat24cr x1mh8g0r x1vvkbs x126k92a\">\n<div dir=\"auto\" style=\"text-align: justify;\"><strong>Um motociclista foi socorrido em estado grave na manh\u00e3 desta segunda-feira em fun\u00e7\u00e3o de acidente na Rua Edson da Silveira Campos, esquina com a Rua Euclides da Cunha.<\/strong><\/div>\n<div dir=\"auto\"><\/div>\n<\/div>\n<div class=\"x11i5rnm xat24cr x1mh8g0r x1vvkbs xtlvy1s x126k92a\" style=\"text-align: justify;\">\n<div dir=\"auto\">Desgovernado, o motociclista atingiu \u00e1rvores na cal\u00e7ada e a moto foi parar no meio do cruzamento. Ficou muito sangue junto \u00e0 cal\u00e7ada. A Pol\u00edcia Civil vai investigar as circunst\u00e2ncias da ocorr\u00eancia. Testemunhas comentaram no local que a v\u00edtima teria discutido com outra pessoa antes da colis\u00e3o.<\/div>\n<div dir=\"auto\"><\/div>\n<\/div>\n<div class=\"x11i5rnm xat24cr x1mh8g0r x1vvkbs xtlvy1s x126k92a\" style=\"text-align: justify;\">\n<div dir=\"auto\">Moradores ouvidos pela reportagem relataram que no local s\u00e3o registrados muitos acidentes, constantemente, e pedem provid\u00eancias com a melhoria da sinaliza\u00e7\u00e3o, incluindo redutores de velocidade.<\/div>\n<div dir=\"auto\"><\/div>\n<\/div>\n<div class=\"x11i5rnm xat24cr x1mh8g0r x1vvkbs xtlvy1s x126k92a\">\n<div dir=\"auto\" style=\"text-align: justify;\">V\u00edtima Fernando Ferrarezi, dono de um lavajato em Dracena.<\/div>\n<div dir=\"auto\"><\/div>\n<div dir=\"auto\"><img loading=\"lazy\" decoding=\"async\" class=\"alignnone size-full wp-image-94062\" src=\"https:\/\/jorgezanoni.com.br\/2019\/wp-content\/uploads\/2025\/04\/z-vitina-Pequeno.jpg\" alt=\"\" width=\"403\" height=\"480\" srcset=\"https:\/\/jorgezanoni.com.br\/2019\/wp-content\/uploads\/2025\/04\/z-vitina-Pequeno.jpg 403w, https:\/\/jorgezanoni.com.br\/2019\/wp-content\/uploads\/2025\/04\/z-vitina-Pequeno-252x300.jpg 252w, https:\/\/jorgezanoni.com.br\/2019\/wp-content\/uploads\/2025\/04\/z-vitina-Pequeno-353x420.jpg 353w\" sizes=\"auto, (max-width: 403px) 100vw, 403px\" \/><\/div>\n<\/div>\n<div dir=\"auto\"><\/div>\n<div dir=\"auto\">Fonte: Cl\u00e1udio Jos\u00e9 &#8211; Bastidores da Not\u00edcia<\/div>\n<div dir=\"auto\"><\/div>\n<div class=\"x11i5rnm xat24cr x1mh8g0r x1vvkbs xtlvy1s x126k92a\">\n<div dir=\"auto\">Jorge Zanoni<\/div>\n<\/div>\n","protected":false},"excerpt":{"rendered":"<p>Um motociclista foi socorrido em estado grave na manh\u00e3 desta segunda-feira em fun\u00e7\u00e3o de acidente na Rua Edson da Silveira Campos, esquina com a Rua Euclides da Cunha. Desgovernado, o motociclista atingiu \u00e1rvores na cal\u00e7ada e a moto foi parar no meio do cruzamento. Ficou muito sangue junto \u00e0 cal\u00e7ada. A Pol\u00edcia Civil vai investigar [&hellip;]<\/p>\n","protected":false},"author":1,"featured_media":94061,"comment_status":"closed","ping_status":"open","sticky":false,"template":"","format":"standard","meta":{"footnotes":""},"categories":[170,110],"tags":[],"class_list":["post-94060","post","type-post","status-publish","format-standard","has-post-thumbnail","hentry","category-acidentes","category-noticiasdestaque"],"_links":{"self":[{"href":"https:\/\/jorgezanoni.com.br\/2019\/wp-json\/wp\/v2\/posts\/94060","targetHints":{"allow":["GET"]}}],"collection":[{"href":"https:\/\/jorgezanoni.com.br\/2019\/wp-json\/wp\/v2\/posts"}],"about":[{"href":"https:\/\/jorgezanoni.com.br\/2019\/wp-json\/wp\/v2\/types\/post"}],"author":[{"embeddable":true,"href":"https:\/\/jorgezanoni.com.br\/2019\/wp-json\/wp\/v2\/users\/1"}],"replies":[{"embeddable":true,"href":"https:\/\/jorgezanoni.com.br\/2019\/wp-json\/wp\/v2\/comments?post=94060"}],"version-history":[{"count":1,"href":"https:\/\/jorgezanoni.com.br\/2019\/wp-json\/wp\/v2\/posts\/94060\/revisions"}],"predecessor-version":[{"id":94064,"href":"https:\/\/jorgezanoni.com.br\/2019\/wp-json\/wp\/v2\/posts\/94060\/revisions\/94064"}],"wp:featuredmedia":[{"embeddable":true,"href":"https:\/\/jorgezanoni.com.br\/2019\/wp-json\/wp\/v2\/media\/94061"}],"wp:attachment":[{"href":"https:\/\/jorgezanoni.com.br\/2019\/wp-json\/wp\/v2\/media?parent=94060"}],"wp:term":[{"taxonomy":"category","embeddable":true,"href":"https:\/\/jorgezanoni.com.br\/2019\/wp-json\/wp\/v2\/categories?post=94060"},{"taxonomy":"post_tag","embeddable":true,"href":"https:\/\/jorgezanoni.com.br\/2019\/wp-json\/wp\/v2\/tags?post=94060"}],"curies":[{"name":"wp","href":"https:\/\/api.w.org\/{rel}","templated":true}]}}