{"id":94021,"date":"2025-04-12T14:47:11","date_gmt":"2025-04-12T14:47:11","guid":{"rendered":"https:\/\/jorgezanoni.com.br\/2019\/?p=94021"},"modified":"2025-04-12T15:05:16","modified_gmt":"2025-04-12T15:05:16","slug":"suspeito-de-praticar-homicidio-em-dracena-e-preso-pela-pm-em-osvaldo-cruz","status":"publish","type":"post","link":"https:\/\/jorgezanoni.com.br\/2019\/suspeito-de-praticar-homicidio-em-dracena-e-preso-pela-pm-em-osvaldo-cruz\/","title":{"rendered":"Suspeito de praticar Homic\u00eddio em Dracena \u00e9 preso pela PM em Osvaldo Cruz"},"content":{"rendered":"<h1 class=\"mvp-post-title left entry-title\" style=\"text-align: justify;\"><strong>Homem procurado por homic\u00eddio \u00e9 preso pela PM em Osvaldo Cruz. Trata-se de S.C.F.B de 45 anos.<\/strong><\/h1>\n<div class=\"mvp-alp-soc-reg left relative\" style=\"text-align: justify;\">\n<div class=\"mvp-alp-soc-wrap\"><\/div>\n<\/div>\n<div id=\"mvp-content-main\" class=\"left relative\">\n<p style=\"text-align: justify;\">Na madrugada deste s\u00e1bado (12), a Pol\u00edcia Militar de Osvaldo Cruz prendeu um homem procurado pela Justi\u00e7a por homic\u00eddio. A pris\u00e3o ocorreu durante patrulhamento pela Vila Esperan\u00e7a.<\/p>\n<p style=\"text-align: justify;\">De acordo com a PM, ao acessarem a Rua da Liberdade, os policiais avistaram um indiv\u00edduo que, ao notar a presen\u00e7a da viatura, tentou fugir em dire\u00e7\u00e3o a uma \u00e1rea de mata. No entanto, os agentes conseguiram localiz\u00e1-lo e realizaram a abordagem.<\/p>\n<p style=\"text-align: justify;\">Durante a busca pessoal, nada de il\u00edcito foi encontrado com o suspeito. No entanto, ap\u00f3s consulta criminal, foi constatado que havia contra ele um mandado de pris\u00e3o em aberto, expedido pela Comarca de Dracena no \u00faltimo dia 10. O mandado \u00e9 referente a um homic\u00eddio ocorrido na \u00faltima ter\u00e7a-feira (08), no munic\u00edpio de Dracena, cuja v\u00edtima foi identificada como Rodrigo Arrias Dias, de 42 anos. A informa\u00e7\u00e3o foi confirmada pelo Centro de Opera\u00e7\u00f5es da Pol\u00edcia Militar (COPOM).<\/p>\n<p style=\"text-align: justify;\">Diante da confirma\u00e7\u00e3o, o homem recebeu voz de pris\u00e3o e foi conduzido ao Distrito Policial de Adamantina. A autoridade policial de plant\u00e3o elaborou o boletim de ocorr\u00eancia de captura de procurado e manteve o cumprimento do mandado de pris\u00e3o.<\/p>\n<p>Fonte: https:\/\/www.jornalcidadeaberta.com.br\/<\/p>\n<\/div>\n","protected":false},"excerpt":{"rendered":"<p>Homem procurado por homic\u00eddio \u00e9 preso pela PM em Osvaldo Cruz. Trata-se de S.C.F.B de 45 anos. Na madrugada deste s\u00e1bado (12), a Pol\u00edcia Militar de Osvaldo Cruz prendeu um homem procurado pela Justi\u00e7a por homic\u00eddio. A pris\u00e3o ocorreu durante patrulhamento pela Vila Esperan\u00e7a. De acordo com a PM, ao acessarem a Rua da Liberdade, [&hellip;]<\/p>\n","protected":false},"author":1,"featured_media":94022,"comment_status":"closed","ping_status":"open","sticky":false,"template":"","format":"standard","meta":{"footnotes":""},"categories":[110,2],"tags":[],"class_list":["post-94021","post","type-post","status-publish","format-standard","has-post-thumbnail","hentry","category-noticiasdestaque","category-policial"],"_links":{"self":[{"href":"https:\/\/jorgezanoni.com.br\/2019\/wp-json\/wp\/v2\/posts\/94021","targetHints":{"allow":["GET"]}}],"collection":[{"href":"https:\/\/jorgezanoni.com.br\/2019\/wp-json\/wp\/v2\/posts"}],"about":[{"href":"https:\/\/jorgezanoni.com.br\/2019\/wp-json\/wp\/v2\/types\/post"}],"author":[{"embeddable":true,"href":"https:\/\/jorgezanoni.com.br\/2019\/wp-json\/wp\/v2\/users\/1"}],"replies":[{"embeddable":true,"href":"https:\/\/jorgezanoni.com.br\/2019\/wp-json\/wp\/v2\/comments?post=94021"}],"version-history":[{"count":4,"href":"https:\/\/jorgezanoni.com.br\/2019\/wp-json\/wp\/v2\/posts\/94021\/revisions"}],"predecessor-version":[{"id":94026,"href":"https:\/\/jorgezanoni.com.br\/2019\/wp-json\/wp\/v2\/posts\/94021\/revisions\/94026"}],"wp:featuredmedia":[{"embeddable":true,"href":"https:\/\/jorgezanoni.com.br\/2019\/wp-json\/wp\/v2\/media\/94022"}],"wp:attachment":[{"href":"https:\/\/jorgezanoni.com.br\/2019\/wp-json\/wp\/v2\/media?parent=94021"}],"wp:term":[{"taxonomy":"category","embeddable":true,"href":"https:\/\/jorgezanoni.com.br\/2019\/wp-json\/wp\/v2\/categories?post=94021"},{"taxonomy":"post_tag","embeddable":true,"href":"https:\/\/jorgezanoni.com.br\/2019\/wp-json\/wp\/v2\/tags?post=94021"}],"curies":[{"name":"wp","href":"https:\/\/api.w.org\/{rel}","templated":true}]}}