{"id":93955,"date":"2025-04-09T00:57:56","date_gmt":"2025-04-09T00:57:56","guid":{"rendered":"https:\/\/jorgezanoni.com.br\/2019\/?p=93955"},"modified":"2025-04-09T00:57:56","modified_gmt":"2025-04-09T00:57:56","slug":"neste-tempo-que-esta-no-tempo-daquele-tempo-por-sergio-barbosa","status":"publish","type":"post","link":"https:\/\/jorgezanoni.com.br\/2019\/neste-tempo-que-esta-no-tempo-daquele-tempo-por-sergio-barbosa\/","title":{"rendered":"Neste TEMPO que est\u00e1 no TEMPO daquele TEMPO&#8230; (por S\u00e9rgio Barbosa)"},"content":{"rendered":"<p style=\"text-align: justify;\"><strong>Neste TEMPO que est\u00e1 no TEMPO daquele TEMPO&#8230;<\/strong><\/p>\n<p style=\"text-align: justify;\"><strong><em>\u201cH\u00e1 um tempo em que \u00e9 preciso abandonar as roupas usadas, que j\u00e1 tem a forma do nosso corpo, e esquecer os nossos caminhos, que nos levam sempre aos mesmos lugares. \u00c9 o tempo da travessia: e, se n\u00e3o ousarmos faz\u00ea-la, teremos ficado, para sempre, \u00e0 margem de n\u00f3s mesmos.\u201d (<\/em><\/strong><a href=\"https:\/\/www.pensador.com\/autor\/fernando_teixeira_de_andrade\/\"><strong><em>Fernando Teixeira de Andrade<\/em><\/strong><strong><em>\u00a0<\/em><\/strong><\/a><strong><em>)<\/em><\/strong><\/p>\n<p style=\"text-align: justify;\"><strong><em><u>Nota:<\/u><\/em><\/strong><em> A autoria do pensamento tem vindo a ser erroneamente atribu\u00edda a Fernando Pessoa.<\/em><em>\u00a0<\/em><\/p>\n<p style=\"text-align: justify;\"><strong>By seb@r.<\/strong><\/p>\n<p style=\"text-align: justify;\">No mais, como sempre, pode ser menos, pode ser que aquele TEMPO continue sempre neste mesmo TEMPO que estava no outro TEMPO&#8230;<\/p>\n<p style=\"text-align: justify;\">de um jeito ou de outro, pode ser que este TEMPO esteja mais de acordo com aquele TEMPO que se perdeu no TEMPO&#8230;<\/p>\n<p style=\"text-align: justify;\">mas, cada qual, ainda, do seu jeito, pode tentar estar neste TEMPO e ficar neste cen\u00e1rio onde o TEMPO vai tocando de leve para outros desencontros mediados pelo TEMPO&#8230;<\/p>\n<p style=\"text-align: justify;\">por isso e mais aquilo, nem tudo pode estar perdido neste TEMPO do TEMPO, haja vista que o olhar deve estar sempre al\u00e9m daquele outro TEMPO que ficou no TEMPO&#8230;<\/p>\n<p style=\"text-align: justify;\">que tudo possa se resolver deste lado do TEMPO, portanto, o mesmo pode ser diferente neste contexto plural do TEMPO que continua em ritmo silencioso&#8230;<\/p>\n<p style=\"text-align: justify;\">e assim, dizem, caminha o TEMPO que se perdeu naquele outro TEMPO deste mesmo TEMPO, por\u00e9m, cada lugar pode determinar o TEMPO do seu TEMPO&#8230;<\/p>\n<p style=\"text-align: justify;\">na realidade deste TEMPO, apenas quem esteve perdido em si mesmo\/a, talvez, possa saber pra onde ir sem pensar em estar neste TEMPO que \u00e9 apenas um TEMPO&#8230;<\/p>\n<p style=\"text-align: justify;\">das profundezas daquele TEMPO que ficou perdido em um abismo secular, deve-se considerar que o TEMPO do sagrado permanece mediando todos os desencontros deste mesmo TEMPO&#8230;<\/p>\n<p style=\"text-align: justify;\">naquele TEMPO apenas um detalhe fazia a diferen\u00e7a, por isso, n\u00e3o ficou aquela sensa\u00e7\u00e3o de que este TEMPO estava mais de acordo com o TEMPO&#8230;<\/p>\n<p style=\"text-align: justify;\">o que importa neste TEMPO pode estar em um outro TEMPO, assim, cada TEMPO deve estar em sintonia com este mesmo TEMPO para aquele outro TEMPO&#8230;<\/p>\n<p style=\"text-align: justify;\">de um mesmo lado, pode ser aquilo que nunca esteve neste TEMPO, ainda, nada pode estar deste lado se n\u00e3o houve um TEMPO que possa estar em sintonia com aquele mesmo TEMPO que se perdeu no outro TEMPO&#8230;<\/p>\n<p style=\"text-align: justify;\">todas as utopias que existem neste TEMPO, pode estar em conex\u00e3o com as buscas daquele mesmo TEMPO que era apenas um detalhe do outro TEMPO&#8230;<\/p>\n<p>DESTE JEITO, APENAS QUEM ESTEVE NESTE TEMPO DO TEMPO SABER DO TEMPO&#8230;<\/p>\n<p><strong>e-mail: <\/strong><a href=\"mailto:barbosa.sebar@gmail.com\"><strong>barbosa.sebar@gmail.com<\/strong><\/a><\/p>\n<p>&nbsp;<\/p>\n<p>&nbsp;<\/p>\n<p>&nbsp;<\/p>\n<p>&nbsp;<\/p>\n","protected":false},"excerpt":{"rendered":"<p>Neste TEMPO que est\u00e1 no TEMPO daquele TEMPO&#8230; \u201cH\u00e1 um tempo em que \u00e9 preciso abandonar as roupas usadas, que j\u00e1 tem a forma do nosso corpo, e esquecer os nossos caminhos, que nos levam sempre aos mesmos lugares. \u00c9 o tempo da travessia: e, se n\u00e3o ousarmos faz\u00ea-la, teremos ficado, para sempre, \u00e0 margem [&hellip;]<\/p>\n","protected":false},"author":1,"featured_media":93956,"comment_status":"closed","ping_status":"open","sticky":false,"template":"","format":"standard","meta":{"footnotes":""},"categories":[175],"tags":[],"class_list":["post-93955","post","type-post","status-publish","format-standard","has-post-thumbnail","hentry","category-artigos"],"_links":{"self":[{"href":"https:\/\/jorgezanoni.com.br\/2019\/wp-json\/wp\/v2\/posts\/93955","targetHints":{"allow":["GET"]}}],"collection":[{"href":"https:\/\/jorgezanoni.com.br\/2019\/wp-json\/wp\/v2\/posts"}],"about":[{"href":"https:\/\/jorgezanoni.com.br\/2019\/wp-json\/wp\/v2\/types\/post"}],"author":[{"embeddable":true,"href":"https:\/\/jorgezanoni.com.br\/2019\/wp-json\/wp\/v2\/users\/1"}],"replies":[{"embeddable":true,"href":"https:\/\/jorgezanoni.com.br\/2019\/wp-json\/wp\/v2\/comments?post=93955"}],"version-history":[{"count":1,"href":"https:\/\/jorgezanoni.com.br\/2019\/wp-json\/wp\/v2\/posts\/93955\/revisions"}],"predecessor-version":[{"id":93957,"href":"https:\/\/jorgezanoni.com.br\/2019\/wp-json\/wp\/v2\/posts\/93955\/revisions\/93957"}],"wp:featuredmedia":[{"embeddable":true,"href":"https:\/\/jorgezanoni.com.br\/2019\/wp-json\/wp\/v2\/media\/93956"}],"wp:attachment":[{"href":"https:\/\/jorgezanoni.com.br\/2019\/wp-json\/wp\/v2\/media?parent=93955"}],"wp:term":[{"taxonomy":"category","embeddable":true,"href":"https:\/\/jorgezanoni.com.br\/2019\/wp-json\/wp\/v2\/categories?post=93955"},{"taxonomy":"post_tag","embeddable":true,"href":"https:\/\/jorgezanoni.com.br\/2019\/wp-json\/wp\/v2\/tags?post=93955"}],"curies":[{"name":"wp","href":"https:\/\/api.w.org\/{rel}","templated":true}]}}