{"id":93949,"date":"2025-04-08T23:35:19","date_gmt":"2025-04-08T23:35:19","guid":{"rendered":"https:\/\/jorgezanoni.com.br\/2019\/?p=93949"},"modified":"2025-04-08T23:35:19","modified_gmt":"2025-04-08T23:35:19","slug":"homicidio-no-final-da-tarde-aconteceu-em-dracena","status":"publish","type":"post","link":"https:\/\/jorgezanoni.com.br\/2019\/homicidio-no-final-da-tarde-aconteceu-em-dracena\/","title":{"rendered":"Homic\u00eddio no final da tarde aconteceu em Dracena"},"content":{"rendered":"<p style=\"text-align: justify;\">Rodrigo Arrias Dias de 42 anos, foi identificado como sendo a v\u00edtima de homic\u00eddo ocorrido hoje (8) na Rua Vendramim, no centro em Dracena.<\/p>\n<p style=\"text-align: justify;\">Segundo informa\u00e7\u00f5es obtidas no local atrav\u00e9s de familiar, pela reportagem do SITE JZ e TOP TV, Dias teria sido esfaqueado por outro homem, por um poss\u00edvel acerto de contas entre as partes.<\/p>\n<p style=\"text-align: justify;\">O autor suspeito do crime teria se apresentado espontaneamente na delegacia, na presen\u00e7a de advogados.<\/p>\n<p style=\"text-align: justify;\">O caso contou com o trabalho no local do Corpo de Bombeiros, Pol\u00edcia Militar e Pol\u00edcia T\u00e9cnica e agora ser\u00e1 investigado pela Pol\u00edcia Civil.<\/p>\n<p><img loading=\"lazy\" decoding=\"async\" class=\"alignnone size-full wp-image-93950\" src=\"https:\/\/jorgezanoni.com.br\/2019\/wp-content\/uploads\/2025\/04\/Local-1.jpg\" alt=\"\" width=\"563\" height=\"521\" srcset=\"https:\/\/jorgezanoni.com.br\/2019\/wp-content\/uploads\/2025\/04\/Local-1.jpg 563w, https:\/\/jorgezanoni.com.br\/2019\/wp-content\/uploads\/2025\/04\/Local-1-300x278.jpg 300w, https:\/\/jorgezanoni.com.br\/2019\/wp-content\/uploads\/2025\/04\/Local-1-454x420.jpg 454w\" sizes=\"auto, (max-width: 563px) 100vw, 563px\" \/> <img loading=\"lazy\" decoding=\"async\" class=\"alignnone size-full wp-image-93951\" src=\"https:\/\/jorgezanoni.com.br\/2019\/wp-content\/uploads\/2025\/04\/Morto-1.jpg\" alt=\"\" width=\"332\" height=\"497\" srcset=\"https:\/\/jorgezanoni.com.br\/2019\/wp-content\/uploads\/2025\/04\/Morto-1.jpg 332w, https:\/\/jorgezanoni.com.br\/2019\/wp-content\/uploads\/2025\/04\/Morto-1-200x300.jpg 200w, https:\/\/jorgezanoni.com.br\/2019\/wp-content\/uploads\/2025\/04\/Morto-1-281x420.jpg 281w\" sizes=\"auto, (max-width: 332px) 100vw, 332px\" \/><\/p>\n<p>Fotos: Jorge Zanoni e Redes Sociais.<\/p>\n<div class=\"x11i5rnm xat24cr x1mh8g0r x1vvkbs xtlvy1s x126k92a\">\n<div dir=\"auto\">Jorge Zanoni<\/div>\n<\/div>\n","protected":false},"excerpt":{"rendered":"<p>Rodrigo Arrias Dias de 42 anos, foi identificado como sendo a v\u00edtima de homic\u00eddo ocorrido hoje (8) na Rua Vendramim, no centro em Dracena. Segundo informa\u00e7\u00f5es obtidas no local atrav\u00e9s de familiar, pela reportagem do SITE JZ e TOP TV, Dias teria sido esfaqueado por outro homem, por um poss\u00edvel acerto de contas entre as [&hellip;]<\/p>\n","protected":false},"author":1,"featured_media":93952,"comment_status":"closed","ping_status":"open","sticky":false,"template":"","format":"standard","meta":{"footnotes":""},"categories":[110,2],"tags":[],"class_list":["post-93949","post","type-post","status-publish","format-standard","has-post-thumbnail","hentry","category-noticiasdestaque","category-policial"],"_links":{"self":[{"href":"https:\/\/jorgezanoni.com.br\/2019\/wp-json\/wp\/v2\/posts\/93949","targetHints":{"allow":["GET"]}}],"collection":[{"href":"https:\/\/jorgezanoni.com.br\/2019\/wp-json\/wp\/v2\/posts"}],"about":[{"href":"https:\/\/jorgezanoni.com.br\/2019\/wp-json\/wp\/v2\/types\/post"}],"author":[{"embeddable":true,"href":"https:\/\/jorgezanoni.com.br\/2019\/wp-json\/wp\/v2\/users\/1"}],"replies":[{"embeddable":true,"href":"https:\/\/jorgezanoni.com.br\/2019\/wp-json\/wp\/v2\/comments?post=93949"}],"version-history":[{"count":1,"href":"https:\/\/jorgezanoni.com.br\/2019\/wp-json\/wp\/v2\/posts\/93949\/revisions"}],"predecessor-version":[{"id":93954,"href":"https:\/\/jorgezanoni.com.br\/2019\/wp-json\/wp\/v2\/posts\/93949\/revisions\/93954"}],"wp:featuredmedia":[{"embeddable":true,"href":"https:\/\/jorgezanoni.com.br\/2019\/wp-json\/wp\/v2\/media\/93952"}],"wp:attachment":[{"href":"https:\/\/jorgezanoni.com.br\/2019\/wp-json\/wp\/v2\/media?parent=93949"}],"wp:term":[{"taxonomy":"category","embeddable":true,"href":"https:\/\/jorgezanoni.com.br\/2019\/wp-json\/wp\/v2\/categories?post=93949"},{"taxonomy":"post_tag","embeddable":true,"href":"https:\/\/jorgezanoni.com.br\/2019\/wp-json\/wp\/v2\/tags?post=93949"}],"curies":[{"name":"wp","href":"https:\/\/api.w.org\/{rel}","templated":true}]}}