{"id":93899,"date":"2025-04-04T22:12:42","date_gmt":"2025-04-04T22:12:42","guid":{"rendered":"https:\/\/jorgezanoni.com.br\/2019\/?p=93899"},"modified":"2025-04-04T22:12:42","modified_gmt":"2025-04-04T22:12:42","slug":"policia-civil-apreende-porcao-de-maconha-apos-investigacao-de-denuncia-anonima-em-dracena","status":"publish","type":"post","link":"https:\/\/jorgezanoni.com.br\/2019\/policia-civil-apreende-porcao-de-maconha-apos-investigacao-de-denuncia-anonima-em-dracena\/","title":{"rendered":"Pol\u00edcia Civil apreende por\u00e7\u00e3o de Maconha ap\u00f3s investiga\u00e7\u00e3o de den\u00fancia an\u00f4nima em Dracena"},"content":{"rendered":"<p style=\"text-align: justify;\">A Pol\u00edcia Civil, por interm\u00e9dio das Unidades Especializadas da DIG\/DISE de Dracena, realizou na ter\u00e7a-feira (1\u00ba) uma a\u00e7\u00e3o que resultou na apreens\u00e3o de uma por\u00e7\u00e3o de maconha, pesando aproximadamente 16 gramas. A a\u00e7\u00e3o aconteceu durante dilig\u00eancias investigativas no bairro Metr\u00f3poles, zona urbana do munic\u00edpio.<\/p>\n<p style=\"text-align: justify;\">As investiga\u00e7\u00f5es tiveram in\u00edcio ap\u00f3s o recebimento de uma den\u00fancia an\u00f4nima, que apontava um homem, de 22 anos, como poss\u00edvel envolvido com o tr\u00e1fico de drogas na regi\u00e3o. Diante das informa\u00e7\u00f5es, uma equipe da Pol\u00edcia Civil passou a monitorar a resid\u00eancia indicada, quando, durante a abordagem, o suspeito foi flagrado em frente ao im\u00f3vel portando uma mochila.<\/p>\n<p style=\"text-align: justify;\">Durante a revista, os policiais localizaram uma por\u00e7\u00e3o da subst\u00e2ncia entorpecente no interior da mochila. Questionado, o jovem alegou que a droga era para consumo pessoal e autorizou, de forma espont\u00e2nea, o ingresso da equipe policial em sua resid\u00eancia, a fim de verificar a exist\u00eancia de mais il\u00edcitos. Ap\u00f3s busca minuciosa, nenhum outro material foi localizado.<\/p>\n<p style=\"text-align: justify;\">O suspeito foi conduzido \u00e0 sede da DIG\/DISE para a formaliza\u00e7\u00e3o da ocorr\u00eancia. O entorpecente foi apreendido e ser\u00e1 encaminhado ao Instituto de Criminal\u00edstica (IC) para a per\u00edcia t\u00e9cnica. O homem prestou esclarecimentos e, ap\u00f3s os procedimentos legais, foi liberado.<\/p>\n<p style=\"text-align: justify;\">A Pol\u00edcia Civil destaca que, apesar da alega\u00e7\u00e3o de uso pessoal, todas as informa\u00e7\u00f5es coletadas durante a investiga\u00e7\u00e3o seguem sendo analisadas, e o caso permanece sob apura\u00e7\u00e3o para eventual responsabiliza\u00e7\u00e3o criminal, conforme os desdobramentos e laudos periciais.<\/p>\n<p style=\"text-align: justify;\">Colabora\u00e7\u00e3o da Popula\u00e7\u00e3o<br \/>\nA Pol\u00edcia Civil refor\u00e7a a import\u00e2ncia da participa\u00e7\u00e3o da comunidade no combate \u00e0 criminalidade. Den\u00fancias an\u00f4nimas s\u00e3o fundamentais para o sucesso das investiga\u00e7\u00f5es e podem ser feitas pelo telefone 197 ou via WhatsApp da DIG\/DISE pelo n\u00famero (18) 3822 7755. O sigilo das informa\u00e7\u00f5es \u00e9 garantido.<\/p>\n<p>Fonte: Comunica\u00e7\u00e3o Social Pol\u00edcia Civ\u00edl<\/p>\n","protected":false},"excerpt":{"rendered":"<p>A Pol\u00edcia Civil, por interm\u00e9dio das Unidades Especializadas da DIG\/DISE de Dracena, realizou na ter\u00e7a-feira (1\u00ba) uma a\u00e7\u00e3o que resultou na apreens\u00e3o de uma por\u00e7\u00e3o de maconha, pesando aproximadamente 16 gramas. A a\u00e7\u00e3o aconteceu durante dilig\u00eancias investigativas no bairro Metr\u00f3poles, zona urbana do munic\u00edpio. As investiga\u00e7\u00f5es tiveram in\u00edcio ap\u00f3s o recebimento de uma den\u00fancia an\u00f4nima, [&hellip;]<\/p>\n","protected":false},"author":1,"featured_media":93900,"comment_status":"closed","ping_status":"open","sticky":false,"template":"","format":"standard","meta":{"footnotes":""},"categories":[110,2],"tags":[],"class_list":["post-93899","post","type-post","status-publish","format-standard","has-post-thumbnail","hentry","category-noticiasdestaque","category-policial"],"_links":{"self":[{"href":"https:\/\/jorgezanoni.com.br\/2019\/wp-json\/wp\/v2\/posts\/93899","targetHints":{"allow":["GET"]}}],"collection":[{"href":"https:\/\/jorgezanoni.com.br\/2019\/wp-json\/wp\/v2\/posts"}],"about":[{"href":"https:\/\/jorgezanoni.com.br\/2019\/wp-json\/wp\/v2\/types\/post"}],"author":[{"embeddable":true,"href":"https:\/\/jorgezanoni.com.br\/2019\/wp-json\/wp\/v2\/users\/1"}],"replies":[{"embeddable":true,"href":"https:\/\/jorgezanoni.com.br\/2019\/wp-json\/wp\/v2\/comments?post=93899"}],"version-history":[{"count":1,"href":"https:\/\/jorgezanoni.com.br\/2019\/wp-json\/wp\/v2\/posts\/93899\/revisions"}],"predecessor-version":[{"id":93901,"href":"https:\/\/jorgezanoni.com.br\/2019\/wp-json\/wp\/v2\/posts\/93899\/revisions\/93901"}],"wp:featuredmedia":[{"embeddable":true,"href":"https:\/\/jorgezanoni.com.br\/2019\/wp-json\/wp\/v2\/media\/93900"}],"wp:attachment":[{"href":"https:\/\/jorgezanoni.com.br\/2019\/wp-json\/wp\/v2\/media?parent=93899"}],"wp:term":[{"taxonomy":"category","embeddable":true,"href":"https:\/\/jorgezanoni.com.br\/2019\/wp-json\/wp\/v2\/categories?post=93899"},{"taxonomy":"post_tag","embeddable":true,"href":"https:\/\/jorgezanoni.com.br\/2019\/wp-json\/wp\/v2\/tags?post=93899"}],"curies":[{"name":"wp","href":"https:\/\/api.w.org\/{rel}","templated":true}]}}