{"id":9388,"date":"2019-10-22T02:19:21","date_gmt":"2019-10-22T02:19:21","guid":{"rendered":"https:\/\/jorgezanoni.com.br\/2019\/?p=9388"},"modified":"2019-10-22T02:19:21","modified_gmt":"2019-10-22T02:19:21","slug":"moradores-da-rua-sao-paulo-esquina-com-a-medardo-belintani-reclamam-de-escuridao","status":"publish","type":"post","link":"https:\/\/jorgezanoni.com.br\/2019\/moradores-da-rua-sao-paulo-esquina-com-a-medardo-belintani-reclamam-de-escuridao\/","title":{"rendered":"Moradores da Rua S\u00e3o Paulo esquina com a Medardo Belintani reclamam de escurid\u00e3o"},"content":{"rendered":"<p style=\"text-align: justify;\">Moradores da Rua S\u00e3o Paulo esquina com a Medardo Belintani reclamam de escurid\u00e3o. Segundo informaram \u00e0 reportagem do Site JZ, j\u00e1 procuraram a Prefeitura algumas vezes e n\u00e3o s\u00e3o atendidos. (V\u00eddeo de Internauta) 21\/10\/19<\/p>\n<div id=\"fb-root\"><\/div>\n<p><script async=\"1\" defer=\"1\" crossorigin=\"anonymous\" src=\"https:\/\/connect.facebook.net\/en_US\/sdk.js#xfbml=1&amp;version=v4.0\"><\/script><\/p>\n<div class=\"fb-video\" data-href=\"https:\/\/www.facebook.com\/jorgezanonidracena\/videos\/938431019847193\/\" data-width=\"696\">\n<blockquote cite=\"https:\/\/www.facebook.com\/jorgezanonidracena\/videos\/938431019847193\/\" class=\"fb-xfbml-parse-ignore\"><p><a href=\"https:\/\/www.facebook.com\/jorgezanonidracena\/videos\/938431019847193\/\">Moradores da Rua S\u00e3o Paulo esquina com a Medardo Belintani reclamam de escurid\u00e3o. (V\u00eddeo de Internauta) 21\/10\/19<\/a><\/p>\n<p>Moradores da Rua S\u00e3o Paulo esquina com a Medardo Belintani reclamam de escurid\u00e3o. (V\u00eddeo de Internauta) 21\/10\/19<\/p>\n<p>Posted by <a href=\"https:\/\/www.facebook.com\/jorgezanonidracena\/\">Jorge Zanoni<\/a> on Monday, October 21, 2019<\/p><\/blockquote>\n<\/div>\n","protected":false},"excerpt":{"rendered":"<p>Moradores da Rua S\u00e3o Paulo esquina com a Medardo Belintani reclamam de escurid\u00e3o. Segundo informaram \u00e0 reportagem do Site JZ, j\u00e1 procuraram a Prefeitura algumas vezes e n\u00e3o s\u00e3o atendidos. (V\u00eddeo de Internauta) 21\/10\/19 Moradores da Rua S\u00e3o Paulo esquina com a Medardo Belintani reclamam de escurid\u00e3o. (V\u00eddeo de Internauta) 21\/10\/19 Moradores da Rua S\u00e3o [&hellip;]<\/p>\n","protected":false},"author":1,"featured_media":9389,"comment_status":"closed","ping_status":"open","sticky":false,"template":"","format":"video","meta":{"footnotes":""},"categories":[169],"tags":[],"class_list":["post-9388","post","type-post","status-publish","format-video","has-post-thumbnail","hentry","category-videos","post_format-post-format-video"],"_links":{"self":[{"href":"https:\/\/jorgezanoni.com.br\/2019\/wp-json\/wp\/v2\/posts\/9388","targetHints":{"allow":["GET"]}}],"collection":[{"href":"https:\/\/jorgezanoni.com.br\/2019\/wp-json\/wp\/v2\/posts"}],"about":[{"href":"https:\/\/jorgezanoni.com.br\/2019\/wp-json\/wp\/v2\/types\/post"}],"author":[{"embeddable":true,"href":"https:\/\/jorgezanoni.com.br\/2019\/wp-json\/wp\/v2\/users\/1"}],"replies":[{"embeddable":true,"href":"https:\/\/jorgezanoni.com.br\/2019\/wp-json\/wp\/v2\/comments?post=9388"}],"version-history":[{"count":0,"href":"https:\/\/jorgezanoni.com.br\/2019\/wp-json\/wp\/v2\/posts\/9388\/revisions"}],"wp:featuredmedia":[{"embeddable":true,"href":"https:\/\/jorgezanoni.com.br\/2019\/wp-json\/wp\/v2\/media\/9389"}],"wp:attachment":[{"href":"https:\/\/jorgezanoni.com.br\/2019\/wp-json\/wp\/v2\/media?parent=9388"}],"wp:term":[{"taxonomy":"category","embeddable":true,"href":"https:\/\/jorgezanoni.com.br\/2019\/wp-json\/wp\/v2\/categories?post=9388"},{"taxonomy":"post_tag","embeddable":true,"href":"https:\/\/jorgezanoni.com.br\/2019\/wp-json\/wp\/v2\/tags?post=9388"}],"curies":[{"name":"wp","href":"https:\/\/api.w.org\/{rel}","templated":true}]}}