{"id":93832,"date":"2025-04-01T00:34:29","date_gmt":"2025-04-01T00:34:29","guid":{"rendered":"https:\/\/jorgezanoni.com.br\/2019\/?p=93832"},"modified":"2025-04-01T00:34:29","modified_gmt":"2025-04-01T00:34:29","slug":"policia-civil-esclarece-roubo-ocorrido-em-dracena","status":"publish","type":"post","link":"https:\/\/jorgezanoni.com.br\/2019\/policia-civil-esclarece-roubo-ocorrido-em-dracena\/","title":{"rendered":"Pol\u00edcia Civil esclarece roubo ocorrido em Dracena"},"content":{"rendered":"<p style=\"text-align: justify;\"><strong>O acusado encontra-se foragido e \u00e9 procurado da Justi\u00e7a.<\/strong><\/p>\n<p style=\"text-align: justify;\">A Pol\u00edcia Civil, por meio das Unidades Especializadas DIG\/DISE, esclareceu, nesta segunda-feira (31), um crime de roubo ocorrido na \u00faltima sexta-feira (28), que teve como v\u00edtimas um casal de idosos de origem oriental, de 70 e 92 anos, em Dracena.<\/p>\n<p style=\"text-align: justify;\">Durante a a\u00e7\u00e3o criminosa, as v\u00edtimas foram rendidas e trancadas no banheiro da resid\u00eancia, enquanto o autor subtra\u00eda diversas joias, semijoias, aparelhos celulares e dinheiro em esp\u00e9cie. O casal s\u00f3 conseguiu sair do banheiro ap\u00f3s a chegada de um familiar, que acionou a Pol\u00edcia Militar para o registro da ocorr\u00eancia.<\/p>\n<p style=\"text-align: justify;\">Diante da gravidade do fato, assim que o caso chegou ao conhecimento dos agentes da Pol\u00edcia Civil, foi instaurado um inqu\u00e9rito policial e iniciadas dilig\u00eancias em campo, incluindo levantamento do local do crime e outros trabalhos de pol\u00edcia judici\u00e1ria. Durante as investiga\u00e7\u00f5es, os policiais civis conseguiram recuperar os dois celulares pertencentes \u00e0s v\u00edtimas e identificar o suspeito do roubo.<\/p>\n<p style=\"text-align: justify;\">A Pol\u00edcia Civil, no bojo do inqu\u00e9rito policial, representou pela pris\u00e3o tempor\u00e1ria do acusado, medida que teve a concord\u00e2ncia do Minist\u00e9rio P\u00fablico e foi decretada pelo Poder Judici\u00e1rio. Desde ent\u00e3o, diversas dilig\u00eancias foram realizadas para captur\u00e1-lo, por\u00e9m, at\u00e9 o momento, ele n\u00e3o foi localizado.<\/p>\n<p style=\"text-align: justify;\">Durante o aprofundamento das investiga\u00e7\u00f5es, a Pol\u00edcia Civil constatou que o suspeito, quando abordado, utilizava nomes falsos. Al\u00e9m disso, verificou-se que ele j\u00e1 possui dois mandados de pris\u00e3o preventiva expedidos pelo Tribunal de Justi\u00e7a de Mato Grosso do Sul (TJMS), pelas Comarcas de Aquidauana e Nova Andradina, sendo que um deles tamb\u00e9m est\u00e1 relacionado \u00e0 pr\u00e1tica de roubo.<\/p>\n<p style=\"text-align: justify;\">A Pol\u00edcia Civil prossegue em dilig\u00eancia visando prender o acusado deste grave crime, e tamb\u00e9m recuperar os demais objetos subtra\u00eddos.<\/p>\n<p>Fonte: Com. Social Pol\u00edcia Civil<\/p>\n","protected":false},"excerpt":{"rendered":"<p>O acusado encontra-se foragido e \u00e9 procurado da Justi\u00e7a. A Pol\u00edcia Civil, por meio das Unidades Especializadas DIG\/DISE, esclareceu, nesta segunda-feira (31), um crime de roubo ocorrido na \u00faltima sexta-feira (28), que teve como v\u00edtimas um casal de idosos de origem oriental, de 70 e 92 anos, em Dracena. Durante a a\u00e7\u00e3o criminosa, as v\u00edtimas [&hellip;]<\/p>\n","protected":false},"author":1,"featured_media":93833,"comment_status":"closed","ping_status":"open","sticky":false,"template":"","format":"standard","meta":{"footnotes":""},"categories":[110,2],"tags":[],"class_list":["post-93832","post","type-post","status-publish","format-standard","has-post-thumbnail","hentry","category-noticiasdestaque","category-policial"],"_links":{"self":[{"href":"https:\/\/jorgezanoni.com.br\/2019\/wp-json\/wp\/v2\/posts\/93832","targetHints":{"allow":["GET"]}}],"collection":[{"href":"https:\/\/jorgezanoni.com.br\/2019\/wp-json\/wp\/v2\/posts"}],"about":[{"href":"https:\/\/jorgezanoni.com.br\/2019\/wp-json\/wp\/v2\/types\/post"}],"author":[{"embeddable":true,"href":"https:\/\/jorgezanoni.com.br\/2019\/wp-json\/wp\/v2\/users\/1"}],"replies":[{"embeddable":true,"href":"https:\/\/jorgezanoni.com.br\/2019\/wp-json\/wp\/v2\/comments?post=93832"}],"version-history":[{"count":1,"href":"https:\/\/jorgezanoni.com.br\/2019\/wp-json\/wp\/v2\/posts\/93832\/revisions"}],"predecessor-version":[{"id":93834,"href":"https:\/\/jorgezanoni.com.br\/2019\/wp-json\/wp\/v2\/posts\/93832\/revisions\/93834"}],"wp:featuredmedia":[{"embeddable":true,"href":"https:\/\/jorgezanoni.com.br\/2019\/wp-json\/wp\/v2\/media\/93833"}],"wp:attachment":[{"href":"https:\/\/jorgezanoni.com.br\/2019\/wp-json\/wp\/v2\/media?parent=93832"}],"wp:term":[{"taxonomy":"category","embeddable":true,"href":"https:\/\/jorgezanoni.com.br\/2019\/wp-json\/wp\/v2\/categories?post=93832"},{"taxonomy":"post_tag","embeddable":true,"href":"https:\/\/jorgezanoni.com.br\/2019\/wp-json\/wp\/v2\/tags?post=93832"}],"curies":[{"name":"wp","href":"https:\/\/api.w.org\/{rel}","templated":true}]}}