{"id":93771,"date":"2025-03-29T12:59:10","date_gmt":"2025-03-29T12:59:10","guid":{"rendered":"https:\/\/jorgezanoni.com.br\/2019\/?p=93771"},"modified":"2025-03-29T12:59:10","modified_gmt":"2025-03-29T12:59:10","slug":"1o-summit-sicredi-de-sustentabilidade-reafirma-compromisso-da-instituicao-com-uma-sociedade-prospera-e-sustentavel","status":"publish","type":"post","link":"https:\/\/jorgezanoni.com.br\/2019\/1o-summit-sicredi-de-sustentabilidade-reafirma-compromisso-da-instituicao-com-uma-sociedade-prospera-e-sustentavel\/","title":{"rendered":"1\u00ba Summit Sicredi de Sustentabilidade reafirma compromisso da institui\u00e7\u00e3o com uma sociedade pr\u00f3spera e sustent\u00e1vel"},"content":{"rendered":"<p class=\"v1MsoNormal\" style=\"text-align: justify;\" align=\"center\"><strong><i>No Ano Internacional das Cooperativas, declarado pela ONU, evento reuniu lideran\u00e7as em Natal &#8211; RN para discutir sustentabilidade no setor financeiro e compromissos para o desenvolvimento das comunidades onde o Sicredi atua.<\/i><\/strong><\/p>\n<p class=\"v1MsoNormal\" style=\"text-align: justify;\">Nos dias 26 e 27 de mar\u00e7o, o Sicredi, institui\u00e7\u00e3o financeira cooperativa presente em todo pa\u00eds e com mais de 8,5 milh\u00f5es de associados, realizou a primeira edi\u00e7\u00e3o do Summit Sicredi de Sustentabilidade, em Natal (RN), reunindo cerca de 300 lideran\u00e7as de todo o Brasil. O evento foi marcado por palestras e di\u00e1logos sobre o papel do Sicredi na constru\u00e7\u00e3o de um futuro mais sustent\u00e1vel e pr\u00f3spero para seus associados e comunidades onde atua, posicionamento que reflete a ess\u00eancia do cooperativismo. Entre os participantes estavam presidentes, diretores, executivos e conselheiros das cooperativas e centrais do Sicredi, al\u00e9m de especialistas do setor financeiro e de pr\u00e1ticas ESG (ambiental, social e de governan\u00e7a).<\/p>\n<p class=\"v1MsoNormal\" style=\"text-align: justify;\">A programa\u00e7\u00e3o do evento ao longo dos dois dias abordou temas essenciais para o cooperativismo financeiro. A palestra magna de Ailton de Aquino Santos, diretor de Fiscaliza\u00e7\u00e3o do Banco Central, trouxe insights importantes sobre as tend\u00eancias e os desafios do cooperativismo e do papel importante que esse segmento tem no bem-estar financeiro e acesso ao cr\u00e9dito no Brasil. O painel sobre a ess\u00eancia cooperativista, teve a participa\u00e7\u00e3o dos presidentes das cinco centrais do Sicredi onde cada um refor\u00e7ou diferenciais do modelo cooperativo e a sua capacidade \u00fanica de gerar impacto econ\u00f4mico e social de forma equilibrada.<\/p>\n<p class=\"v1MsoNormal\" style=\"text-align: justify;\">Outro destaque do evento foi o painel com o presidente da Funda\u00e7\u00e3o Dinheiro e Consci\u00eancia, Joan Antoni Mel\u00e9. Reconhecido como uma das principais vozes globais a favor de uma economia consciente e respons\u00e1vel, Joan explicou como medir, estimular e fortalecer o bem-estar financeiro dos associados com estrat\u00e9gias de inclus\u00e3o financeira.<\/p>\n<p class=\"v1MsoNormal\" style=\"text-align: justify;\">O Summit tamb\u00e9m contou com a presen\u00e7a de Ana Carla Abr\u00e3o Costa, diretora-presidente Open Finance Brasil, que ministrou a palestra &#8220;RAS e seu papel na sustentabilidade dos neg\u00f3cios&#8221;, e da especialista em sustentabilidade Andrea Alvares, que promoveu reflex\u00f5es sobre o papel das institui\u00e7\u00f5es financeiras cooperativas no desenvolvimento sustent\u00e1vel, bem como a import\u00e2ncia de fortalecer a\u00e7\u00f5es que promovam inclus\u00e3o, impacto social positivo e crescimento econ\u00f4mico equilibrado.<\/p>\n<p class=\"v1MsoNormal\" style=\"text-align: justify;\"><b><i>Sobre o Sicredi<\/i><\/b><i><\/i><\/p>\n<p class=\"v1MsoNormal\" style=\"text-align: justify;\"><i>O Sicredi \u00e9 uma institui\u00e7\u00e3o financeira cooperativa comprometida com o crescimento de seus associados e com o desenvolvimento das regi\u00f5es onde atua. Possui um modelo de gest\u00e3o que valoriza a participa\u00e7\u00e3o dos mais de 8,5 milh\u00f5es de associados, que exercem o papel de donos do neg\u00f3cio. Com mais de 2.800 ag\u00eancias, o Sicredi est\u00e1 presente fisicamente em todos os estados brasileiros e no Distrito Federal, disponibilizando uma gama completa de solu\u00e7\u00f5es financeiras e n\u00e3o financeiras.<\/i><\/p>\n<p class=\"v1MsoNormal\" style=\"text-align: justify;\"><b><i>Site do Sicredi:\u00a0<a href=\"http:\/\/www.sicredi.com.br\/\" target=\"_blank\" rel=\"noopener noreferrer\">www.sicredi.com.br<\/a><\/i><\/b><\/p>\n<p class=\"v1MsoNormal\" style=\"text-align: justify;\"><b><i>Redes Sociais:\u00a0<\/i><\/b><em><b><u><span lang=\"EN-US\"><a href=\"http:\/\/www.facebook.com\/sicredicentrooestepaulista\" target=\"_blank\" rel=\"noopener noreferrer\"><i><span lang=\"PT-BR\">Facebook<\/span><\/i><\/a><\/span><\/u><\/b><\/em><em>\u00a0|<\/em>\u00a0<em><b><u><span lang=\"EN-US\"><a href=\"https:\/\/www.linkedin.com\/company\/sicredi-centro-oeste-paulista\/\" target=\"_blank\" rel=\"noopener noreferrer\"><i><span lang=\"PT-BR\">LinkedIn<\/span><\/i><\/a><\/span><\/u><\/b><\/em><em>\u00a0|<\/em>\u00a0<em><b><u><span lang=\"EN-US\"><a href=\"http:\/\/www.youtube.com\/sicredicentrooestepaulista\" target=\"_blank\" rel=\"noopener noreferrer\"><i><span lang=\"PT-BR\">YouTube<\/span><\/i><\/a><\/span><\/u><\/b><\/em><span lang=\"EN-US\">\u00a0<\/span><em>|\u00a0<\/em><em><b><u><span lang=\"EN-US\"><a href=\"http:\/\/www.instagram.com\/sicredicentrooestepaulista\" target=\"_blank\" rel=\"noopener noreferrer\"><i><span lang=\"PT-BR\">Instagram<\/span><\/i><\/a><\/span><\/u><\/b><\/em><\/p>\n","protected":false},"excerpt":{"rendered":"<p>No Ano Internacional das Cooperativas, declarado pela ONU, evento reuniu lideran\u00e7as em Natal &#8211; RN para discutir sustentabilidade no setor financeiro e compromissos para o desenvolvimento das comunidades onde o Sicredi atua. Nos dias 26 e 27 de mar\u00e7o, o Sicredi, institui\u00e7\u00e3o financeira cooperativa presente em todo pa\u00eds e com mais de 8,5 milh\u00f5es de [&hellip;]<\/p>\n","protected":false},"author":1,"featured_media":93772,"comment_status":"closed","ping_status":"open","sticky":false,"template":"","format":"standard","meta":{"footnotes":""},"categories":[110,116],"tags":[],"class_list":["post-93771","post","type-post","status-publish","format-standard","has-post-thumbnail","hentry","category-noticiasdestaque","category-politicaeeconomia"],"_links":{"self":[{"href":"https:\/\/jorgezanoni.com.br\/2019\/wp-json\/wp\/v2\/posts\/93771","targetHints":{"allow":["GET"]}}],"collection":[{"href":"https:\/\/jorgezanoni.com.br\/2019\/wp-json\/wp\/v2\/posts"}],"about":[{"href":"https:\/\/jorgezanoni.com.br\/2019\/wp-json\/wp\/v2\/types\/post"}],"author":[{"embeddable":true,"href":"https:\/\/jorgezanoni.com.br\/2019\/wp-json\/wp\/v2\/users\/1"}],"replies":[{"embeddable":true,"href":"https:\/\/jorgezanoni.com.br\/2019\/wp-json\/wp\/v2\/comments?post=93771"}],"version-history":[{"count":1,"href":"https:\/\/jorgezanoni.com.br\/2019\/wp-json\/wp\/v2\/posts\/93771\/revisions"}],"predecessor-version":[{"id":93773,"href":"https:\/\/jorgezanoni.com.br\/2019\/wp-json\/wp\/v2\/posts\/93771\/revisions\/93773"}],"wp:featuredmedia":[{"embeddable":true,"href":"https:\/\/jorgezanoni.com.br\/2019\/wp-json\/wp\/v2\/media\/93772"}],"wp:attachment":[{"href":"https:\/\/jorgezanoni.com.br\/2019\/wp-json\/wp\/v2\/media?parent=93771"}],"wp:term":[{"taxonomy":"category","embeddable":true,"href":"https:\/\/jorgezanoni.com.br\/2019\/wp-json\/wp\/v2\/categories?post=93771"},{"taxonomy":"post_tag","embeddable":true,"href":"https:\/\/jorgezanoni.com.br\/2019\/wp-json\/wp\/v2\/tags?post=93771"}],"curies":[{"name":"wp","href":"https:\/\/api.w.org\/{rel}","templated":true}]}}