{"id":93732,"date":"2025-03-26T23:37:59","date_gmt":"2025-03-26T23:37:59","guid":{"rendered":"https:\/\/jorgezanoni.com.br\/2019\/?p=93732"},"modified":"2025-03-27T15:54:14","modified_gmt":"2025-03-27T15:54:14","slug":"policia-age-rapidamente-e-prende-autor-de-roubo-e-recupera-produtos-em-dracena","status":"publish","type":"post","link":"https:\/\/jorgezanoni.com.br\/2019\/policia-age-rapidamente-e-prende-autor-de-roubo-e-recupera-produtos-em-dracena\/","title":{"rendered":"Pol\u00edcia age rapidamente e prende autor de roubo e recupera produtos em Dracena"},"content":{"rendered":"<p style=\"text-align: justify;\">Na tarde de hoje (26) por volta das 15h policiais militares do 25\u00ba Batalh\u00e3o de Pol\u00edcia Militar do Interior em Dracena agiram rapidamente prendendo autor de roubo (adolescente 17 anos) a estabelecimentos comerciais.<\/p>\n<p style=\"text-align: justify;\">De posse de uma faca e com a camiseta cobrindo o rosto amea\u00e7ou e roubou 02 celulares e R$ 150,00 e posteriormente deslocou em um supermercado e fez uma funcion\u00e1ria de ref\u00e9m, mas com a chegada r\u00e1pida das equipes policiais e de um policial militar de folga o indiv\u00edduo foi preso, sendo que a v\u00edtima foi liberada sem nenhum tipo de les\u00e3o.<\/p>\n<p style=\"text-align: justify;\">Ocorr\u00eancia em andamento pelo Distrito Policial de Dracena, sendo os objetos e partes da ocorr\u00eancia apresentadas para confec\u00e7\u00e3o do Boletim de Ocorr\u00eancia.<\/p>\n<p>Fonte: Com. Social Pol\u00edcia Militar<\/p>\n<p>ATUALIZADO:<\/p>\n<p style=\"text-align: justify;\">POL\u00cdCIA MILITAR AGE RAPIDAMENTE EM DRACENA E APREENDE AUTOR DE ROUBO VINDO A RECUPERAR TODOS OS PRODUTOS.<\/p>\n<p style=\"text-align: justify;\">Na data de hoje (26) por volta das 15h policiais militares do 25\u00ba Batalh\u00e3o de Pol\u00edcia Militar do Interior em Dracena foram acionados para atendimento de ocorr\u00eancia de roubo, mediante emprego de<br \/>\narma branca, onde o autor vestido com capuz preto, sem camisa e trajando shorts, teria<br \/>\nsubtra\u00eddo para si a import\u00e2ncia de R$ 150,00 ( cento e cinquenta reais ), em esp\u00e9cie; bem como um<br \/>\naparelho celular, vindo logo em seguida evadir-se do local, tomando destino ignorado. para<br \/>\naquela conveni\u00eancia nos dirigimos.<br \/>\nDurante o deslocamento para o local foi novamente irradiado que o adolescente (15 anos) estaria no interior de um supermercado e que l\u00e1 ele estaria mantendo uma pessoa<br \/>\nsob grave amea\u00e7a, tendo em vista a amea\u00e7a de ser localizado pela primeira v\u00edtima.<br \/>\nRapidamente as equipes policiais chegaram no local e diante da situa\u00e7\u00e3o mesmo estando bastante alterado o autor<br \/>\nsoltou a faca e se entregou<br \/>\nEm busca pessoal foi localizado nos bolsos do shorts, 02 celulares da marca xiaomi e<br \/>\ncento e cinquenta reais; quais, em especie.<br \/>\nDurante a ocorr\u00eancia foi localizado outra v\u00edtima (propriet\u00e1ria de outro estabelecimento comercial) do qual o adolescente havia roubado um celular.<br \/>\nNo Plant\u00e3o Policial de Dracena foi apresentado a ocorr\u00eancia permanecendo o adolescente apreendido \u00e0 disposi\u00e7\u00e3o da Justi\u00e7a.<\/p>\n<p>Fonte: Com. Social Pol\u00edcia Militar<\/p>\n<p>&nbsp;<\/p>\n","protected":false},"excerpt":{"rendered":"<p>Na tarde de hoje (26) por volta das 15h policiais militares do 25\u00ba Batalh\u00e3o de Pol\u00edcia Militar do Interior em Dracena agiram rapidamente prendendo autor de roubo (adolescente 17 anos) a estabelecimentos comerciais. De posse de uma faca e com a camiseta cobrindo o rosto amea\u00e7ou e roubou 02 celulares e R$ 150,00 e posteriormente [&hellip;]<\/p>\n","protected":false},"author":1,"featured_media":93733,"comment_status":"closed","ping_status":"open","sticky":false,"template":"","format":"standard","meta":{"footnotes":""},"categories":[110,2],"tags":[],"class_list":["post-93732","post","type-post","status-publish","format-standard","has-post-thumbnail","hentry","category-noticiasdestaque","category-policial"],"_links":{"self":[{"href":"https:\/\/jorgezanoni.com.br\/2019\/wp-json\/wp\/v2\/posts\/93732","targetHints":{"allow":["GET"]}}],"collection":[{"href":"https:\/\/jorgezanoni.com.br\/2019\/wp-json\/wp\/v2\/posts"}],"about":[{"href":"https:\/\/jorgezanoni.com.br\/2019\/wp-json\/wp\/v2\/types\/post"}],"author":[{"embeddable":true,"href":"https:\/\/jorgezanoni.com.br\/2019\/wp-json\/wp\/v2\/users\/1"}],"replies":[{"embeddable":true,"href":"https:\/\/jorgezanoni.com.br\/2019\/wp-json\/wp\/v2\/comments?post=93732"}],"version-history":[{"count":3,"href":"https:\/\/jorgezanoni.com.br\/2019\/wp-json\/wp\/v2\/posts\/93732\/revisions"}],"predecessor-version":[{"id":93743,"href":"https:\/\/jorgezanoni.com.br\/2019\/wp-json\/wp\/v2\/posts\/93732\/revisions\/93743"}],"wp:featuredmedia":[{"embeddable":true,"href":"https:\/\/jorgezanoni.com.br\/2019\/wp-json\/wp\/v2\/media\/93733"}],"wp:attachment":[{"href":"https:\/\/jorgezanoni.com.br\/2019\/wp-json\/wp\/v2\/media?parent=93732"}],"wp:term":[{"taxonomy":"category","embeddable":true,"href":"https:\/\/jorgezanoni.com.br\/2019\/wp-json\/wp\/v2\/categories?post=93732"},{"taxonomy":"post_tag","embeddable":true,"href":"https:\/\/jorgezanoni.com.br\/2019\/wp-json\/wp\/v2\/tags?post=93732"}],"curies":[{"name":"wp","href":"https:\/\/api.w.org\/{rel}","templated":true}]}}