{"id":9371,"date":"2019-10-22T00:57:20","date_gmt":"2019-10-22T00:57:20","guid":{"rendered":"https:\/\/jorgezanoni.com.br\/2019\/?p=9371"},"modified":"2019-10-22T00:57:34","modified_gmt":"2019-10-22T00:57:34","slug":"granja-de-bastos-foi-destruida-por-vendaval-na-tarde-hoje","status":"publish","type":"post","link":"https:\/\/jorgezanoni.com.br\/2019\/granja-de-bastos-foi-destruida-por-vendaval-na-tarde-hoje\/","title":{"rendered":"Granja de Bastos foi destru\u00edda por vendaval na tarde hoje"},"content":{"rendered":"<p>Granja de Bastos foi destru\u00edda por vendaval na tarde hoje. (V\u00eddeo de Internauta) 21\/10\/19<\/p>\n<div id=\"fb-root\"><\/div>\n<p><script async=\"1\" defer=\"1\" crossorigin=\"anonymous\" src=\"https:\/\/connect.facebook.net\/en_US\/sdk.js#xfbml=1&amp;version=v4.0\"><\/script><\/p>\n<div class=\"fb-video\" data-href=\"https:\/\/www.facebook.com\/jorgezanonidracena\/videos\/2466717680275006\/\" data-width=\"696\">\n<blockquote cite=\"https:\/\/www.facebook.com\/jorgezanonidracena\/videos\/2466717680275006\/\" class=\"fb-xfbml-parse-ignore\"><p><a href=\"https:\/\/www.facebook.com\/jorgezanonidracena\/videos\/2466717680275006\/\">Granja de Bastos foi destru\u00edda por vendaval na tarde hoje. (V\u00eddeo de Internauta) 21\/10\/19<\/a><\/p>\n<p>Granja de Bastos foi destru\u00edda por vendaval na tarde hoje. (V\u00eddeo de Internauta) 21\/10\/19<\/p>\n<p>Posted by <a href=\"https:\/\/www.facebook.com\/jorgezanonidracena\/\">Jorge Zanoni<\/a> on Monday, October 21, 2019<\/p><\/blockquote>\n<\/div>\n","protected":false},"excerpt":{"rendered":"<p>Granja de Bastos foi destru\u00edda por vendaval na tarde hoje. (V\u00eddeo de Internauta) 21\/10\/19 Granja de Bastos foi destru\u00edda por vendaval na tarde hoje. (V\u00eddeo de Internauta) 21\/10\/19 Granja de Bastos foi destru\u00edda por vendaval na tarde hoje. (V\u00eddeo de Internauta) 21\/10\/19 Posted by Jorge Zanoni on Monday, October 21, 2019<\/p>\n","protected":false},"author":1,"featured_media":9372,"comment_status":"closed","ping_status":"open","sticky":false,"template":"","format":"video","meta":{"footnotes":""},"categories":[169],"tags":[],"class_list":["post-9371","post","type-post","status-publish","format-video","has-post-thumbnail","hentry","category-videos","post_format-post-format-video"],"_links":{"self":[{"href":"https:\/\/jorgezanoni.com.br\/2019\/wp-json\/wp\/v2\/posts\/9371","targetHints":{"allow":["GET"]}}],"collection":[{"href":"https:\/\/jorgezanoni.com.br\/2019\/wp-json\/wp\/v2\/posts"}],"about":[{"href":"https:\/\/jorgezanoni.com.br\/2019\/wp-json\/wp\/v2\/types\/post"}],"author":[{"embeddable":true,"href":"https:\/\/jorgezanoni.com.br\/2019\/wp-json\/wp\/v2\/users\/1"}],"replies":[{"embeddable":true,"href":"https:\/\/jorgezanoni.com.br\/2019\/wp-json\/wp\/v2\/comments?post=9371"}],"version-history":[{"count":0,"href":"https:\/\/jorgezanoni.com.br\/2019\/wp-json\/wp\/v2\/posts\/9371\/revisions"}],"wp:featuredmedia":[{"embeddable":true,"href":"https:\/\/jorgezanoni.com.br\/2019\/wp-json\/wp\/v2\/media\/9372"}],"wp:attachment":[{"href":"https:\/\/jorgezanoni.com.br\/2019\/wp-json\/wp\/v2\/media?parent=9371"}],"wp:term":[{"taxonomy":"category","embeddable":true,"href":"https:\/\/jorgezanoni.com.br\/2019\/wp-json\/wp\/v2\/categories?post=9371"},{"taxonomy":"post_tag","embeddable":true,"href":"https:\/\/jorgezanoni.com.br\/2019\/wp-json\/wp\/v2\/tags?post=9371"}],"curies":[{"name":"wp","href":"https:\/\/api.w.org\/{rel}","templated":true}]}}