{"id":93694,"date":"2025-03-25T15:55:47","date_gmt":"2025-03-25T15:55:47","guid":{"rendered":"https:\/\/jorgezanoni.com.br\/2019\/?p=93694"},"modified":"2025-03-25T15:55:47","modified_gmt":"2025-03-25T15:55:47","slug":"usina-dracena-emite-comunicado-de-nao-realizacao-de-negociacao","status":"publish","type":"post","link":"https:\/\/jorgezanoni.com.br\/2019\/usina-dracena-emite-comunicado-de-nao-realizacao-de-negociacao\/","title":{"rendered":"Usina Dracena emite comunicado de n\u00e3o realiza\u00e7\u00e3o de negocia\u00e7\u00e3o"},"content":{"rendered":"<p style=\"text-align: justify;\"><strong>COMUNICADO \u00c0S AUTORIDADES, PROPRIET\u00c1RIOS DE TERRAS, FORNECEDORES E AO P\u00daBLICO EM GERAL<\/strong><\/p>\n<p style=\"text-align: justify;\"><strong>USINA DRACENA A\u00c7\u00daCAR E \u00c1LCOOL LTDA<\/strong><\/p>\n<p style=\"text-align: justify;\">\u00a0\u00a0\u00a0\u00a0\u00a0\u00a0\u00a0\u00a0\u00a0\u00a0\u00a0\u00a0\u00a0\u00a0\u00a0\u00a0\u00a0\u00a0\u00a0\u00a0\u00a0\u00a0\u00a0\u00a0\u00a0\u00a0\u00a0\u00a0\u00a0\u00a0\u00a0\u00a0\u00a0\u00a0 <strong><u>COMUNICADO DE N\u00c3O REALIZA\u00c7\u00c3O DE NEGOCIA\u00c7\u00c3O<\/u><\/strong><strong><u>\u00a0<\/u><\/strong><\/p>\n<p style=\"text-align: justify;\">A Usina Dracena A\u00e7\u00facar e \u00c1lcool Ltda., localizada no Munic\u00edpio de Dracena, Estado de S\u00e3o Paulo, informa que as negocia\u00e7\u00f5es para a venda da empresa \u00e0 Wagro Trade Importa\u00e7\u00e3o e Exporta\u00e7\u00e3o S\/A, apesar de v\u00e1rias flexibiliza\u00e7\u00f5es e concess\u00f5es unilaterais por parte da Usina Dracena e suas s\u00f3cias controladoras \u2013 BETA Participa\u00e7\u00f5es e Empreendimentos Ltda\u00a0 e TAMBORIL Participa\u00e7\u00f5es e Empreendimentos Ltda &#8211; , atrav\u00e9s de seus Diretores, Adriano Rossi e Sidonio Vilela Gouveia, estas\u00a0 n\u00e3o foram atendidas e conclu\u00eddas pela Compradora. Portanto, apesar de tudo isso, a empresa interessada \u2013 Wagro Trade &#8211;\u00a0 n\u00e3o conseguiu cumprir as condi\u00e7\u00f5es propostas para a transa\u00e7\u00e3o.<\/p>\n<p style=\"text-align: justify;\">Diante disso, comunicamos \u00e0 Prefeitura do Munic\u00edpio de Dracena, \u00e0s autoridades em geral, aos propriet\u00e1rios de \u00e1reas rurais, aos poss\u00edveis clientes e fornecedores, e \u00e0 popula\u00e7\u00e3o da regi\u00e3o,\u00a0 que a Usina Dracena permanece com a mesma configura\u00e7\u00e3o societ\u00e1ria existente desde sua inaugura\u00e7\u00e3o, em 2006, tendo como s\u00f3cias EXCLUSIVAMENTE\u00a0\u00a0as empresas BETA Participa\u00e7\u00f5es e Empreendimentos Ltda e TAMBORIL Participa\u00e7\u00f5es e Empreendimentos Ltda, e os administradores ADRIANO ROSSI e\u00a0\u00a0SIDONIO VILELA GOUVEIA.<\/p>\n<p style=\"text-align: justify;\">Esclarecemos que a reativa\u00e7\u00e3o das atividades operacionais da Usina depende de diversas provid\u00eancias ainda em andamento. No momento oportuno, a Dire\u00e7\u00e3o da Usina emitir\u00e1\u00a0 novo comunicado para informar sobre o progresso de suas iniciativas.<\/p>\n<p style=\"text-align: justify;\">Agradecemos a aten\u00e7\u00e3o de todos e contamos com o cont\u00ednuo apoio da comunidade e das autoridades locais.<\/p>\n<p style=\"text-align: justify;\">Dracena, 24 de mar\u00e7o de 2.025.<\/p>\n<p style=\"text-align: justify;\">Dire\u00e7\u00e3o da USINA DRACENA A\u00c7\u00daCAR E \u00c1LCOOL LTDA.<\/p>\n<p>Adriano Rossi \u2013 Sidonio Vilela Gouveia<\/p>\n<p>&nbsp;<\/p>\n","protected":false},"excerpt":{"rendered":"<p>COMUNICADO \u00c0S AUTORIDADES, PROPRIET\u00c1RIOS DE TERRAS, FORNECEDORES E AO P\u00daBLICO EM GERAL USINA DRACENA A\u00c7\u00daCAR E \u00c1LCOOL LTDA \u00a0\u00a0\u00a0\u00a0\u00a0\u00a0\u00a0\u00a0\u00a0\u00a0\u00a0\u00a0\u00a0\u00a0\u00a0\u00a0\u00a0\u00a0\u00a0\u00a0\u00a0\u00a0\u00a0\u00a0\u00a0\u00a0\u00a0\u00a0\u00a0\u00a0\u00a0\u00a0\u00a0\u00a0 COMUNICADO DE N\u00c3O REALIZA\u00c7\u00c3O DE NEGOCIA\u00c7\u00c3O\u00a0 A Usina Dracena A\u00e7\u00facar e \u00c1lcool Ltda., localizada no Munic\u00edpio de Dracena, Estado de S\u00e3o Paulo, informa que as negocia\u00e7\u00f5es para a venda da empresa \u00e0 Wagro Trade Importa\u00e7\u00e3o e [&hellip;]<\/p>\n","protected":false},"author":1,"featured_media":93695,"comment_status":"closed","ping_status":"open","sticky":false,"template":"","format":"standard","meta":{"footnotes":""},"categories":[179,184,176,110],"tags":[],"class_list":["post-93694","post","type-post","status-publish","format-standard","has-post-thumbnail","hentry","category-cidadeseregiao","category-dracena","category-meioambienteeagricultura","category-noticiasdestaque"],"_links":{"self":[{"href":"https:\/\/jorgezanoni.com.br\/2019\/wp-json\/wp\/v2\/posts\/93694","targetHints":{"allow":["GET"]}}],"collection":[{"href":"https:\/\/jorgezanoni.com.br\/2019\/wp-json\/wp\/v2\/posts"}],"about":[{"href":"https:\/\/jorgezanoni.com.br\/2019\/wp-json\/wp\/v2\/types\/post"}],"author":[{"embeddable":true,"href":"https:\/\/jorgezanoni.com.br\/2019\/wp-json\/wp\/v2\/users\/1"}],"replies":[{"embeddable":true,"href":"https:\/\/jorgezanoni.com.br\/2019\/wp-json\/wp\/v2\/comments?post=93694"}],"version-history":[{"count":1,"href":"https:\/\/jorgezanoni.com.br\/2019\/wp-json\/wp\/v2\/posts\/93694\/revisions"}],"predecessor-version":[{"id":93696,"href":"https:\/\/jorgezanoni.com.br\/2019\/wp-json\/wp\/v2\/posts\/93694\/revisions\/93696"}],"wp:featuredmedia":[{"embeddable":true,"href":"https:\/\/jorgezanoni.com.br\/2019\/wp-json\/wp\/v2\/media\/93695"}],"wp:attachment":[{"href":"https:\/\/jorgezanoni.com.br\/2019\/wp-json\/wp\/v2\/media?parent=93694"}],"wp:term":[{"taxonomy":"category","embeddable":true,"href":"https:\/\/jorgezanoni.com.br\/2019\/wp-json\/wp\/v2\/categories?post=93694"},{"taxonomy":"post_tag","embeddable":true,"href":"https:\/\/jorgezanoni.com.br\/2019\/wp-json\/wp\/v2\/tags?post=93694"}],"curies":[{"name":"wp","href":"https:\/\/api.w.org\/{rel}","templated":true}]}}