{"id":93635,"date":"2025-03-23T19:21:20","date_gmt":"2025-03-23T19:21:20","guid":{"rendered":"https:\/\/jorgezanoni.com.br\/2019\/?p=93635"},"modified":"2025-03-23T19:21:20","modified_gmt":"2025-03-23T19:21:20","slug":"policia-militar-prende-autor-e-recupera-veiculo-que-havia-acabado-de-ser-furtado-em-dracena","status":"publish","type":"post","link":"https:\/\/jorgezanoni.com.br\/2019\/policia-militar-prende-autor-e-recupera-veiculo-que-havia-acabado-de-ser-furtado-em-dracena\/","title":{"rendered":"Pol\u00edcia Militar prende autor e recupera ve\u00edculo que havia acabado de ser furtado em Dracena"},"content":{"rendered":"<p>POL\u00cdCIA MILITAR AGE RAPIDAMENTE EM DRACENA E EM MENOS DE 30 MINUTOS RECUPERA VE\u00cdCULO FURTADO E DEVOLVE AO PROPRIET\u00c1RIO.<\/p>\n<p style=\"text-align: justify;\">Na data de hoje (23) por volta das 10h10min policiais militares do 25\u00ba Batalh\u00e3o de Pol\u00edcia Militar do Interior ap\u00f3s o copom irradiar furto de um ve\u00edculo Corsa, de cor branca, rapidamente as equipes policiais direcionaram o patrulhamento no sentido de localiz\u00e1-lo.<br \/>\nCom apoio das demais equipes policiais, foi irradiado que o ve\u00edculo havia tomado sentido Junqueirop\u00f3lis, ato continuo, foi localizado o ve\u00edculo transitando pela vicinal M\u00e1rio Covas, no sentido Junqueirop\u00f3lis, e imediatamente o condutor ( homem 41 anos), ao visualizar a presen\u00e7a ostensiva da viatura, optou por empreender fuga, desencadeando um cerco policial com apoio das viaturas da 1\u00aa cia PM.<br \/>\nEm dado momento \u00e0s 10h39min o condutor foi interceptado e detido e dada voz de pris\u00e3o.<br \/>\npor infringir o art 155 do C\u00f3digo Penal sendo apresentado a autoridade de plant\u00e3o que ratificou a voz de pris\u00e3o.<br \/>\nEm pesquisa criminal verificou se que era evadido do sistema prisional.<br \/>\nO ve\u00edculo foi submetido a per\u00edcia t\u00e9cnica, pelo plantao policial, o qual continha em sua chave de igni\u00e7\u00e3o uma gazua.<\/p>\n<p>Fonte: Com. Social Pol\u00edcia Militar<\/p>\n","protected":false},"excerpt":{"rendered":"<p>POL\u00cdCIA MILITAR AGE RAPIDAMENTE EM DRACENA E EM MENOS DE 30 MINUTOS RECUPERA VE\u00cdCULO FURTADO E DEVOLVE AO PROPRIET\u00c1RIO. Na data de hoje (23) por volta das 10h10min policiais militares do 25\u00ba Batalh\u00e3o de Pol\u00edcia Militar do Interior ap\u00f3s o copom irradiar furto de um ve\u00edculo Corsa, de cor branca, rapidamente as equipes policiais direcionaram [&hellip;]<\/p>\n","protected":false},"author":1,"featured_media":93636,"comment_status":"closed","ping_status":"open","sticky":false,"template":"","format":"standard","meta":{"footnotes":""},"categories":[170,110],"tags":[],"class_list":["post-93635","post","type-post","status-publish","format-standard","has-post-thumbnail","hentry","category-acidentes","category-noticiasdestaque"],"_links":{"self":[{"href":"https:\/\/jorgezanoni.com.br\/2019\/wp-json\/wp\/v2\/posts\/93635","targetHints":{"allow":["GET"]}}],"collection":[{"href":"https:\/\/jorgezanoni.com.br\/2019\/wp-json\/wp\/v2\/posts"}],"about":[{"href":"https:\/\/jorgezanoni.com.br\/2019\/wp-json\/wp\/v2\/types\/post"}],"author":[{"embeddable":true,"href":"https:\/\/jorgezanoni.com.br\/2019\/wp-json\/wp\/v2\/users\/1"}],"replies":[{"embeddable":true,"href":"https:\/\/jorgezanoni.com.br\/2019\/wp-json\/wp\/v2\/comments?post=93635"}],"version-history":[{"count":1,"href":"https:\/\/jorgezanoni.com.br\/2019\/wp-json\/wp\/v2\/posts\/93635\/revisions"}],"predecessor-version":[{"id":93638,"href":"https:\/\/jorgezanoni.com.br\/2019\/wp-json\/wp\/v2\/posts\/93635\/revisions\/93638"}],"wp:featuredmedia":[{"embeddable":true,"href":"https:\/\/jorgezanoni.com.br\/2019\/wp-json\/wp\/v2\/media\/93636"}],"wp:attachment":[{"href":"https:\/\/jorgezanoni.com.br\/2019\/wp-json\/wp\/v2\/media?parent=93635"}],"wp:term":[{"taxonomy":"category","embeddable":true,"href":"https:\/\/jorgezanoni.com.br\/2019\/wp-json\/wp\/v2\/categories?post=93635"},{"taxonomy":"post_tag","embeddable":true,"href":"https:\/\/jorgezanoni.com.br\/2019\/wp-json\/wp\/v2\/tags?post=93635"}],"curies":[{"name":"wp","href":"https:\/\/api.w.org\/{rel}","templated":true}]}}