{"id":9354,"date":"2019-10-22T00:15:19","date_gmt":"2019-10-22T00:15:19","guid":{"rendered":"https:\/\/jorgezanoni.com.br\/2019\/?p=9354"},"modified":"2019-10-22T00:18:28","modified_gmt":"2019-10-22T00:18:28","slug":"arvore-cai-sobre-carro-com-motorista-em-seu-em-interior-na-cidade-de-junqueiropolis","status":"publish","type":"post","link":"https:\/\/jorgezanoni.com.br\/2019\/arvore-cai-sobre-carro-com-motorista-em-seu-em-interior-na-cidade-de-junqueiropolis\/","title":{"rendered":"\u00c1rvore cai sobre carro com motorista em seu em interior na cidade de Junqueir\u00f3polis"},"content":{"rendered":"<p style=\"text-align: justify;\">O operador de m\u00e1quinas Luiz Carlos da Silva, passou por momentos de pavor e al\u00edvio durante o temporal que caiu sobre a cidade na tarde desta segunda-feira, 21. Uma \u00e1rvore com cerca de seis metros de altura e com galhos e tronco pesados tombou sobre o seu carro, com ele no seu interior.<br \/>\nSilva informa que saia de sua casa na avenida Campos Sales (pr\u00f3ximo \u00e0 igreja da comunidade S\u00e3o Miguel), para ir ao trabalho na usina de \u00e1lcool logo que come\u00e7ou o temporal e assim que entrou no carro ouviu o barulho e o impacto da \u00e1rvore caindo sobre o ve\u00edculo.<br \/>\nPara seu al\u00edvio, a \u00e1rvore atingiu mais a parte traseira do carro, mesmo assim ele n\u00e3o conseguiu sair do interior e foi retirado do ve\u00edculo pelos bombeiros da Base Socorrista de Junqueir\u00f3polis.<img loading=\"lazy\" decoding=\"async\" class=\"alignnone size-full wp-image-9355\" src=\"https:\/\/jorgezanoni.com.br\/2019\/wp-content\/uploads\/2019\/10\/carro1.jpg\" alt=\"\" width=\"768\" height=\"514\" srcset=\"https:\/\/jorgezanoni.com.br\/2019\/wp-content\/uploads\/2019\/10\/carro1.jpg 768w, https:\/\/jorgezanoni.com.br\/2019\/wp-content\/uploads\/2019\/10\/carro1-300x201.jpg 300w, https:\/\/jorgezanoni.com.br\/2019\/wp-content\/uploads\/2019\/10\/carro1-696x466.jpg 696w, https:\/\/jorgezanoni.com.br\/2019\/wp-content\/uploads\/2019\/10\/carro1-628x420.jpg 628w\" sizes=\"auto, (max-width: 768px) 100vw, 768px\" \/>Silva relata que foi muito r\u00e1pido e o impacto da \u00e1rvore pesada sobre o carro foi. Ele estava agradecido por n\u00e3o ter sofrido nenhum ferimento. Devido o sol forte, o tratorista costumava deixar o carro sob a sombra \u00e1rvore que fica em frente sua casa.<br \/>\nNa queda da \u00e1rvore, galhos da \u00e1rvore ficaram sobre os cabos de telefone e internet. Funcion\u00e1rios da Prefeitura fizeram o corte dos galhos com motoserra para facilitar a retirada e evitar acidentes.<br \/>\nEm seguida, uma p\u00e1-carregadeira, empurrou a \u00e1rvore para que o carro, um Santana, pudesse ser removido com seguran\u00e7a, o que ocorreu. Apesar dos cuidados os cabos foram rompidos.<br \/>\nMAIS DANOS- Al\u00e9m dessa \u00e1rvore, mais quedas de \u00e1rvores foram registradas pelo setor municipal de Obras, durante o vendaval. Uma em propriedade pr\u00f3xima ao bairro Uni\u00e3o e a segunda, na curva da estrada vicinal Jos\u00e9 Siniciato, ao lado da ch\u00e1cara Aramaki e Clube dos Servidores Municipais, na sa\u00edda da cidades. Ambas tamb\u00e9m foram retiradas assim que a chuva amenizou.<br \/>\nA ventania tamb\u00e9m quebrou galhos de \u00e1rvores parque ecol\u00f3gico, quedas de outdoor, entortou antenas de tev\u00eas mas a Base Socorrista n\u00e3o registrou nenhum alagamento em resid\u00eancia ou com\u00e9rcio, nem relatos de chuva com granizo.<\/p>\n<p style=\"text-align: justify;\"><img loading=\"lazy\" decoding=\"async\" class=\"alignnone size-full wp-image-9356\" src=\"https:\/\/jorgezanoni.com.br\/2019\/wp-content\/uploads\/2019\/10\/carro2.jpg\" alt=\"\" width=\"768\" height=\"514\" srcset=\"https:\/\/jorgezanoni.com.br\/2019\/wp-content\/uploads\/2019\/10\/carro2.jpg 768w, https:\/\/jorgezanoni.com.br\/2019\/wp-content\/uploads\/2019\/10\/carro2-300x201.jpg 300w, https:\/\/jorgezanoni.com.br\/2019\/wp-content\/uploads\/2019\/10\/carro2-696x466.jpg 696w, https:\/\/jorgezanoni.com.br\/2019\/wp-content\/uploads\/2019\/10\/carro2-628x420.jpg 628w\" sizes=\"auto, (max-width: 768px) 100vw, 768px\" \/>FALTA DE ENERGIA- A chuva com vento tamb\u00e9m provocou queda de energia el\u00e9trica em v\u00e1rios pontos da cidade, no centro e bairros. Sem energia, o sem\u00e1foro do cruzamento da avenida 7 de Setembro, com a avenida Geraldo Fudo, na entrada da cidade, parou de funcionar.<br \/>\nO segundo sem\u00e1foro no cruzamento da avenida 7 de Setembro com a rua General Os\u00f3rio ficou em amarelo piscante, e voltou a normalizar cerca de 40 minutos depois.<\/p>\n<p><img loading=\"lazy\" decoding=\"async\" class=\"alignnone size-full wp-image-9357\" src=\"https:\/\/jorgezanoni.com.br\/2019\/wp-content\/uploads\/2019\/10\/carro3.jpg\" alt=\"\" width=\"768\" height=\"514\" srcset=\"https:\/\/jorgezanoni.com.br\/2019\/wp-content\/uploads\/2019\/10\/carro3.jpg 768w, https:\/\/jorgezanoni.com.br\/2019\/wp-content\/uploads\/2019\/10\/carro3-300x201.jpg 300w, https:\/\/jorgezanoni.com.br\/2019\/wp-content\/uploads\/2019\/10\/carro3-696x466.jpg 696w, https:\/\/jorgezanoni.com.br\/2019\/wp-content\/uploads\/2019\/10\/carro3-628x420.jpg 628w\" sizes=\"auto, (max-width: 768px) 100vw, 768px\" \/> <img loading=\"lazy\" decoding=\"async\" class=\"alignnone size-full wp-image-9358\" src=\"https:\/\/jorgezanoni.com.br\/2019\/wp-content\/uploads\/2019\/10\/carro4.jpg\" alt=\"\" width=\"768\" height=\"514\" srcset=\"https:\/\/jorgezanoni.com.br\/2019\/wp-content\/uploads\/2019\/10\/carro4.jpg 768w, https:\/\/jorgezanoni.com.br\/2019\/wp-content\/uploads\/2019\/10\/carro4-300x201.jpg 300w, https:\/\/jorgezanoni.com.br\/2019\/wp-content\/uploads\/2019\/10\/carro4-696x466.jpg 696w, https:\/\/jorgezanoni.com.br\/2019\/wp-content\/uploads\/2019\/10\/carro4-628x420.jpg 628w\" sizes=\"auto, (max-width: 768px) 100vw, 768px\" \/> <img loading=\"lazy\" decoding=\"async\" class=\"alignnone size-full wp-image-9359\" src=\"https:\/\/jorgezanoni.com.br\/2019\/wp-content\/uploads\/2019\/10\/carro5.jpg\" alt=\"\" width=\"768\" height=\"514\" srcset=\"https:\/\/jorgezanoni.com.br\/2019\/wp-content\/uploads\/2019\/10\/carro5.jpg 768w, https:\/\/jorgezanoni.com.br\/2019\/wp-content\/uploads\/2019\/10\/carro5-300x201.jpg 300w, https:\/\/jorgezanoni.com.br\/2019\/wp-content\/uploads\/2019\/10\/carro5-696x466.jpg 696w, https:\/\/jorgezanoni.com.br\/2019\/wp-content\/uploads\/2019\/10\/carro5-628x420.jpg 628w\" sizes=\"auto, (max-width: 768px) 100vw, 768px\" \/> <img loading=\"lazy\" decoding=\"async\" class=\"alignnone size-full wp-image-9360\" src=\"https:\/\/jorgezanoni.com.br\/2019\/wp-content\/uploads\/2019\/10\/carro6.jpg\" alt=\"\" width=\"768\" height=\"514\" srcset=\"https:\/\/jorgezanoni.com.br\/2019\/wp-content\/uploads\/2019\/10\/carro6.jpg 768w, https:\/\/jorgezanoni.com.br\/2019\/wp-content\/uploads\/2019\/10\/carro6-300x201.jpg 300w, https:\/\/jorgezanoni.com.br\/2019\/wp-content\/uploads\/2019\/10\/carro6-696x466.jpg 696w, https:\/\/jorgezanoni.com.br\/2019\/wp-content\/uploads\/2019\/10\/carro6-628x420.jpg 628w\" sizes=\"auto, (max-width: 768px) 100vw, 768px\" \/> <img loading=\"lazy\" decoding=\"async\" class=\"alignnone size-full wp-image-9361\" src=\"https:\/\/jorgezanoni.com.br\/2019\/wp-content\/uploads\/2019\/10\/carro7.jpg\" alt=\"\" width=\"768\" height=\"514\" srcset=\"https:\/\/jorgezanoni.com.br\/2019\/wp-content\/uploads\/2019\/10\/carro7.jpg 768w, https:\/\/jorgezanoni.com.br\/2019\/wp-content\/uploads\/2019\/10\/carro7-300x201.jpg 300w, https:\/\/jorgezanoni.com.br\/2019\/wp-content\/uploads\/2019\/10\/carro7-696x466.jpg 696w, https:\/\/jorgezanoni.com.br\/2019\/wp-content\/uploads\/2019\/10\/carro7-628x420.jpg 628w\" sizes=\"auto, (max-width: 768px) 100vw, 768px\" \/> <img loading=\"lazy\" decoding=\"async\" class=\"alignnone size-full wp-image-9362\" src=\"https:\/\/jorgezanoni.com.br\/2019\/wp-content\/uploads\/2019\/10\/carro8.jpg\" alt=\"\" width=\"768\" height=\"514\" srcset=\"https:\/\/jorgezanoni.com.br\/2019\/wp-content\/uploads\/2019\/10\/carro8.jpg 768w, https:\/\/jorgezanoni.com.br\/2019\/wp-content\/uploads\/2019\/10\/carro8-300x201.jpg 300w, https:\/\/jorgezanoni.com.br\/2019\/wp-content\/uploads\/2019\/10\/carro8-696x466.jpg 696w, https:\/\/jorgezanoni.com.br\/2019\/wp-content\/uploads\/2019\/10\/carro8-628x420.jpg 628w\" sizes=\"auto, (max-width: 768px) 100vw, 768px\" \/><img loading=\"lazy\" decoding=\"async\" class=\"alignnone size-full wp-image-9363\" src=\"https:\/\/jorgezanoni.com.br\/2019\/wp-content\/uploads\/2019\/10\/carro9.jpg\" alt=\"\" width=\"768\" height=\"514\" srcset=\"https:\/\/jorgezanoni.com.br\/2019\/wp-content\/uploads\/2019\/10\/carro9.jpg 768w, https:\/\/jorgezanoni.com.br\/2019\/wp-content\/uploads\/2019\/10\/carro9-300x201.jpg 300w, https:\/\/jorgezanoni.com.br\/2019\/wp-content\/uploads\/2019\/10\/carro9-696x466.jpg 696w, https:\/\/jorgezanoni.com.br\/2019\/wp-content\/uploads\/2019\/10\/carro9-628x420.jpg 628w\" sizes=\"auto, (max-width: 768px) 100vw, 768px\" \/> <img loading=\"lazy\" decoding=\"async\" class=\"alignnone size-full wp-image-9364\" src=\"https:\/\/jorgezanoni.com.br\/2019\/wp-content\/uploads\/2019\/10\/carro11.jpg\" alt=\"\" width=\"768\" height=\"514\" srcset=\"https:\/\/jorgezanoni.com.br\/2019\/wp-content\/uploads\/2019\/10\/carro11.jpg 768w, https:\/\/jorgezanoni.com.br\/2019\/wp-content\/uploads\/2019\/10\/carro11-300x201.jpg 300w, https:\/\/jorgezanoni.com.br\/2019\/wp-content\/uploads\/2019\/10\/carro11-696x466.jpg 696w, https:\/\/jorgezanoni.com.br\/2019\/wp-content\/uploads\/2019\/10\/carro11-628x420.jpg 628w\" sizes=\"auto, (max-width: 768px) 100vw, 768px\" \/> <img loading=\"lazy\" decoding=\"async\" class=\"alignnone size-full wp-image-9365\" src=\"https:\/\/jorgezanoni.com.br\/2019\/wp-content\/uploads\/2019\/10\/carrp10.jpg\" alt=\"\" width=\"768\" height=\"514\" srcset=\"https:\/\/jorgezanoni.com.br\/2019\/wp-content\/uploads\/2019\/10\/carrp10.jpg 768w, https:\/\/jorgezanoni.com.br\/2019\/wp-content\/uploads\/2019\/10\/carrp10-300x201.jpg 300w, https:\/\/jorgezanoni.com.br\/2019\/wp-content\/uploads\/2019\/10\/carrp10-696x466.jpg 696w, https:\/\/jorgezanoni.com.br\/2019\/wp-content\/uploads\/2019\/10\/carrp10-628x420.jpg 628w\" sizes=\"auto, (max-width: 768px) 100vw, 768px\" \/><\/p>\n<p>Fonte: junqueiropolisemdia.com.br<\/p>\n","protected":false},"excerpt":{"rendered":"<p>O operador de m\u00e1quinas Luiz Carlos da Silva, passou por momentos de pavor e al\u00edvio durante o temporal que caiu sobre a cidade na tarde desta segunda-feira, 21. Uma \u00e1rvore com cerca de seis metros de altura e com galhos e tronco pesados tombou sobre o seu carro, com ele no seu interior. Silva informa [&hellip;]<\/p>\n","protected":false},"author":1,"featured_media":9366,"comment_status":"closed","ping_status":"open","sticky":false,"template":"","format":"standard","meta":{"footnotes":""},"categories":[114,110],"tags":[],"class_list":["post-9354","post","type-post","status-publish","format-standard","has-post-thumbnail","hentry","category-geralecomercio","category-noticiasdestaque"],"_links":{"self":[{"href":"https:\/\/jorgezanoni.com.br\/2019\/wp-json\/wp\/v2\/posts\/9354","targetHints":{"allow":["GET"]}}],"collection":[{"href":"https:\/\/jorgezanoni.com.br\/2019\/wp-json\/wp\/v2\/posts"}],"about":[{"href":"https:\/\/jorgezanoni.com.br\/2019\/wp-json\/wp\/v2\/types\/post"}],"author":[{"embeddable":true,"href":"https:\/\/jorgezanoni.com.br\/2019\/wp-json\/wp\/v2\/users\/1"}],"replies":[{"embeddable":true,"href":"https:\/\/jorgezanoni.com.br\/2019\/wp-json\/wp\/v2\/comments?post=9354"}],"version-history":[{"count":0,"href":"https:\/\/jorgezanoni.com.br\/2019\/wp-json\/wp\/v2\/posts\/9354\/revisions"}],"wp:featuredmedia":[{"embeddable":true,"href":"https:\/\/jorgezanoni.com.br\/2019\/wp-json\/wp\/v2\/media\/9366"}],"wp:attachment":[{"href":"https:\/\/jorgezanoni.com.br\/2019\/wp-json\/wp\/v2\/media?parent=9354"}],"wp:term":[{"taxonomy":"category","embeddable":true,"href":"https:\/\/jorgezanoni.com.br\/2019\/wp-json\/wp\/v2\/categories?post=9354"},{"taxonomy":"post_tag","embeddable":true,"href":"https:\/\/jorgezanoni.com.br\/2019\/wp-json\/wp\/v2\/tags?post=9354"}],"curies":[{"name":"wp","href":"https:\/\/api.w.org\/{rel}","templated":true}]}}