{"id":93483,"date":"2025-03-17T15:24:00","date_gmt":"2025-03-17T15:24:00","guid":{"rendered":"https:\/\/jorgezanoni.com.br\/2019\/?p=93483"},"modified":"2025-03-17T15:24:00","modified_gmt":"2025-03-17T15:24:00","slug":"acidente-na-ms-338-entre-bataguassu-e-santa-rita-do-pardo-deixa-uma-vitima-fatal-um-dos-veiculos-tem-placas-de-dracena","status":"publish","type":"post","link":"https:\/\/jorgezanoni.com.br\/2019\/acidente-na-ms-338-entre-bataguassu-e-santa-rita-do-pardo-deixa-uma-vitima-fatal-um-dos-veiculos-tem-placas-de-dracena\/","title":{"rendered":"Acidente na MS-338 entre Bataguassu e Santa Rita do Pardo deixa uma v\u00edtima fatal. Um dos ve\u00edculos tem placas de Dracena"},"content":{"rendered":"<div class=\"xdj266r x11i5rnm xat24cr x1mh8g0r x1vvkbs x126k92a\">\n<div dir=\"auto\" style=\"text-align: justify;\"><strong>Um grave acidente na MS-338, a cerca de 25 quil\u00f4metros entre Bataguassu e Santa Rita do Pardo, resultou na morte de uma mulher e deixou um homem ferido na noite deste domingo (16).<\/strong><\/div>\n<div dir=\"auto\" style=\"text-align: justify;\"><\/div>\n<\/div>\n<div class=\"x11i5rnm xat24cr x1mh8g0r x1vvkbs xtlvy1s x126k92a\" style=\"text-align: justify;\">\n<div dir=\"auto\">De acordo com as primeiras informa\u00e7\u00f5es, um ve\u00edculo Hyundai HB20, com placas de S\u00e3o Jos\u00e9 dos Campos (SP), colidiu violentamente contra uma caminhonete GM S10, com placas de Dracena (SP), que seguia sentido a Bataguassu. A motorista do HB20 n\u00e3o resistiu aos ferimentos e faleceu no local.<\/div>\n<div dir=\"auto\"><\/div>\n<\/div>\n<div class=\"x11i5rnm xat24cr x1mh8g0r x1vvkbs xtlvy1s x126k92a\" style=\"text-align: justify;\">\n<div dir=\"auto\">O condutor da caminhonete foi socorrido pelo Corpo de Bombeiros e encaminhado ao Pronto-Socorro Municipal de Bataguassu. Um Volkswagen Gol, com tr\u00eas ocupantes, que trafegava logo atr\u00e1s da GM\/S10, acabou se envolvendo no acidente, mas seus ocupantes n\u00e3o sofreram ferimentos.<\/div>\n<div dir=\"auto\"><\/div>\n<\/div>\n<div class=\"x11i5rnm xat24cr x1mh8g0r x1vvkbs xtlvy1s x126k92a\">\n<div dir=\"auto\" style=\"text-align: justify;\">A pista ficou interditada para os trabalhos das equipes de resgate e per\u00edcia. As causas do acidente ser\u00e3o investigadas.<\/div>\n<div dir=\"auto\"><img loading=\"lazy\" decoding=\"async\" class=\"alignnone size-full wp-image-93485\" src=\"https:\/\/jorgezanoni.com.br\/2019\/wp-content\/uploads\/2025\/03\/bata-Pequeno.jpeg\" alt=\"\" width=\"854\" height=\"480\" srcset=\"https:\/\/jorgezanoni.com.br\/2019\/wp-content\/uploads\/2025\/03\/bata-Pequeno.jpeg 854w, https:\/\/jorgezanoni.com.br\/2019\/wp-content\/uploads\/2025\/03\/bata-Pequeno-300x169.jpeg 300w, https:\/\/jorgezanoni.com.br\/2019\/wp-content\/uploads\/2025\/03\/bata-Pequeno-768x432.jpeg 768w, https:\/\/jorgezanoni.com.br\/2019\/wp-content\/uploads\/2025\/03\/bata-Pequeno-696x391.jpeg 696w, https:\/\/jorgezanoni.com.br\/2019\/wp-content\/uploads\/2025\/03\/bata-Pequeno-747x420.jpeg 747w\" sizes=\"auto, (max-width: 854px) 100vw, 854px\" \/> <img loading=\"lazy\" decoding=\"async\" class=\"alignnone size-full wp-image-93487\" src=\"https:\/\/jorgezanoni.com.br\/2019\/wp-content\/uploads\/2025\/03\/bata3-Pequeno.jpeg\" alt=\"\" width=\"854\" height=\"480\" srcset=\"https:\/\/jorgezanoni.com.br\/2019\/wp-content\/uploads\/2025\/03\/bata3-Pequeno.jpeg 854w, https:\/\/jorgezanoni.com.br\/2019\/wp-content\/uploads\/2025\/03\/bata3-Pequeno-300x169.jpeg 300w, https:\/\/jorgezanoni.com.br\/2019\/wp-content\/uploads\/2025\/03\/bata3-Pequeno-768x432.jpeg 768w, https:\/\/jorgezanoni.com.br\/2019\/wp-content\/uploads\/2025\/03\/bata3-Pequeno-696x391.jpeg 696w, https:\/\/jorgezanoni.com.br\/2019\/wp-content\/uploads\/2025\/03\/bata3-Pequeno-747x420.jpeg 747w\" sizes=\"auto, (max-width: 854px) 100vw, 854px\" \/><\/div>\n<\/div>\n<div dir=\"auto\"><\/div>\n<div dir=\"auto\">Fonte: Da Hora Bataguassu<\/div>\n","protected":false},"excerpt":{"rendered":"<p>Um grave acidente na MS-338, a cerca de 25 quil\u00f4metros entre Bataguassu e Santa Rita do Pardo, resultou na morte de uma mulher e deixou um homem ferido na noite deste domingo (16). De acordo com as primeiras informa\u00e7\u00f5es, um ve\u00edculo Hyundai HB20, com placas de S\u00e3o Jos\u00e9 dos Campos (SP), colidiu violentamente contra uma [&hellip;]<\/p>\n","protected":false},"author":1,"featured_media":93486,"comment_status":"closed","ping_status":"open","sticky":false,"template":"","format":"standard","meta":{"footnotes":""},"categories":[170,110],"tags":[],"class_list":["post-93483","post","type-post","status-publish","format-standard","has-post-thumbnail","hentry","category-acidentes","category-noticiasdestaque"],"_links":{"self":[{"href":"https:\/\/jorgezanoni.com.br\/2019\/wp-json\/wp\/v2\/posts\/93483","targetHints":{"allow":["GET"]}}],"collection":[{"href":"https:\/\/jorgezanoni.com.br\/2019\/wp-json\/wp\/v2\/posts"}],"about":[{"href":"https:\/\/jorgezanoni.com.br\/2019\/wp-json\/wp\/v2\/types\/post"}],"author":[{"embeddable":true,"href":"https:\/\/jorgezanoni.com.br\/2019\/wp-json\/wp\/v2\/users\/1"}],"replies":[{"embeddable":true,"href":"https:\/\/jorgezanoni.com.br\/2019\/wp-json\/wp\/v2\/comments?post=93483"}],"version-history":[{"count":1,"href":"https:\/\/jorgezanoni.com.br\/2019\/wp-json\/wp\/v2\/posts\/93483\/revisions"}],"predecessor-version":[{"id":93488,"href":"https:\/\/jorgezanoni.com.br\/2019\/wp-json\/wp\/v2\/posts\/93483\/revisions\/93488"}],"wp:featuredmedia":[{"embeddable":true,"href":"https:\/\/jorgezanoni.com.br\/2019\/wp-json\/wp\/v2\/media\/93486"}],"wp:attachment":[{"href":"https:\/\/jorgezanoni.com.br\/2019\/wp-json\/wp\/v2\/media?parent=93483"}],"wp:term":[{"taxonomy":"category","embeddable":true,"href":"https:\/\/jorgezanoni.com.br\/2019\/wp-json\/wp\/v2\/categories?post=93483"},{"taxonomy":"post_tag","embeddable":true,"href":"https:\/\/jorgezanoni.com.br\/2019\/wp-json\/wp\/v2\/tags?post=93483"}],"curies":[{"name":"wp","href":"https:\/\/api.w.org\/{rel}","templated":true}]}}