{"id":93460,"date":"2025-03-16T14:28:25","date_gmt":"2025-03-16T14:28:25","guid":{"rendered":"https:\/\/jorgezanoni.com.br\/2019\/?p=93460"},"modified":"2025-03-16T14:28:25","modified_gmt":"2025-03-16T14:28:25","slug":"capotamento-na-madrugada-no-trecho-entre-dracena-e-junqueiropolis-na-sp-294","status":"publish","type":"post","link":"https:\/\/jorgezanoni.com.br\/2019\/capotamento-na-madrugada-no-trecho-entre-dracena-e-junqueiropolis-na-sp-294\/","title":{"rendered":"Capotamento na madrugada no trecho entre Dracena e Junqueir\u00f3polis na SP-294"},"content":{"rendered":"<p style=\"text-align: justify;\">Acidente envolveu um morador de Junqueir\u00f3polis que teve ferimentos leves.<\/p>\n<p style=\"text-align: justify;\">Por volta das 02h00min pela SP 294 km 643,400 sentido leste ocorreu um Sinistro de tr\u00e2nsito do tipo capotamento de autom\u00f3vel (GM \/Astra) o qual transitava de Tupi Paulista\/ SP sentido Junqueiropolis \/SP , se tratando de auto les\u00e3o, resultando em vitima 01 leve, sendo o condutor P.R.D.S.L de 34 anos morador de Junqueiropolis\/SP, o qual foi socorrido pelo Resgate da Concession\u00e1ria Eixo &#8211; SP at\u00e9 o PAM Dracena\/SP.<\/p>\n<p>Fonte: PMR<\/p>\n<p>Foto de Internauta<\/p>\n<p>Jorge Zanoni<\/p>\n<p>&nbsp;<\/p>\n<p>&nbsp;<\/p>\n","protected":false},"excerpt":{"rendered":"<p>Acidente envolveu um morador de Junqueir\u00f3polis que teve ferimentos leves. Por volta das 02h00min pela SP 294 km 643,400 sentido leste ocorreu um Sinistro de tr\u00e2nsito do tipo capotamento de autom\u00f3vel (GM \/Astra) o qual transitava de Tupi Paulista\/ SP sentido Junqueiropolis \/SP , se tratando de auto les\u00e3o, resultando em vitima 01 leve, sendo [&hellip;]<\/p>\n","protected":false},"author":1,"featured_media":93461,"comment_status":"closed","ping_status":"open","sticky":false,"template":"","format":"standard","meta":{"footnotes":""},"categories":[170,110],"tags":[],"class_list":["post-93460","post","type-post","status-publish","format-standard","has-post-thumbnail","hentry","category-acidentes","category-noticiasdestaque"],"_links":{"self":[{"href":"https:\/\/jorgezanoni.com.br\/2019\/wp-json\/wp\/v2\/posts\/93460","targetHints":{"allow":["GET"]}}],"collection":[{"href":"https:\/\/jorgezanoni.com.br\/2019\/wp-json\/wp\/v2\/posts"}],"about":[{"href":"https:\/\/jorgezanoni.com.br\/2019\/wp-json\/wp\/v2\/types\/post"}],"author":[{"embeddable":true,"href":"https:\/\/jorgezanoni.com.br\/2019\/wp-json\/wp\/v2\/users\/1"}],"replies":[{"embeddable":true,"href":"https:\/\/jorgezanoni.com.br\/2019\/wp-json\/wp\/v2\/comments?post=93460"}],"version-history":[{"count":1,"href":"https:\/\/jorgezanoni.com.br\/2019\/wp-json\/wp\/v2\/posts\/93460\/revisions"}],"predecessor-version":[{"id":93462,"href":"https:\/\/jorgezanoni.com.br\/2019\/wp-json\/wp\/v2\/posts\/93460\/revisions\/93462"}],"wp:featuredmedia":[{"embeddable":true,"href":"https:\/\/jorgezanoni.com.br\/2019\/wp-json\/wp\/v2\/media\/93461"}],"wp:attachment":[{"href":"https:\/\/jorgezanoni.com.br\/2019\/wp-json\/wp\/v2\/media?parent=93460"}],"wp:term":[{"taxonomy":"category","embeddable":true,"href":"https:\/\/jorgezanoni.com.br\/2019\/wp-json\/wp\/v2\/categories?post=93460"},{"taxonomy":"post_tag","embeddable":true,"href":"https:\/\/jorgezanoni.com.br\/2019\/wp-json\/wp\/v2\/tags?post=93460"}],"curies":[{"name":"wp","href":"https:\/\/api.w.org\/{rel}","templated":true}]}}