{"id":93337,"date":"2025-03-12T00:36:57","date_gmt":"2025-03-12T00:36:57","guid":{"rendered":"https:\/\/jorgezanoni.com.br\/2019\/?p=93337"},"modified":"2025-03-12T00:36:57","modified_gmt":"2025-03-12T00:36:57","slug":"umberto-eco-in-a-misteriosa-chama-da-rainha-loana-por-sergio-barbosa-2","status":"publish","type":"post","link":"https:\/\/jorgezanoni.com.br\/2019\/umberto-eco-in-a-misteriosa-chama-da-rainha-loana-por-sergio-barbosa-2\/","title":{"rendered":"UMBERTO ECO in A MISTERIOSA CHAMA DA RAINHA LOANA&#8230; (por S\u00e9rgio Barbosa)"},"content":{"rendered":"<p style=\"text-align: justify;\"><strong>\u201cMas um leve <em>fumifugium<\/em> cor de rato est\u00e1 se espalhando no topo da escadaria, velando a entrada. \/ Sinto uma rajada de frio, al\u00e7o os olhos. \/ Por que o sol se est\u00e1 fazendo de negro?\u201d (ECO, Umberto in A Misteriosa Rainha Loana, p\u00e1g. 447) <\/strong><\/p>\n<p style=\"text-align: justify;\"><strong>By seb@r.<\/strong><\/p>\n<p style=\"text-align: justify;\">Nestes \u00faltimos meses, isso \u00e9, desde o ano passado, resolvi que a melhor maneira de VIVER este TEMPO do meu TEMPO, est\u00e1 em focar as LEITURAS nas \u00e1reas da LITERATURA nacional e internacional&#8230;<\/p>\n<p style=\"text-align: justify;\">Desta forma, resolvi, depois de PENSAR e PENSAR, encarar uma das obras do Escritor e pesquisador, UMBERTO ECO, isso mesmo, aquele do O NOME DA ROSA e outros cl\u00e1ssicos liter\u00e1rios&#8230;<\/p>\n<p style=\"text-align: justify;\">Por\u00e9m, neste caso em especial, escolhi o t\u00edtulo, a saber: A MISTERIOSA CHAMA DA RAINHA LOANA, Romance Ilustrado, Editora RECORD, RJ\/SP, 2.005, 447 pp&#8230;<\/p>\n<p style=\"text-align: justify;\">Todos\/as de um jeito ou de outro, sempre que poss\u00edvel, voltam no outro TEMPO do seu TEMPO para muitos DESENCONTROS com o PASSADO em meio ao PRESENTE para muitos OLHARES sobre o FUTURO que se apresenta mais INCERTO DO QUE NUNCA&#8230;<\/p>\n<p style=\"text-align: justify;\">Mesmo assim, apenas quem esteve naquele outro TEMPO, pode saber disto ou daquilo, por\u00e9m, depende muito da MEM\u00d3RIA de cada pessoa e assim por diante&#8230;<\/p>\n<p style=\"text-align: justify;\">Nestes OCASOS de um TALVEZ, torna-se poss\u00edvel, tamb\u00e9m, RECORDAR apenas o que esteja mais de acordo com o seu lado, haja visto que os DESEJOS est\u00e1 sempre rondando o EU para talvez ir ao encontro do N\u00d3S&#8230;<\/p>\n<p style=\"text-align: justify;\">Neste cen\u00e1rio que na maioria das vezes, encontra-se al\u00e9m da LIETERATURA, talvez seja poss\u00edvel VOC\u00ca encontrar-se com YAMBO para muitas aproxima\u00e7\u00f5es, ainda, sem pensar em voltar ao TEMPO DO SEU TEMPO&#8230;<\/p>\n<p style=\"text-align: justify;\">Mas, existem outras MEDIA\u00c7\u00d5ES que envolvem quase sempre aquelas MEM\u00d3RIAS que se perderam nas ETERNAS RECORDA\u00c7\u00d5ES de si mesmo\/a&#8230;<\/p>\n<p style=\"text-align: justify;\">Al\u00e9m do mais em meio ao tudo de menos, apenas quem esteve naquele TEMPO pode saber deste TEMPO que busca o outro TEMPO&#8230;<\/p>\n<p style=\"text-align: justify;\">Tamb\u00e9m, pode ser que a tal RAINHA LOANA apare\u00e7a no seu caminho para muitos OLHARES sobre aquele MIST\u00c9RIO que foi o seu PASSADO que n\u00e3o deve aparecer mais em meio ao tudo de menos&#8230;<\/p>\n<p style=\"text-align: justify;\">S\u00f3 sei de uma coisa, o tal YAMBO sempre soube disto ou daquilo quando estava perdido no TEMPO do seu TEMPO, entretanto, ocorreram tantos DESENCONTROS patrocinados pela sua MEM\u00d3RIA que o PRESENTE ficou no PASSADO ou seria o inverso?<\/p>\n<p style=\"text-align: justify;\">Recomendo, se poss\u00edvel, que VOC\u00ca tente se encontrar com as MEM\u00d3RIAS DE YAMBO em terras ITALIANAS, por\u00e9m, pode ser deste ou do outro lado, assim, depende sempre das suas ESCOLHAS quanto as LEMBRAN\u00c7AS, ou seja, aquelas que se perderam no outro TEMPO do seu TEMPO sem o TEMPO&#8230;<\/p>\n<p style=\"text-align: justify;\"><strong>e-mail: <\/strong><a href=\"mailto:barbosa.sebar@gmail.com\"><strong>barbosa.sebar@gmail.com<\/strong><\/a><\/p>\n<p style=\"text-align: justify;\">\n<p>&nbsp;<\/p>\n<p>&nbsp;<\/p>\n<p>&nbsp;<\/p>\n<p>&nbsp;<\/p>\n","protected":false},"excerpt":{"rendered":"<p>\u201cMas um leve fumifugium cor de rato est\u00e1 se espalhando no topo da escadaria, velando a entrada. \/ Sinto uma rajada de frio, al\u00e7o os olhos. \/ Por que o sol se est\u00e1 fazendo de negro?\u201d (ECO, Umberto in A Misteriosa Rainha Loana, p\u00e1g. 447) By seb@r. Nestes \u00faltimos meses, isso \u00e9, desde o ano [&hellip;]<\/p>\n","protected":false},"author":1,"featured_media":93338,"comment_status":"closed","ping_status":"open","sticky":false,"template":"","format":"standard","meta":{"footnotes":""},"categories":[175],"tags":[],"class_list":["post-93337","post","type-post","status-publish","format-standard","has-post-thumbnail","hentry","category-artigos"],"_links":{"self":[{"href":"https:\/\/jorgezanoni.com.br\/2019\/wp-json\/wp\/v2\/posts\/93337","targetHints":{"allow":["GET"]}}],"collection":[{"href":"https:\/\/jorgezanoni.com.br\/2019\/wp-json\/wp\/v2\/posts"}],"about":[{"href":"https:\/\/jorgezanoni.com.br\/2019\/wp-json\/wp\/v2\/types\/post"}],"author":[{"embeddable":true,"href":"https:\/\/jorgezanoni.com.br\/2019\/wp-json\/wp\/v2\/users\/1"}],"replies":[{"embeddable":true,"href":"https:\/\/jorgezanoni.com.br\/2019\/wp-json\/wp\/v2\/comments?post=93337"}],"version-history":[{"count":1,"href":"https:\/\/jorgezanoni.com.br\/2019\/wp-json\/wp\/v2\/posts\/93337\/revisions"}],"predecessor-version":[{"id":93339,"href":"https:\/\/jorgezanoni.com.br\/2019\/wp-json\/wp\/v2\/posts\/93337\/revisions\/93339"}],"wp:featuredmedia":[{"embeddable":true,"href":"https:\/\/jorgezanoni.com.br\/2019\/wp-json\/wp\/v2\/media\/93338"}],"wp:attachment":[{"href":"https:\/\/jorgezanoni.com.br\/2019\/wp-json\/wp\/v2\/media?parent=93337"}],"wp:term":[{"taxonomy":"category","embeddable":true,"href":"https:\/\/jorgezanoni.com.br\/2019\/wp-json\/wp\/v2\/categories?post=93337"},{"taxonomy":"post_tag","embeddable":true,"href":"https:\/\/jorgezanoni.com.br\/2019\/wp-json\/wp\/v2\/tags?post=93337"}],"curies":[{"name":"wp","href":"https:\/\/api.w.org\/{rel}","templated":true}]}}