{"id":93312,"date":"2025-03-11T18:38:49","date_gmt":"2025-03-11T18:38:49","guid":{"rendered":"https:\/\/jorgezanoni.com.br\/2019\/?p=93312"},"modified":"2025-03-11T18:39:16","modified_gmt":"2025-03-11T18:39:16","slug":"acidente-envolve-tres-veiculos-em-cruzamento-da-rua-magid-zacharias","status":"publish","type":"post","link":"https:\/\/jorgezanoni.com.br\/2019\/acidente-envolve-tres-veiculos-em-cruzamento-da-rua-magid-zacharias\/","title":{"rendered":"Acidente envolve tr\u00eas ve\u00edculos em cruzamento da Rua Magid Zacharias"},"content":{"rendered":"<p style=\"text-align: justify;\"><strong>Batida ocorreu na manh\u00e3 desta ter\u00e7a-feira (11) na fat\u00eddica Magid Zachar\u00edas com Leordino Silva Costa, em Dracena.<\/strong><\/p>\n<p style=\"text-align: justify;\">Segundo informa\u00e7\u00f5es obtidas no local pela reportagem do SITE JZ e TOP TV, um ve\u00edculo Bora fazia o sentido centro-bairro pela Leordino, quando chegou na Magid que \u00e9 via preferencial, n\u00e3o respeitou o sinal de PARE e atingiu um Gol que fazia o sentido Jardim Kenedy ao centro pela Magid, o Gol por sua vez bateu em uma Tracker que fazia o sentido contr\u00e1rio.<\/p>\n<p style=\"text-align: justify;\">Felizmente n\u00e3o houve v\u00edtimas, por\u00e9m danos consider\u00e1veis nos tres ve\u00edculos, principalmente no Gol, que foi guinchado.<\/p>\n<p style=\"text-align: justify;\">A Pol\u00edcia Militar esteve no local para registro do B.O e controle do tr\u00e2nsito no local.<\/p>\n<p><img loading=\"lazy\" decoding=\"async\" class=\"alignnone size-full wp-image-93313\" src=\"https:\/\/jorgezanoni.com.br\/2019\/wp-content\/uploads\/2025\/03\/IMG_5367-Pequeno.jpg\" alt=\"\" width=\"640\" height=\"480\" srcset=\"https:\/\/jorgezanoni.com.br\/2019\/wp-content\/uploads\/2025\/03\/IMG_5367-Pequeno.jpg 640w, https:\/\/jorgezanoni.com.br\/2019\/wp-content\/uploads\/2025\/03\/IMG_5367-Pequeno-300x225.jpg 300w, https:\/\/jorgezanoni.com.br\/2019\/wp-content\/uploads\/2025\/03\/IMG_5367-Pequeno-80x60.jpg 80w, https:\/\/jorgezanoni.com.br\/2019\/wp-content\/uploads\/2025\/03\/IMG_5367-Pequeno-265x198.jpg 265w, https:\/\/jorgezanoni.com.br\/2019\/wp-content\/uploads\/2025\/03\/IMG_5367-Pequeno-560x420.jpg 560w\" sizes=\"auto, (max-width: 640px) 100vw, 640px\" \/> <img loading=\"lazy\" decoding=\"async\" class=\"alignnone size-full wp-image-93315\" src=\"https:\/\/jorgezanoni.com.br\/2019\/wp-content\/uploads\/2025\/03\/Magid-Pequeno.jpg\" alt=\"\" width=\"854\" height=\"480\" srcset=\"https:\/\/jorgezanoni.com.br\/2019\/wp-content\/uploads\/2025\/03\/Magid-Pequeno.jpg 854w, https:\/\/jorgezanoni.com.br\/2019\/wp-content\/uploads\/2025\/03\/Magid-Pequeno-300x169.jpg 300w, https:\/\/jorgezanoni.com.br\/2019\/wp-content\/uploads\/2025\/03\/Magid-Pequeno-768x432.jpg 768w, https:\/\/jorgezanoni.com.br\/2019\/wp-content\/uploads\/2025\/03\/Magid-Pequeno-696x391.jpg 696w, https:\/\/jorgezanoni.com.br\/2019\/wp-content\/uploads\/2025\/03\/Magid-Pequeno-747x420.jpg 747w\" sizes=\"auto, (max-width: 854px) 100vw, 854px\" \/><\/p>\n<p>Jorge Zanon<\/p>\n","protected":false},"excerpt":{"rendered":"<p>Batida ocorreu na manh\u00e3 desta ter\u00e7a-feira (11) na fat\u00eddica Magid Zachar\u00edas com Leordino Silva Costa, em Dracena. Segundo informa\u00e7\u00f5es obtidas no local pela reportagem do SITE JZ e TOP TV, um ve\u00edculo Bora fazia o sentido centro-bairro pela Leordino, quando chegou na Magid que \u00e9 via preferencial, n\u00e3o respeitou o sinal de PARE e atingiu [&hellip;]<\/p>\n","protected":false},"author":1,"featured_media":93314,"comment_status":"closed","ping_status":"open","sticky":false,"template":"","format":"standard","meta":{"footnotes":""},"categories":[170,110],"tags":[],"class_list":["post-93312","post","type-post","status-publish","format-standard","has-post-thumbnail","hentry","category-acidentes","category-noticiasdestaque"],"_links":{"self":[{"href":"https:\/\/jorgezanoni.com.br\/2019\/wp-json\/wp\/v2\/posts\/93312","targetHints":{"allow":["GET"]}}],"collection":[{"href":"https:\/\/jorgezanoni.com.br\/2019\/wp-json\/wp\/v2\/posts"}],"about":[{"href":"https:\/\/jorgezanoni.com.br\/2019\/wp-json\/wp\/v2\/types\/post"}],"author":[{"embeddable":true,"href":"https:\/\/jorgezanoni.com.br\/2019\/wp-json\/wp\/v2\/users\/1"}],"replies":[{"embeddable":true,"href":"https:\/\/jorgezanoni.com.br\/2019\/wp-json\/wp\/v2\/comments?post=93312"}],"version-history":[{"count":2,"href":"https:\/\/jorgezanoni.com.br\/2019\/wp-json\/wp\/v2\/posts\/93312\/revisions"}],"predecessor-version":[{"id":93318,"href":"https:\/\/jorgezanoni.com.br\/2019\/wp-json\/wp\/v2\/posts\/93312\/revisions\/93318"}],"wp:featuredmedia":[{"embeddable":true,"href":"https:\/\/jorgezanoni.com.br\/2019\/wp-json\/wp\/v2\/media\/93314"}],"wp:attachment":[{"href":"https:\/\/jorgezanoni.com.br\/2019\/wp-json\/wp\/v2\/media?parent=93312"}],"wp:term":[{"taxonomy":"category","embeddable":true,"href":"https:\/\/jorgezanoni.com.br\/2019\/wp-json\/wp\/v2\/categories?post=93312"},{"taxonomy":"post_tag","embeddable":true,"href":"https:\/\/jorgezanoni.com.br\/2019\/wp-json\/wp\/v2\/tags?post=93312"}],"curies":[{"name":"wp","href":"https:\/\/api.w.org\/{rel}","templated":true}]}}