{"id":93267,"date":"2025-03-08T12:15:26","date_gmt":"2025-03-08T12:15:26","guid":{"rendered":"https:\/\/jorgezanoni.com.br\/2019\/?p=93267"},"modified":"2025-03-08T12:15:26","modified_gmt":"2025-03-08T12:15:26","slug":"policia-civil-em-dracena-presta-homenagens-a-policiais-femininas-pelo-dia-internacional-da-mulher","status":"publish","type":"post","link":"https:\/\/jorgezanoni.com.br\/2019\/policia-civil-em-dracena-presta-homenagens-a-policiais-femininas-pelo-dia-internacional-da-mulher\/","title":{"rendered":"Pol\u00edcia Civil em Dracena presta homenagens a policiais femininas pelo &#8220;Dia Internacional da Mulher&#8221;"},"content":{"rendered":"<div style=\"text-align: justify;\">A Pol\u00edcia Civil do Estado de S\u00e3o Paulo, por interm\u00e9dio da Delegacia Seccional de Pol\u00edcia de Dracena, realizou nesta sexta-feira (7) uma homenagem em celebra\u00e7\u00e3o ao Dia Internacional da Mulher, comemorado em 8 de mar\u00e7o. O evento, realizado no audit\u00f3rio da Delegacia Seccional, reuniu policiais civis femininas de todas as carreiras, que foram recepcionadas com um caf\u00e9 da manh\u00e3 especial, seguido de um sorteio de brindes entre as participantes.<\/div>\n<div style=\"text-align: justify;\"><\/div>\n<div style=\"text-align: justify;\">A iniciativa teve como objetivo reconhecer e valorizar o trabalho essencial das mulheres na institui\u00e7\u00e3o policial. Com coragem, determina\u00e7\u00e3o, dedica\u00e7\u00e3o e empatia, elas exercem suas fun\u00e7\u00f5es com excel\u00eancia, muitas vezes conciliando a carreira na seguran\u00e7a p\u00fablica com desafios da vida pessoal e familiar. Seu papel vai al\u00e9m do cumprimento do dever: elas s\u00e3o exemplos de for\u00e7a e resili\u00eancia na miss\u00e3o de garantir a seguran\u00e7a da sociedade.<\/div>\n<div style=\"text-align: justify;\"><\/div>\n<div style=\"text-align: justify;\">A Delegacia Seccional de Pol\u00edcia de Dracena reafirma a import\u00e2ncia e a representatividade das mulheres na Pol\u00edcia Civil, enaltecendo todas as profissionais que atuam na regi\u00e3o e contribuem significativamente para o fortalecimento da institui\u00e7\u00e3o.<\/div>\n<div><\/div>\n<div><img loading=\"lazy\" decoding=\"async\" class=\"alignnone size-full wp-image-93269\" src=\"https:\/\/jorgezanoni.com.br\/2019\/wp-content\/uploads\/2025\/03\/pc1-Pequeno.jpg\" alt=\"\" width=\"854\" height=\"395\" srcset=\"https:\/\/jorgezanoni.com.br\/2019\/wp-content\/uploads\/2025\/03\/pc1-Pequeno.jpg 854w, https:\/\/jorgezanoni.com.br\/2019\/wp-content\/uploads\/2025\/03\/pc1-Pequeno-300x139.jpg 300w, https:\/\/jorgezanoni.com.br\/2019\/wp-content\/uploads\/2025\/03\/pc1-Pequeno-768x355.jpg 768w, https:\/\/jorgezanoni.com.br\/2019\/wp-content\/uploads\/2025\/03\/pc1-Pequeno-696x322.jpg 696w\" sizes=\"auto, (max-width: 854px) 100vw, 854px\" \/><\/div>\n<div>Fonte: Comunica\u00e7\u00e3o Social Pol\u00edcia Civil<\/div>\n","protected":false},"excerpt":{"rendered":"<p>A Pol\u00edcia Civil do Estado de S\u00e3o Paulo, por interm\u00e9dio da Delegacia Seccional de Pol\u00edcia de Dracena, realizou nesta sexta-feira (7) uma homenagem em celebra\u00e7\u00e3o ao Dia Internacional da Mulher, comemorado em 8 de mar\u00e7o. O evento, realizado no audit\u00f3rio da Delegacia Seccional, reuniu policiais civis femininas de todas as carreiras, que foram recepcionadas com [&hellip;]<\/p>\n","protected":false},"author":1,"featured_media":93268,"comment_status":"closed","ping_status":"open","sticky":false,"template":"","format":"standard","meta":{"footnotes":""},"categories":[110,2],"tags":[],"class_list":["post-93267","post","type-post","status-publish","format-standard","has-post-thumbnail","hentry","category-noticiasdestaque","category-policial"],"_links":{"self":[{"href":"https:\/\/jorgezanoni.com.br\/2019\/wp-json\/wp\/v2\/posts\/93267","targetHints":{"allow":["GET"]}}],"collection":[{"href":"https:\/\/jorgezanoni.com.br\/2019\/wp-json\/wp\/v2\/posts"}],"about":[{"href":"https:\/\/jorgezanoni.com.br\/2019\/wp-json\/wp\/v2\/types\/post"}],"author":[{"embeddable":true,"href":"https:\/\/jorgezanoni.com.br\/2019\/wp-json\/wp\/v2\/users\/1"}],"replies":[{"embeddable":true,"href":"https:\/\/jorgezanoni.com.br\/2019\/wp-json\/wp\/v2\/comments?post=93267"}],"version-history":[{"count":1,"href":"https:\/\/jorgezanoni.com.br\/2019\/wp-json\/wp\/v2\/posts\/93267\/revisions"}],"predecessor-version":[{"id":93270,"href":"https:\/\/jorgezanoni.com.br\/2019\/wp-json\/wp\/v2\/posts\/93267\/revisions\/93270"}],"wp:featuredmedia":[{"embeddable":true,"href":"https:\/\/jorgezanoni.com.br\/2019\/wp-json\/wp\/v2\/media\/93268"}],"wp:attachment":[{"href":"https:\/\/jorgezanoni.com.br\/2019\/wp-json\/wp\/v2\/media?parent=93267"}],"wp:term":[{"taxonomy":"category","embeddable":true,"href":"https:\/\/jorgezanoni.com.br\/2019\/wp-json\/wp\/v2\/categories?post=93267"},{"taxonomy":"post_tag","embeddable":true,"href":"https:\/\/jorgezanoni.com.br\/2019\/wp-json\/wp\/v2\/tags?post=93267"}],"curies":[{"name":"wp","href":"https:\/\/api.w.org\/{rel}","templated":true}]}}