{"id":9326,"date":"2019-10-21T21:14:27","date_gmt":"2019-10-21T21:14:27","guid":{"rendered":"https:\/\/jorgezanoni.com.br\/2019\/?p=9326"},"modified":"2019-10-21T21:14:27","modified_gmt":"2019-10-21T21:14:27","slug":"idoso-fica-ferido-ao-bater-veiculo-na-traseira-de-trator-em-estrada-vicinal","status":"publish","type":"post","link":"https:\/\/jorgezanoni.com.br\/2019\/idoso-fica-ferido-ao-bater-veiculo-na-traseira-de-trator-em-estrada-vicinal\/","title":{"rendered":"Idoso fica ferido ao bater ve\u00edculo na traseira de trator em estrada vicinal"},"content":{"rendered":"<p style=\"text-align: justify;\"><strong>Idoso sofreu um corte na cabe\u00e7a, mas estava consciente.<\/strong><\/p>\n<p style=\"text-align: justify;\"><strong><img loading=\"lazy\" decoding=\"async\" class=\"alignnone size-full wp-image-9327\" src=\"https:\/\/jorgezanoni.com.br\/2019\/wp-content\/uploads\/2019\/10\/IMG_9752.jpg\" alt=\"\" width=\"900\" height=\"675\" srcset=\"https:\/\/jorgezanoni.com.br\/2019\/wp-content\/uploads\/2019\/10\/IMG_9752.jpg 900w, https:\/\/jorgezanoni.com.br\/2019\/wp-content\/uploads\/2019\/10\/IMG_9752-300x225.jpg 300w, https:\/\/jorgezanoni.com.br\/2019\/wp-content\/uploads\/2019\/10\/IMG_9752-768x576.jpg 768w, https:\/\/jorgezanoni.com.br\/2019\/wp-content\/uploads\/2019\/10\/IMG_9752-80x60.jpg 80w, https:\/\/jorgezanoni.com.br\/2019\/wp-content\/uploads\/2019\/10\/IMG_9752-265x198.jpg 265w, https:\/\/jorgezanoni.com.br\/2019\/wp-content\/uploads\/2019\/10\/IMG_9752-696x522.jpg 696w, https:\/\/jorgezanoni.com.br\/2019\/wp-content\/uploads\/2019\/10\/IMG_9752-560x420.jpg 560w\" sizes=\"auto, (max-width: 900px) 100vw, 900px\" \/><\/strong><\/p>\n<p style=\"text-align: justify;\">Por volta de 13:45 Horas desta segunda-feira (21), a Pol\u00edcia Militar registrou um acidente com v\u00edtima na vicinal Marcelo Lorenzetti que liga Dracena ao Distrito de Jacipor\u00e3.<\/p>\n<p><img loading=\"lazy\" decoding=\"async\" class=\"alignnone size-full wp-image-9328\" src=\"https:\/\/jorgezanoni.com.br\/2019\/wp-content\/uploads\/2019\/10\/IMG_9753.jpg\" alt=\"\" width=\"900\" height=\"675\" srcset=\"https:\/\/jorgezanoni.com.br\/2019\/wp-content\/uploads\/2019\/10\/IMG_9753.jpg 900w, https:\/\/jorgezanoni.com.br\/2019\/wp-content\/uploads\/2019\/10\/IMG_9753-300x225.jpg 300w, https:\/\/jorgezanoni.com.br\/2019\/wp-content\/uploads\/2019\/10\/IMG_9753-768x576.jpg 768w, https:\/\/jorgezanoni.com.br\/2019\/wp-content\/uploads\/2019\/10\/IMG_9753-80x60.jpg 80w, https:\/\/jorgezanoni.com.br\/2019\/wp-content\/uploads\/2019\/10\/IMG_9753-265x198.jpg 265w, https:\/\/jorgezanoni.com.br\/2019\/wp-content\/uploads\/2019\/10\/IMG_9753-696x522.jpg 696w, https:\/\/jorgezanoni.com.br\/2019\/wp-content\/uploads\/2019\/10\/IMG_9753-560x420.jpg 560w\" sizes=\"auto, (max-width: 900px) 100vw, 900px\" \/><\/p>\n<p style=\"text-align: justify;\">Segundo informa\u00e7\u00f5es obtidas no local pela reportagem do Site JZ, um trator que puxava uma carreta carregada com cana triturada, foi colidido na traseira por um ve\u00edculo Fiat Strada placas de Dracena.<\/p>\n<p><img loading=\"lazy\" decoding=\"async\" class=\"alignnone size-full wp-image-9331\" src=\"https:\/\/jorgezanoni.com.br\/2019\/wp-content\/uploads\/2019\/10\/IMG_9749.jpg\" alt=\"\" width=\"900\" height=\"675\" srcset=\"https:\/\/jorgezanoni.com.br\/2019\/wp-content\/uploads\/2019\/10\/IMG_9749.jpg 900w, https:\/\/jorgezanoni.com.br\/2019\/wp-content\/uploads\/2019\/10\/IMG_9749-300x225.jpg 300w, https:\/\/jorgezanoni.com.br\/2019\/wp-content\/uploads\/2019\/10\/IMG_9749-768x576.jpg 768w, https:\/\/jorgezanoni.com.br\/2019\/wp-content\/uploads\/2019\/10\/IMG_9749-80x60.jpg 80w, https:\/\/jorgezanoni.com.br\/2019\/wp-content\/uploads\/2019\/10\/IMG_9749-265x198.jpg 265w, https:\/\/jorgezanoni.com.br\/2019\/wp-content\/uploads\/2019\/10\/IMG_9749-696x522.jpg 696w, https:\/\/jorgezanoni.com.br\/2019\/wp-content\/uploads\/2019\/10\/IMG_9749-560x420.jpg 560w\" sizes=\"auto, (max-width: 900px) 100vw, 900px\" \/><\/p>\n<p style=\"text-align: justify;\">Os dois ve\u00edculos faziam o sentido Distrito e Jacipor\u00e3 \u00e0 Dracena. O condutor do ve\u00edculo, um senhor idoso, sofreu um corte na cabe\u00e7a e foi socorrido ao Pronto Atendimento Municipal de Dracena por uma Equipe e Resgate do Corpo e Bombeiros.<\/p>\n<p><img loading=\"lazy\" decoding=\"async\" class=\"alignnone size-full wp-image-9330\" src=\"https:\/\/jorgezanoni.com.br\/2019\/wp-content\/uploads\/2019\/10\/IMG_9756.jpg\" alt=\"\" width=\"900\" height=\"675\" srcset=\"https:\/\/jorgezanoni.com.br\/2019\/wp-content\/uploads\/2019\/10\/IMG_9756.jpg 900w, https:\/\/jorgezanoni.com.br\/2019\/wp-content\/uploads\/2019\/10\/IMG_9756-300x225.jpg 300w, https:\/\/jorgezanoni.com.br\/2019\/wp-content\/uploads\/2019\/10\/IMG_9756-768x576.jpg 768w, https:\/\/jorgezanoni.com.br\/2019\/wp-content\/uploads\/2019\/10\/IMG_9756-80x60.jpg 80w, https:\/\/jorgezanoni.com.br\/2019\/wp-content\/uploads\/2019\/10\/IMG_9756-265x198.jpg 265w, https:\/\/jorgezanoni.com.br\/2019\/wp-content\/uploads\/2019\/10\/IMG_9756-696x522.jpg 696w, https:\/\/jorgezanoni.com.br\/2019\/wp-content\/uploads\/2019\/10\/IMG_9756-560x420.jpg 560w\" sizes=\"auto, (max-width: 900px) 100vw, 900px\" \/><\/p>\n<p style=\"text-align: justify;\">A Pol\u00edcia T\u00e9cnica esteve no local e ap\u00f3s conclus\u00e3o de laudo dar\u00e1 a vers\u00e3o dos fatos. A pista n\u00e3o precisou ser interditada e chovia bastante no momento da colis\u00e3o.<\/p>\n<p style=\"text-align: justify;\">Jorge Zanoni<\/p>\n","protected":false},"excerpt":{"rendered":"<p>Idoso sofreu um corte na cabe\u00e7a, mas estava consciente. Por volta de 13:45 Horas desta segunda-feira (21), a Pol\u00edcia Militar registrou um acidente com v\u00edtima na vicinal Marcelo Lorenzetti que liga Dracena ao Distrito de Jacipor\u00e3. Segundo informa\u00e7\u00f5es obtidas no local pela reportagem do Site JZ, um trator que puxava uma carreta carregada com cana [&hellip;]<\/p>\n","protected":false},"author":1,"featured_media":9332,"comment_status":"closed","ping_status":"open","sticky":false,"template":"","format":"standard","meta":{"footnotes":""},"categories":[170,110],"tags":[],"class_list":["post-9326","post","type-post","status-publish","format-standard","has-post-thumbnail","hentry","category-acidentes","category-noticiasdestaque"],"_links":{"self":[{"href":"https:\/\/jorgezanoni.com.br\/2019\/wp-json\/wp\/v2\/posts\/9326","targetHints":{"allow":["GET"]}}],"collection":[{"href":"https:\/\/jorgezanoni.com.br\/2019\/wp-json\/wp\/v2\/posts"}],"about":[{"href":"https:\/\/jorgezanoni.com.br\/2019\/wp-json\/wp\/v2\/types\/post"}],"author":[{"embeddable":true,"href":"https:\/\/jorgezanoni.com.br\/2019\/wp-json\/wp\/v2\/users\/1"}],"replies":[{"embeddable":true,"href":"https:\/\/jorgezanoni.com.br\/2019\/wp-json\/wp\/v2\/comments?post=9326"}],"version-history":[{"count":0,"href":"https:\/\/jorgezanoni.com.br\/2019\/wp-json\/wp\/v2\/posts\/9326\/revisions"}],"wp:featuredmedia":[{"embeddable":true,"href":"https:\/\/jorgezanoni.com.br\/2019\/wp-json\/wp\/v2\/media\/9332"}],"wp:attachment":[{"href":"https:\/\/jorgezanoni.com.br\/2019\/wp-json\/wp\/v2\/media?parent=9326"}],"wp:term":[{"taxonomy":"category","embeddable":true,"href":"https:\/\/jorgezanoni.com.br\/2019\/wp-json\/wp\/v2\/categories?post=9326"},{"taxonomy":"post_tag","embeddable":true,"href":"https:\/\/jorgezanoni.com.br\/2019\/wp-json\/wp\/v2\/tags?post=9326"}],"curies":[{"name":"wp","href":"https:\/\/api.w.org\/{rel}","templated":true}]}}