{"id":93213,"date":"2025-03-06T16:38:08","date_gmt":"2025-03-06T16:38:08","guid":{"rendered":"https:\/\/jorgezanoni.com.br\/2019\/?p=93213"},"modified":"2025-03-06T16:38:08","modified_gmt":"2025-03-06T16:38:08","slug":"vigorexia-nervosa-o-que-e-por-cidinha-pascoaloto","status":"publish","type":"post","link":"https:\/\/jorgezanoni.com.br\/2019\/vigorexia-nervosa-o-que-e-por-cidinha-pascoaloto\/","title":{"rendered":"Vigorexia Nervosa: o que \u00e9?  (por Cidinha Pascoaloto)"},"content":{"rendered":"<p style=\"text-align: justify;\">A vigorexia \u00e9 um transtorno psicol\u00f3gico s\u00e9rio que faz a pessoa ficar insatisfeita com seu corpo mesmo sendo musculosa. Pessoas com vigorexia, muitas vezes, se enxergam como fracas ou insuficientemente musculosas, mesmo que tenham um corpo j\u00e1 bastante desenvolvido. A vigorexia pode estar associada a uma distor\u00e7\u00e3o da autoimagem. Ela afeta n\u00e3o apenas a sa\u00fade f\u00edsica, mas tamb\u00e9m o bem-estar social emocional do indiv\u00edduo.<\/p>\n<p style=\"text-align: justify;\">\u00a0Esse transtorno \u00e9 mais comum em homens e leva ao comportamento de praticar exerc\u00edcios f\u00edsicos exaustivos com cargas pesadas.\u00a0 O indiv\u00edduo com esse transtorno tem preocupa\u00e7\u00e3o em excesso com a alimenta\u00e7\u00e3o e uso de anabolizantes ou at\u00e9 aplica\u00e7\u00e3o de inje\u00e7\u00e3o de \u00f3leos em grupos musculares para aumentar o volume.<\/p>\n<p style=\"text-align: justify;\">\u00a0Os anabolizantes trazem s\u00e9rias consequ\u00eancias para a sa\u00fade como problemas cardiovasculares e renais, o treino excessivo provoca les\u00f5es musculares e articulares e aplica\u00e7\u00e3o de \u00f3leos pode levar a morte al\u00e9m de grandes complica\u00e7\u00f5es de sa\u00fade.<\/p>\n<p style=\"text-align: justify;\">\u00a0A vigorexia tem v\u00e1rios sintomas como insatisfa\u00e7\u00e3o com o corpo, queda na atividade sexual, pr\u00e1tica intensa e excessiva de atividade f\u00edsica, sentimento de inferioridade, dores musculares, muito cansa\u00e7o, irrita\u00e7\u00e3o, depress\u00e3o e isolamento social.<\/p>\n<p style=\"text-align: justify;\">\u00c9 importante reconhecer os sinais desse transtorno para buscar ajuda. A terapia pode ajudar o indiv\u00edduo a melhorar seu os pensamentos sobre a sua imagem corporal e n\u00e3o ficar mais se comparando com o outro.<\/p>\n<p style=\"text-align: justify;\">As poss\u00edveis causas s\u00e3o: a influ\u00eancia da m\u00eddia que mostram padr\u00f5es est\u00e9ticos irreais, baixa autoestima, press\u00e3o social e busca de aceita\u00e7\u00e3o de si. Esse transtorno pode estar relacionado a alguma altera\u00e7\u00e3o com os neurotransmissores do sistema nervoso central por doen\u00e7as como meningite ou encefalite, fatores gen\u00e9ticos e psicol\u00f3gicos.<\/p>\n<p style=\"text-align: justify;\">\u00a0Lembre-se sempre que cuidar do corpo deve ser uma jornada bem equilibrada com foco no bem-estar e n\u00e3o na perfei\u00e7\u00e3o est\u00e9tica.<\/p>\n<p><img loading=\"lazy\" decoding=\"async\" class=\"alignnone size-full wp-image-93214\" src=\"https:\/\/jorgezanoni.com.br\/2019\/wp-content\/uploads\/2025\/03\/Cidinha-Pascoaloto.jpg\" alt=\"\" width=\"339\" height=\"480\" srcset=\"https:\/\/jorgezanoni.com.br\/2019\/wp-content\/uploads\/2025\/03\/Cidinha-Pascoaloto.jpg 339w, https:\/\/jorgezanoni.com.br\/2019\/wp-content\/uploads\/2025\/03\/Cidinha-Pascoaloto-212x300.jpg 212w, https:\/\/jorgezanoni.com.br\/2019\/wp-content\/uploads\/2025\/03\/Cidinha-Pascoaloto-297x420.jpg 297w\" sizes=\"auto, (max-width: 339px) 100vw, 339px\" \/>\u00a0Cidinha Pascoaloto-Psic\u00f3loga, com foco no luto CRP 06\/158174. Presencial e online, contato: (18) 99725-6418<\/p>\n<p>&nbsp;<\/p>\n<p>&nbsp;<\/p>\n","protected":false},"excerpt":{"rendered":"<p>A vigorexia \u00e9 um transtorno psicol\u00f3gico s\u00e9rio que faz a pessoa ficar insatisfeita com seu corpo mesmo sendo musculosa. Pessoas com vigorexia, muitas vezes, se enxergam como fracas ou insuficientemente musculosas, mesmo que tenham um corpo j\u00e1 bastante desenvolvido. A vigorexia pode estar associada a uma distor\u00e7\u00e3o da autoimagem. Ela afeta n\u00e3o apenas a sa\u00fade [&hellip;]<\/p>\n","protected":false},"author":1,"featured_media":93215,"comment_status":"closed","ping_status":"open","sticky":false,"template":"","format":"standard","meta":{"footnotes":""},"categories":[175],"tags":[],"class_list":["post-93213","post","type-post","status-publish","format-standard","has-post-thumbnail","hentry","category-artigos"],"_links":{"self":[{"href":"https:\/\/jorgezanoni.com.br\/2019\/wp-json\/wp\/v2\/posts\/93213","targetHints":{"allow":["GET"]}}],"collection":[{"href":"https:\/\/jorgezanoni.com.br\/2019\/wp-json\/wp\/v2\/posts"}],"about":[{"href":"https:\/\/jorgezanoni.com.br\/2019\/wp-json\/wp\/v2\/types\/post"}],"author":[{"embeddable":true,"href":"https:\/\/jorgezanoni.com.br\/2019\/wp-json\/wp\/v2\/users\/1"}],"replies":[{"embeddable":true,"href":"https:\/\/jorgezanoni.com.br\/2019\/wp-json\/wp\/v2\/comments?post=93213"}],"version-history":[{"count":1,"href":"https:\/\/jorgezanoni.com.br\/2019\/wp-json\/wp\/v2\/posts\/93213\/revisions"}],"predecessor-version":[{"id":93216,"href":"https:\/\/jorgezanoni.com.br\/2019\/wp-json\/wp\/v2\/posts\/93213\/revisions\/93216"}],"wp:featuredmedia":[{"embeddable":true,"href":"https:\/\/jorgezanoni.com.br\/2019\/wp-json\/wp\/v2\/media\/93215"}],"wp:attachment":[{"href":"https:\/\/jorgezanoni.com.br\/2019\/wp-json\/wp\/v2\/media?parent=93213"}],"wp:term":[{"taxonomy":"category","embeddable":true,"href":"https:\/\/jorgezanoni.com.br\/2019\/wp-json\/wp\/v2\/categories?post=93213"},{"taxonomy":"post_tag","embeddable":true,"href":"https:\/\/jorgezanoni.com.br\/2019\/wp-json\/wp\/v2\/tags?post=93213"}],"curies":[{"name":"wp","href":"https:\/\/api.w.org\/{rel}","templated":true}]}}