{"id":93087,"date":"2025-02-28T15:20:35","date_gmt":"2025-02-28T15:20:35","guid":{"rendered":"https:\/\/jorgezanoni.com.br\/2019\/?p=93087"},"modified":"2025-02-28T15:20:35","modified_gmt":"2025-02-28T15:20:35","slug":"edital-da-assembleia-geral-extraordinaria-e-ordinaria-ageo","status":"publish","type":"post","link":"https:\/\/jorgezanoni.com.br\/2019\/edital-da-assembleia-geral-extraordinaria-e-ordinaria-ageo\/","title":{"rendered":"Edital da Assembleia Geral Extraordin\u00e1ria e Ordin\u00e1ria (AGEO)"},"content":{"rendered":"<p style=\"text-align: justify;\"><strong>COOPERATIVA DE CR\u00c9DITO, POUPAN\u00c7A E INVESTIMENTO DA REGI\u00c3O CENTRO OESTE PAULISTA \u2013\u00a0<\/strong><strong>SICREDI CENTRO OESTE PAULISTA.<\/strong><\/p>\n<p style=\"text-align: justify;\">CNPJ N\u00ba 04.463.602\/0001-36<\/p>\n<p style=\"text-align: justify;\">EDITAL DE CONVOCA\u00c7\u00c3O<\/p>\n<p style=\"text-align: justify;\">ASSEMBLEIA GERAL EXTRAORDIN\u00c1RIA E ORDIN\u00c1RIA<\/p>\n<p style=\"text-align: justify;\">O Presidente da Cooperativa de Cr\u00e9dito, Poupan\u00e7a e Investimento da Regi\u00e3o Centro Oeste Paulista &#8211; Sicredi Centro Oeste Paulista, no uso das atribui\u00e7\u00f5es que lhe confere o artigo 14 do Estatuto Social, convoca os senhores delegados de n\u00facleo, que nesta data somam 35 (trinta e cinco), para se reunirem em ASSEMBLEIA GERAL EXTRAORDIN\u00c1RIA E ORDIN\u00c1RIA, a ser realizada no dia 12 de mar\u00e7o de 2025, \u00e0s 19h30 (dezenove horas e trinta minutos), no Quality Hotel &amp; Conv.Center Mar\u00edlia (Hotel Sun Valley), localizado na Rua Aimor\u00e9s, n\u00ba 501, bairro Salgado Filho, na cidade de Mar\u00edlia, Estado de S\u00e3o Paulo, em primeira convoca\u00e7\u00e3o, com a presen\u00e7a de 2\/3 (dois ter\u00e7os) dos delegados; em segunda convoca\u00e7\u00e3o, \u00e0s 20h30 (vinte horas e trinta minutos), com a presen\u00e7a da metade dos delegados mais um, e, em terceira e \u00faltima convoca\u00e7\u00e3o, \u00e0s 21h30 (vinte e uma horas e trinta minutos) com a presen\u00e7a de no m\u00ednimo 10 (dez) delegados para deliberarem sobre a seguinte:<\/p>\n<p style=\"text-align: justify;\"><strong>ORDEM DO DIA<\/strong><strong>\u00a0<\/strong><\/p>\n<p style=\"text-align: justify;\"><strong>EM REGIME DE ASSEMBLEIA GERAL EXTRAORDIN\u00c1RIA<\/strong><\/p>\n<ol style=\"text-align: justify;\">\n<li>Reforma ampla e geral do Estatuto Social da Cooperativa, com consolida\u00e7\u00e3o, na sua vers\u00e3o integral, visando a adequa\u00e7\u00e3o \u00e0 minuta sist\u00eamica do Sicredi.<\/li>\n<li>Aprova\u00e7\u00e3o do C\u00f3digo Eleitoral.<\/li>\n<li>Aprova\u00e7\u00e3o do RIS (Regimento Interno do Sicredi).<\/li>\n<li>Aprova\u00e7\u00e3o de Pol\u00edticas e Regulamento Sist\u00eamicos, sendo:\n<ol>\n<li>Pol\u00edtica de Sucess\u00e3o e Transi\u00e7\u00e3o de Carreira de Cargos da Alta Administra\u00e7\u00e3o;<\/li>\n<li>Pol\u00edtica de Governan\u00e7a Corporativa;<\/li>\n<li>Pol\u00edtica de Auditoria Interna;<\/li>\n<li>Regulamento do Pertencer.<strong>\u00a0<\/strong><\/li>\n<\/ol>\n<\/li>\n<\/ol>\n<p style=\"text-align: justify;\"><strong>EM REGIME DE ASSEMBLEIA GERAL ORDIN\u00c1RIA<\/strong><\/p>\n<ol style=\"text-align: justify;\">\n<li>Presta\u00e7\u00e3o de contas relativas ao exerc\u00edcio encerrado em 31 de dezembro de 2024, compreendendo:<\/li>\n<\/ol>\n<ol style=\"text-align: justify;\">\n<li>Relat\u00f3rio da gest\u00e3o;<\/li>\n<li>Balan\u00e7o dos dois semestres do correspondente exerc\u00edcio;<\/li>\n<li>Demonstrativo dos resultados apurados;<\/li>\n<li>Parecer da auditoria externa;<\/li>\n<li>Parecer do Conselho Fiscal;<\/li>\n<li>Utiliza\u00e7\u00e3o da reserva de Expans\u00e3o.<\/li>\n<\/ol>\n<ol style=\"text-align: justify;\" start=\"2\">\n<li>Destina\u00e7\u00f5es:<\/li>\n<\/ol>\n<ol style=\"text-align: justify;\">\n<li>Destina\u00e7\u00e3o dos Resultados;<\/li>\n<li>Destina\u00e7\u00e3o e Ratifica\u00e7\u00e3o dos recursos advindos do Fundo de Assist\u00eancia T\u00e9cnica, Educacional e Social.<\/li>\n<li>Outros assuntos de interesse do quadro social (car\u00e1ter n\u00e3o deliberat\u00f3rio).<\/li>\n<\/ol>\n<ol style=\"text-align: justify;\">\n<li>Outros assuntos.\u00a0 \u00a0\u00a0 \u00a0 \u00a0 \u00a0 \u00a0 \u00a0 \u00a0 \u00a0 \u00a0 \u00a0 \u00a0 \u00a0 \u00a0 \u00a0 \u00a0 \u00a0 \u00a0 \u00a0 \u00a0 \u00a0 \u00a0 \u00a0 \u00a0 \u00a0 \u00a0 \u00a0 \u00a0 \u00a0 \u00a0 \u00a0 \u00a0 \u00a0 \u00a0 \u00a0 \u00a0 \u00a0 \u00a0 \u00a0 \u00a0 \u00a0 \u00a0 \u00a0 \u00a0 \u00a0 \u00a0 \u00a0 \u00a0 \u00a0 \u00a0 \u00a0 \u00a0 \u00a0 \u00a0 \u00a0 \u00a0 \u00a0 \u00a0 \u00a0 \u00a0 \u00a0 \u00a0 \u00a0 \u00a0 \u00a0Mar\u00edlia\/SP, 27 de fevereiro de 2025.\u00a0 \u00a0 \u00a0 \u00a0 \u00a0 \u00a0 \u00a0 \u00a0 \u00a0 \u00a0 \u00a0 \u00a0 \u00a0 \u00a0 \u00a0 \u00a0 \u00a0 \u00a0 \u00a0 \u00a0 \u00a0 \u00a0 \u00a0 \u00a0 \u00a0 \u00a0 \u00a0 \u00a0 \u00a0 \u00a0 \u00a0 \u00a0 \u00a0 \u00a0 \u00a0 \u00a0 \u00a0 \u00a0 \u00a0Jo\u00e3o Alberto Salvi\u00a0 \u00a0 \u00a0 \u00a0 \u00a0 \u00a0 \u00a0 \u00a0 \u00a0 \u00a0 \u00a0 \u00a0 \u00a0 \u00a0 \u00a0 \u00a0 \u00a0 \u00a0 \u00a0 \u00a0 \u00a0 \u00a0 \u00a0 \u00a0 \u00a0 \u00a0 \u00a0 \u00a0 \u00a0 \u00a0 \u00a0 \u00a0 \u00a0 \u00a0 \u00a0 \u00a0 \u00a0 \u00a0 \u00a0 \u00a0 \u00a0 \u00a0 \u00a0 \u00a0 \u00a0 \u00a0 \u00a0 \u00a0 \u00a0 \u00a0 \u00a0 \u00a0Presidente<\/li>\n<\/ol>\n<p style=\"text-align: justify;\">OBSERVA\u00c7\u00d5ES:<\/p>\n<ol>\n<li style=\"text-align: justify;\">A Assembleia n\u00e3o se realizar\u00e1 na sede social por falta de acomoda\u00e7\u00f5es.<\/li>\n<li style=\"text-align: justify;\">As minutas e propostas do Estatuto Social, C\u00f3digo Eleitoral, RIS (Regimento Interno do Sicredi), Pol\u00edtica de Sucess\u00e3o e Transi\u00e7\u00e3o de Carreira de Cargos da Alta Administra\u00e7\u00e3o, Pol\u00edtica de Renova\u00e7\u00e3o do Conselho de Administra\u00e7\u00e3o, Pol\u00edtica de Governan\u00e7a Corporativa, Regulamento do Pertencer e Pol\u00edtica de Auditoria Interna, encontram-se \u00e0 disposi\u00e7\u00e3o na sede e nas ag\u00eancias da Cooperativa, e por meio digital atrav\u00e9s do site: https:\/\/www.sicredi.com.br\/coop\/centro-oeste-paulista\/documentos-relatorios\/.<\/li>\n<\/ol>\n","protected":false},"excerpt":{"rendered":"<p>COOPERATIVA DE CR\u00c9DITO, POUPAN\u00c7A E INVESTIMENTO DA REGI\u00c3O CENTRO OESTE PAULISTA \u2013\u00a0SICREDI CENTRO OESTE PAULISTA. CNPJ N\u00ba 04.463.602\/0001-36 EDITAL DE CONVOCA\u00c7\u00c3O ASSEMBLEIA GERAL EXTRAORDIN\u00c1RIA E ORDIN\u00c1RIA O Presidente da Cooperativa de Cr\u00e9dito, Poupan\u00e7a e Investimento da Regi\u00e3o Centro Oeste Paulista &#8211; Sicredi Centro Oeste Paulista, no uso das atribui\u00e7\u00f5es que lhe confere o artigo 14 [&hellip;]<\/p>\n","protected":false},"author":1,"featured_media":93088,"comment_status":"closed","ping_status":"open","sticky":false,"template":"","format":"standard","meta":{"footnotes":""},"categories":[110,116],"tags":[],"class_list":["post-93087","post","type-post","status-publish","format-standard","has-post-thumbnail","hentry","category-noticiasdestaque","category-politicaeeconomia"],"_links":{"self":[{"href":"https:\/\/jorgezanoni.com.br\/2019\/wp-json\/wp\/v2\/posts\/93087","targetHints":{"allow":["GET"]}}],"collection":[{"href":"https:\/\/jorgezanoni.com.br\/2019\/wp-json\/wp\/v2\/posts"}],"about":[{"href":"https:\/\/jorgezanoni.com.br\/2019\/wp-json\/wp\/v2\/types\/post"}],"author":[{"embeddable":true,"href":"https:\/\/jorgezanoni.com.br\/2019\/wp-json\/wp\/v2\/users\/1"}],"replies":[{"embeddable":true,"href":"https:\/\/jorgezanoni.com.br\/2019\/wp-json\/wp\/v2\/comments?post=93087"}],"version-history":[{"count":1,"href":"https:\/\/jorgezanoni.com.br\/2019\/wp-json\/wp\/v2\/posts\/93087\/revisions"}],"predecessor-version":[{"id":93089,"href":"https:\/\/jorgezanoni.com.br\/2019\/wp-json\/wp\/v2\/posts\/93087\/revisions\/93089"}],"wp:featuredmedia":[{"embeddable":true,"href":"https:\/\/jorgezanoni.com.br\/2019\/wp-json\/wp\/v2\/media\/93088"}],"wp:attachment":[{"href":"https:\/\/jorgezanoni.com.br\/2019\/wp-json\/wp\/v2\/media?parent=93087"}],"wp:term":[{"taxonomy":"category","embeddable":true,"href":"https:\/\/jorgezanoni.com.br\/2019\/wp-json\/wp\/v2\/categories?post=93087"},{"taxonomy":"post_tag","embeddable":true,"href":"https:\/\/jorgezanoni.com.br\/2019\/wp-json\/wp\/v2\/tags?post=93087"}],"curies":[{"name":"wp","href":"https:\/\/api.w.org\/{rel}","templated":true}]}}