{"id":93084,"date":"2025-02-28T11:54:25","date_gmt":"2025-02-28T11:54:25","guid":{"rendered":"https:\/\/jorgezanoni.com.br\/2019\/?p=93084"},"modified":"2025-02-28T11:55:15","modified_gmt":"2025-02-28T11:55:15","slug":"espaco-de-educacao-financeira-da-fundacao-sicredi-e-reconhecido-no-premio-galo","status":"publish","type":"post","link":"https:\/\/jorgezanoni.com.br\/2019\/espaco-de-educacao-financeira-da-fundacao-sicredi-e-reconhecido-no-premio-galo\/","title":{"rendered":"Espa\u00e7o de Educa\u00e7\u00e3o Financeira da Funda\u00e7\u00e3o Sicredi \u00e9 reconhecido no Pr\u00eamio Galo"},"content":{"rendered":"<p class=\"v1MsoNormal\" style=\"text-align: justify;\" align=\"center\"><strong><i>O case foi inscrito pelo parceiro Skyfix, na categoria Branded Games.<\/i><\/strong><\/p>\n<p class=\"v1MsoNormal\" style=\"text-align: justify;\">O Espa\u00e7o de Educa\u00e7\u00e3o Financeira da Funda\u00e7\u00e3o Sicredi, tem\u00e1tico da Turma da M\u00f4nica, conquistou o Pr\u00eamio Galo de Gramado na 24\u00aa edi\u00e7\u00e3o do Festival Mundial da Publicidade de Gramado, na categoria Branded Games. O case do Espa\u00e7o foi inscrito pelo parceiro Skyfix, respons\u00e1vel pelo desenvolvimento das experi\u00eancias gamificadas do local.<\/p>\n<p class=\"v1MsoNormal\" style=\"text-align: justify;\">A premia\u00e7\u00e3o aconteceu em 19 de fevereiro, em S\u00e3o Paulo, e celebrou a excel\u00eancia na integra\u00e7\u00e3o de marcas em jogos, reconhecendo a inova\u00e7\u00e3o, o impacto na sociedade e a narrativa imersiva que promove de maneira engajante.<\/p>\n<p class=\"v1MsoNormal\" style=\"text-align: justify;\">O Pr\u00eamio Galo de Gramado \u00e9 um dos mais importantes reconhecimentos da publicidade brasileira e, nesta edi\u00e7\u00e3o, incluiu pela primeira vez a categoria dedicada a Branded Games. Romeo Balzan, superintendente da Funda\u00e7\u00e3o Sicredi, comemorou a conquista.<\/p>\n<p class=\"v1MsoNormal\" style=\"text-align: justify;\">&#8220;Receber esse pr\u00eamio \u00e9 um reconhecimento significativo do nosso compromisso em promover a educa\u00e7\u00e3o financeira desde as inf\u00e2ncias, de forma criativa e acess\u00edvel.\u00a0 Isso refor\u00e7a o valor de iniciativas que unem prop\u00f3sito, inova\u00e7\u00e3o e impacto social. Estamos muito orgulhosos dessa conquista que dividimos com a equipe da Skyfix e a Mauricio de Sousa Produ\u00e7\u00f5es.&#8221;, afirmou Balzan.<\/p>\n<p class=\"v1MsoNormal\" style=\"text-align: justify;\"><b>Espa\u00e7o<\/b><\/p>\n<p class=\"v1MsoNormal\" style=\"text-align: justify;\"><a name=\"v1_heading=h.gjdgxs\"><\/a>O Espa\u00e7o de Educa\u00e7\u00e3o Financeira tem\u00e1tico da Turma da M\u00f4nica, inaugurado em 2023 pela Funda\u00e7\u00e3o Sicredi, j\u00e1 recebeu mais de 10 mil visitantes e se destaca como o \u00fanico local gratuito no Brasil dedicado exclusivamente \u00e0 educa\u00e7\u00e3o financeira infantil. A iniciativa tem como objetivo incentivar o protagonismo das crian\u00e7as, ensinando conceitos financeiros de forma l\u00fadica e interativa.<\/p>\n<p class=\"v1MsoNormal\" style=\"text-align: justify;\">A a\u00e7\u00e3o \u00e9 uma parceria entre a Mauricio de Sousa Produ\u00e7\u00f5es e a Funda\u00e7\u00e3o Sicredi e oferece seis esta\u00e7\u00f5es de aprendizado com as seguintes tem\u00e1ticas: De onde vem o dinheiro?, Cooperativa de Cr\u00e9dito, Vila da M\u00f4nica, Mercado do Limoeiro, Rodovi\u00e1ria do Limoeiro e \u00c1rvore dos Sonhos. As crian\u00e7as t\u00eam a oportunidade de vivenciar atividades pr\u00e1ticas, como fazer compras a partir de uma lista de mercado, escolhendo os itens que levar\u00e3o de acordo com o valor da compra, ou interagir com um caixa eletr\u00f4nico para simular o pagamento de contas.<\/p>\n<p class=\"v1MsoNormal\" style=\"text-align: justify;\">A entrada \u00e9 feita mediante agendamento para grupos escolares ou visitas individuais, de segunda a sexta-feira, das 9h \u00e0s 17h. O agendamento pode ser realizado pelo contato espaco_edfinanceira@sicredi.com.br. O Espa\u00e7o de Educa\u00e7\u00e3o Financeira fica localizado no Centro Administrativo Sicredi, na Av. Assis Brasil, 3940, em Porto Alegre.<\/p>\n<p class=\"v1MsoNormal\" style=\"text-align: justify;\"><b><i>Sobre o Sicredi<\/i><\/b><i><\/i><\/p>\n<p class=\"v1MsoNormal\" style=\"text-align: justify;\"><i>O Sicredi \u00e9 uma institui\u00e7\u00e3o financeira cooperativa comprometida com o crescimento de seus associados e com o desenvolvimento das regi\u00f5es onde atua. Possui um modelo de gest\u00e3o que valoriza a participa\u00e7\u00e3o dos mais de 8,5 milh\u00f5es de associados, que exercem o papel de donos do neg\u00f3cio. Com mais de 2.800 ag\u00eancias, o Sicredi est\u00e1 presente fisicamente em todos os estados brasileiros e no Distrito Federal, disponibilizando uma gama completa de solu\u00e7\u00f5es financeiras e n\u00e3o financeiras.<\/i><\/p>\n<p class=\"v1MsoNormal\" style=\"text-align: justify;\"><b><i>Site do Sicredi:\u00a0<a href=\"http:\/\/www.sicredi.com.br\/\" target=\"_blank\" rel=\"noopener noreferrer\">www.sicredi.com.br<\/a><\/i><\/b><\/p>\n<p class=\"v1MsoNormal\" style=\"text-align: justify;\"><b><i>Redes Sociais:\u00a0<\/i><\/b><em><b><u><span lang=\"EN-US\"><a href=\"http:\/\/www.facebook.com\/sicredicentrooestepaulista\" target=\"_blank\" rel=\"noopener noreferrer\"><i><span lang=\"PT-BR\">Facebook<\/span><\/i><\/a><\/span><\/u><\/b><\/em><em>\u00a0|<\/em>\u00a0<em><b><u><span lang=\"EN-US\"><a href=\"https:\/\/www.linkedin.com\/company\/sicredi-centro-oeste-paulista\/\" target=\"_blank\" rel=\"noopener noreferrer\"><i><span lang=\"PT-BR\">LinkedIn<\/span><\/i><\/a><\/span><\/u><\/b><\/em><em>\u00a0|<\/em>\u00a0<em><b><u><span lang=\"EN-US\"><a href=\"http:\/\/www.youtube.com\/sicredicentrooestepaulista\" target=\"_blank\" rel=\"noopener noreferrer\"><i><span lang=\"PT-BR\">YouTube<\/span><\/i><\/a><\/span><\/u><\/b><\/em><span lang=\"EN-US\">\u00a0<\/span><em>|\u00a0<\/em><em><b><u><span lang=\"EN-US\"><a href=\"http:\/\/www.instagram.com\/sicredicentrooestepaulista\" target=\"_blank\" rel=\"noopener noreferrer\"><i><span lang=\"PT-BR\">Instagram<\/span><\/i><\/a><\/span><\/u><\/b><\/em><\/p>\n<p>Fonte: Comunica\u00e7\u00e3o e Marketing<\/p>\n","protected":false},"excerpt":{"rendered":"<p>O case foi inscrito pelo parceiro Skyfix, na categoria Branded Games. O Espa\u00e7o de Educa\u00e7\u00e3o Financeira da Funda\u00e7\u00e3o Sicredi, tem\u00e1tico da Turma da M\u00f4nica, conquistou o Pr\u00eamio Galo de Gramado na 24\u00aa edi\u00e7\u00e3o do Festival Mundial da Publicidade de Gramado, na categoria Branded Games. O case do Espa\u00e7o foi inscrito pelo parceiro Skyfix, respons\u00e1vel pelo [&hellip;]<\/p>\n","protected":false},"author":1,"featured_media":93085,"comment_status":"closed","ping_status":"open","sticky":false,"template":"","format":"standard","meta":{"footnotes":""},"categories":[110,116],"tags":[],"class_list":["post-93084","post","type-post","status-publish","format-standard","has-post-thumbnail","hentry","category-noticiasdestaque","category-politicaeeconomia"],"_links":{"self":[{"href":"https:\/\/jorgezanoni.com.br\/2019\/wp-json\/wp\/v2\/posts\/93084","targetHints":{"allow":["GET"]}}],"collection":[{"href":"https:\/\/jorgezanoni.com.br\/2019\/wp-json\/wp\/v2\/posts"}],"about":[{"href":"https:\/\/jorgezanoni.com.br\/2019\/wp-json\/wp\/v2\/types\/post"}],"author":[{"embeddable":true,"href":"https:\/\/jorgezanoni.com.br\/2019\/wp-json\/wp\/v2\/users\/1"}],"replies":[{"embeddable":true,"href":"https:\/\/jorgezanoni.com.br\/2019\/wp-json\/wp\/v2\/comments?post=93084"}],"version-history":[{"count":1,"href":"https:\/\/jorgezanoni.com.br\/2019\/wp-json\/wp\/v2\/posts\/93084\/revisions"}],"predecessor-version":[{"id":93086,"href":"https:\/\/jorgezanoni.com.br\/2019\/wp-json\/wp\/v2\/posts\/93084\/revisions\/93086"}],"wp:featuredmedia":[{"embeddable":true,"href":"https:\/\/jorgezanoni.com.br\/2019\/wp-json\/wp\/v2\/media\/93085"}],"wp:attachment":[{"href":"https:\/\/jorgezanoni.com.br\/2019\/wp-json\/wp\/v2\/media?parent=93084"}],"wp:term":[{"taxonomy":"category","embeddable":true,"href":"https:\/\/jorgezanoni.com.br\/2019\/wp-json\/wp\/v2\/categories?post=93084"},{"taxonomy":"post_tag","embeddable":true,"href":"https:\/\/jorgezanoni.com.br\/2019\/wp-json\/wp\/v2\/tags?post=93084"}],"curies":[{"name":"wp","href":"https:\/\/api.w.org\/{rel}","templated":true}]}}