{"id":93044,"date":"2025-02-27T18:49:33","date_gmt":"2025-02-27T18:49:33","guid":{"rendered":"https:\/\/jorgezanoni.com.br\/2019\/?p=93044"},"modified":"2025-02-27T18:49:33","modified_gmt":"2025-02-27T18:49:33","slug":"caminhao-derruba-poste-com-transformador-e-deixa-cidade-de-flora-rica-sem-energia","status":"publish","type":"post","link":"https:\/\/jorgezanoni.com.br\/2019\/caminhao-derruba-poste-com-transformador-e-deixa-cidade-de-flora-rica-sem-energia\/","title":{"rendered":"Caminh\u00e3o derruba poste com transformador e deixa cidade de Flora Rica sem energia"},"content":{"rendered":"<p style=\"text-align: justify;\"><strong>Ve\u00edculo transitava sentido Presidente Prudente com destino a Dracena e teve um problema de ordem mec\u00e2nica que acabou provocando o acidente, por volta de 05:20 horas da manh\u00e3.<\/strong><\/p>\n<p style=\"text-align: justify;\">Um caminh\u00e3o basculante colidiu contra um poste com transformador na manh\u00e3 desta ter\u00e7a-feira (27), em frente ao Terminal Rodovi\u00e1rio de Flora Rica, deixando toda a cidade sem energia el\u00e9trica.<\/p>\n<p style=\"text-align: justify;\">O impacto destruiu a estrutura, derrubou o transformador e deixou a fia\u00e7\u00e3o exposta, representando risco para motoristas e pedestres que trafegam pelo local, uma via essencial para a liga\u00e7\u00e3o entre munic\u00edpios da regi\u00e3o at\u00e9 Presidente Prudente. Felizmente, n\u00e3o houve feridos.<\/p>\n<p style=\"text-align: justify;\">Equipes da concession\u00e1ria de energia j\u00e1 trabalham no local para restabelecer o fornecimento, mas a previs\u00e3o \u00e9 de que o servi\u00e7o leve algumas horas, pois ser\u00e1 necess\u00e1ria a substitui\u00e7\u00e3o do poste e dos equipamentos danificados.<\/p>\n<p style=\"text-align: justify;\">O tr\u00e2nsito na \u00e1rea foi interditado, e um desvio foi implementado para garantir a fluidez do tr\u00e1fego.<\/p>\n<p style=\"text-align: justify;\">A Defesa Civil orienta a popula\u00e7\u00e3o a desligar equipamentos el\u00e9tricos das tomadas e a evitar qualquer contato com fios ou componentes da rede el\u00e9trica, pois a energia pode ser restabelecida a qualquer momento, oferecendo risco de choque.<\/p>\n<p><img loading=\"lazy\" decoding=\"async\" class=\"alignnone size-full wp-image-93045\" src=\"https:\/\/jorgezanoni.com.br\/2019\/wp-content\/uploads\/2025\/02\/flora-Pequeno-1.jpg\" alt=\"\" width=\"640\" height=\"480\" srcset=\"https:\/\/jorgezanoni.com.br\/2019\/wp-content\/uploads\/2025\/02\/flora-Pequeno-1.jpg 640w, https:\/\/jorgezanoni.com.br\/2019\/wp-content\/uploads\/2025\/02\/flora-Pequeno-1-300x225.jpg 300w, https:\/\/jorgezanoni.com.br\/2019\/wp-content\/uploads\/2025\/02\/flora-Pequeno-1-80x60.jpg 80w, https:\/\/jorgezanoni.com.br\/2019\/wp-content\/uploads\/2025\/02\/flora-Pequeno-1-265x198.jpg 265w, https:\/\/jorgezanoni.com.br\/2019\/wp-content\/uploads\/2025\/02\/flora-Pequeno-1-560x420.jpg 560w\" sizes=\"auto, (max-width: 640px) 100vw, 640px\" \/> <img loading=\"lazy\" decoding=\"async\" class=\"alignnone size-full wp-image-93046\" src=\"https:\/\/jorgezanoni.com.br\/2019\/wp-content\/uploads\/2025\/02\/flora1-Pequeno-1.jpg\" alt=\"\" width=\"640\" height=\"480\" srcset=\"https:\/\/jorgezanoni.com.br\/2019\/wp-content\/uploads\/2025\/02\/flora1-Pequeno-1.jpg 640w, https:\/\/jorgezanoni.com.br\/2019\/wp-content\/uploads\/2025\/02\/flora1-Pequeno-1-300x225.jpg 300w, https:\/\/jorgezanoni.com.br\/2019\/wp-content\/uploads\/2025\/02\/flora1-Pequeno-1-80x60.jpg 80w, https:\/\/jorgezanoni.com.br\/2019\/wp-content\/uploads\/2025\/02\/flora1-Pequeno-1-265x198.jpg 265w, https:\/\/jorgezanoni.com.br\/2019\/wp-content\/uploads\/2025\/02\/flora1-Pequeno-1-560x420.jpg 560w\" sizes=\"auto, (max-width: 640px) 100vw, 640px\" \/> <img loading=\"lazy\" decoding=\"async\" class=\"alignnone size-full wp-image-93047\" src=\"https:\/\/jorgezanoni.com.br\/2019\/wp-content\/uploads\/2025\/02\/flora2-Pequeno-1.jpg\" alt=\"\" width=\"640\" height=\"480\" srcset=\"https:\/\/jorgezanoni.com.br\/2019\/wp-content\/uploads\/2025\/02\/flora2-Pequeno-1.jpg 640w, https:\/\/jorgezanoni.com.br\/2019\/wp-content\/uploads\/2025\/02\/flora2-Pequeno-1-300x225.jpg 300w, https:\/\/jorgezanoni.com.br\/2019\/wp-content\/uploads\/2025\/02\/flora2-Pequeno-1-80x60.jpg 80w, https:\/\/jorgezanoni.com.br\/2019\/wp-content\/uploads\/2025\/02\/flora2-Pequeno-1-265x198.jpg 265w, https:\/\/jorgezanoni.com.br\/2019\/wp-content\/uploads\/2025\/02\/flora2-Pequeno-1-560x420.jpg 560w\" sizes=\"auto, (max-width: 640px) 100vw, 640px\" \/> <img loading=\"lazy\" decoding=\"async\" class=\"alignnone size-full wp-image-93048\" src=\"https:\/\/jorgezanoni.com.br\/2019\/wp-content\/uploads\/2025\/02\/flora3-Pequeno.jpg\" alt=\"\" width=\"640\" height=\"480\" srcset=\"https:\/\/jorgezanoni.com.br\/2019\/wp-content\/uploads\/2025\/02\/flora3-Pequeno.jpg 640w, https:\/\/jorgezanoni.com.br\/2019\/wp-content\/uploads\/2025\/02\/flora3-Pequeno-300x225.jpg 300w, https:\/\/jorgezanoni.com.br\/2019\/wp-content\/uploads\/2025\/02\/flora3-Pequeno-80x60.jpg 80w, https:\/\/jorgezanoni.com.br\/2019\/wp-content\/uploads\/2025\/02\/flora3-Pequeno-265x198.jpg 265w, https:\/\/jorgezanoni.com.br\/2019\/wp-content\/uploads\/2025\/02\/flora3-Pequeno-560x420.jpg 560w\" sizes=\"auto, (max-width: 640px) 100vw, 640px\" \/> <img loading=\"lazy\" decoding=\"async\" class=\"alignnone size-full wp-image-93049\" src=\"https:\/\/jorgezanoni.com.br\/2019\/wp-content\/uploads\/2025\/02\/flora4-Pequeno.jpg\" alt=\"\" width=\"640\" height=\"480\" srcset=\"https:\/\/jorgezanoni.com.br\/2019\/wp-content\/uploads\/2025\/02\/flora4-Pequeno.jpg 640w, https:\/\/jorgezanoni.com.br\/2019\/wp-content\/uploads\/2025\/02\/flora4-Pequeno-300x225.jpg 300w, https:\/\/jorgezanoni.com.br\/2019\/wp-content\/uploads\/2025\/02\/flora4-Pequeno-80x60.jpg 80w, https:\/\/jorgezanoni.com.br\/2019\/wp-content\/uploads\/2025\/02\/flora4-Pequeno-265x198.jpg 265w, https:\/\/jorgezanoni.com.br\/2019\/wp-content\/uploads\/2025\/02\/flora4-Pequeno-560x420.jpg 560w\" sizes=\"auto, (max-width: 640px) 100vw, 640px\" \/> <img loading=\"lazy\" decoding=\"async\" class=\"alignnone size-full wp-image-93050\" src=\"https:\/\/jorgezanoni.com.br\/2019\/wp-content\/uploads\/2025\/02\/flora5-Pequeno.jpg\" alt=\"\" width=\"640\" height=\"480\" srcset=\"https:\/\/jorgezanoni.com.br\/2019\/wp-content\/uploads\/2025\/02\/flora5-Pequeno.jpg 640w, https:\/\/jorgezanoni.com.br\/2019\/wp-content\/uploads\/2025\/02\/flora5-Pequeno-300x225.jpg 300w, https:\/\/jorgezanoni.com.br\/2019\/wp-content\/uploads\/2025\/02\/flora5-Pequeno-80x60.jpg 80w, https:\/\/jorgezanoni.com.br\/2019\/wp-content\/uploads\/2025\/02\/flora5-Pequeno-265x198.jpg 265w, https:\/\/jorgezanoni.com.br\/2019\/wp-content\/uploads\/2025\/02\/flora5-Pequeno-560x420.jpg 560w\" sizes=\"auto, (max-width: 640px) 100vw, 640px\" \/> <img loading=\"lazy\" decoding=\"async\" class=\"alignnone size-full wp-image-93052\" src=\"https:\/\/jorgezanoni.com.br\/2019\/wp-content\/uploads\/2025\/02\/flora7-Pequeno.jpg\" alt=\"\" width=\"640\" height=\"480\" srcset=\"https:\/\/jorgezanoni.com.br\/2019\/wp-content\/uploads\/2025\/02\/flora7-Pequeno.jpg 640w, https:\/\/jorgezanoni.com.br\/2019\/wp-content\/uploads\/2025\/02\/flora7-Pequeno-300x225.jpg 300w, https:\/\/jorgezanoni.com.br\/2019\/wp-content\/uploads\/2025\/02\/flora7-Pequeno-80x60.jpg 80w, https:\/\/jorgezanoni.com.br\/2019\/wp-content\/uploads\/2025\/02\/flora7-Pequeno-265x198.jpg 265w, https:\/\/jorgezanoni.com.br\/2019\/wp-content\/uploads\/2025\/02\/flora7-Pequeno-560x420.jpg 560w\" sizes=\"auto, (max-width: 640px) 100vw, 640px\" \/><\/p>\n<p>Jorge Zanoni<\/p>\n<p>Fotos: Ivaldo Nascimento<\/p>\n<p>&nbsp;<\/p>\n","protected":false},"excerpt":{"rendered":"<p>Ve\u00edculo transitava sentido Presidente Prudente com destino a Dracena e teve um problema de ordem mec\u00e2nica que acabou provocando o acidente, por volta de 05:20 horas da manh\u00e3. Um caminh\u00e3o basculante colidiu contra um poste com transformador na manh\u00e3 desta ter\u00e7a-feira (27), em frente ao Terminal Rodovi\u00e1rio de Flora Rica, deixando toda a cidade sem [&hellip;]<\/p>\n","protected":false},"author":1,"featured_media":93051,"comment_status":"closed","ping_status":"open","sticky":false,"template":"","format":"standard","meta":{"footnotes":""},"categories":[170,179,193,110],"tags":[],"class_list":["post-93044","post","type-post","status-publish","format-standard","has-post-thumbnail","hentry","category-acidentes","category-cidadeseregiao","category-florarica","category-noticiasdestaque"],"_links":{"self":[{"href":"https:\/\/jorgezanoni.com.br\/2019\/wp-json\/wp\/v2\/posts\/93044","targetHints":{"allow":["GET"]}}],"collection":[{"href":"https:\/\/jorgezanoni.com.br\/2019\/wp-json\/wp\/v2\/posts"}],"about":[{"href":"https:\/\/jorgezanoni.com.br\/2019\/wp-json\/wp\/v2\/types\/post"}],"author":[{"embeddable":true,"href":"https:\/\/jorgezanoni.com.br\/2019\/wp-json\/wp\/v2\/users\/1"}],"replies":[{"embeddable":true,"href":"https:\/\/jorgezanoni.com.br\/2019\/wp-json\/wp\/v2\/comments?post=93044"}],"version-history":[{"count":1,"href":"https:\/\/jorgezanoni.com.br\/2019\/wp-json\/wp\/v2\/posts\/93044\/revisions"}],"predecessor-version":[{"id":93054,"href":"https:\/\/jorgezanoni.com.br\/2019\/wp-json\/wp\/v2\/posts\/93044\/revisions\/93054"}],"wp:featuredmedia":[{"embeddable":true,"href":"https:\/\/jorgezanoni.com.br\/2019\/wp-json\/wp\/v2\/media\/93051"}],"wp:attachment":[{"href":"https:\/\/jorgezanoni.com.br\/2019\/wp-json\/wp\/v2\/media?parent=93044"}],"wp:term":[{"taxonomy":"category","embeddable":true,"href":"https:\/\/jorgezanoni.com.br\/2019\/wp-json\/wp\/v2\/categories?post=93044"},{"taxonomy":"post_tag","embeddable":true,"href":"https:\/\/jorgezanoni.com.br\/2019\/wp-json\/wp\/v2\/tags?post=93044"}],"curies":[{"name":"wp","href":"https:\/\/api.w.org\/{rel}","templated":true}]}}