{"id":93035,"date":"2025-02-27T16:57:17","date_gmt":"2025-02-27T16:57:17","guid":{"rendered":"https:\/\/jorgezanoni.com.br\/2019\/?p=93035"},"modified":"2025-02-27T17:13:29","modified_gmt":"2025-02-27T17:13:29","slug":"policia-militar-prende-individuos-por-trafico-de-drogas-em-dracena","status":"publish","type":"post","link":"https:\/\/jorgezanoni.com.br\/2019\/policia-militar-prende-individuos-por-trafico-de-drogas-em-dracena\/","title":{"rendered":"Pol\u00edcia Militar prende indiv\u00edduos por Tr\u00e1fico de Drogas em Dracena"},"content":{"rendered":"<p style=\"text-align: justify;\">Na data de ontem (26), por volta das 18h50 policiais militares do 25\u00ba Batalh\u00e3o de Pol\u00edcia Militar do Interior em patrulhamento com motocicletas pelo munic\u00edpio de Dracena pelas proximidades da rua irradia\u00e7\u00e3o abordaram dois indiv\u00edduos na qual ao observar a presen\u00e7a da viatura um deles guardou um objeto no bolso e ao serem revistados foi poss\u00edvel verificar que tratava-se de porte de drogas onde com o segundo abordado tamb\u00e9m foi poss\u00edvel localizar algumas por\u00e7\u00f5es de crack e dinheiro Os indiv\u00edduos alegaram que a droga tratava-se da responsabilidade de um terceiro informando aos policiais que o respons\u00e1vel tamb\u00e9m passava pela via por\u00e9m ao perceber a presen\u00e7a da viatura tomou sentido ignorado ao ser informado policiais de quem se tratava, equipe prontamente realizou abordagem a este terceiro indiv\u00edduo que durante a entrevista informou que em sua resid\u00eancia possu\u00eda mais drogas com o apoio do Canil local realizada vistoria na resid\u00eancia ao qual foi poss\u00edvel localizar em meio \u00e0s roupas um frasco de cor branca contendo mais subst\u00e2ncias de crack em seu interior de cor id\u00eanticas \u00e0s que foram localizado com os abordados. Na sequ\u00eancia, encontrados pela equipe uma balan\u00e7a de precis\u00e3o e uma tesoura. Al\u00e9m dos entorpecentes foram apreendidos mais um telefone celular e notas no valor de 30 reais. Todos os indiv\u00edduos foram conduzidos ao Plant\u00e3o Policial de Dracena onde a Autoridade de Plant\u00e3o ratificou Crime de Tr\u00e1fico de Drogas e Associa\u00e7\u00e3o ao Tr\u00e1fico.<\/p>\n<p><img loading=\"lazy\" decoding=\"async\" class=\"alignnone size-full wp-image-93036\" src=\"https:\/\/jorgezanoni.com.br\/2019\/wp-content\/uploads\/2025\/02\/pm1-Pequeno-1.jpg\" alt=\"\" width=\"640\" height=\"480\" srcset=\"https:\/\/jorgezanoni.com.br\/2019\/wp-content\/uploads\/2025\/02\/pm1-Pequeno-1.jpg 640w, https:\/\/jorgezanoni.com.br\/2019\/wp-content\/uploads\/2025\/02\/pm1-Pequeno-1-300x225.jpg 300w, https:\/\/jorgezanoni.com.br\/2019\/wp-content\/uploads\/2025\/02\/pm1-Pequeno-1-80x60.jpg 80w, https:\/\/jorgezanoni.com.br\/2019\/wp-content\/uploads\/2025\/02\/pm1-Pequeno-1-265x198.jpg 265w, https:\/\/jorgezanoni.com.br\/2019\/wp-content\/uploads\/2025\/02\/pm1-Pequeno-1-560x420.jpg 560w\" sizes=\"auto, (max-width: 640px) 100vw, 640px\" \/>Fonte: Comunica\u00e7\u00e3o Social Pol\u00edcia Militar<\/p>\n","protected":false},"excerpt":{"rendered":"<p>Na data de ontem (26), por volta das 18h50 policiais militares do 25\u00ba Batalh\u00e3o de Pol\u00edcia Militar do Interior em patrulhamento com motocicletas pelo munic\u00edpio de Dracena pelas proximidades da rua irradia\u00e7\u00e3o abordaram dois indiv\u00edduos na qual ao observar a presen\u00e7a da viatura um deles guardou um objeto no bolso e ao serem revistados foi [&hellip;]<\/p>\n","protected":false},"author":1,"featured_media":93037,"comment_status":"closed","ping_status":"open","sticky":false,"template":"","format":"standard","meta":{"footnotes":""},"categories":[110,2],"tags":[],"class_list":["post-93035","post","type-post","status-publish","format-standard","has-post-thumbnail","hentry","category-noticiasdestaque","category-policial"],"_links":{"self":[{"href":"https:\/\/jorgezanoni.com.br\/2019\/wp-json\/wp\/v2\/posts\/93035","targetHints":{"allow":["GET"]}}],"collection":[{"href":"https:\/\/jorgezanoni.com.br\/2019\/wp-json\/wp\/v2\/posts"}],"about":[{"href":"https:\/\/jorgezanoni.com.br\/2019\/wp-json\/wp\/v2\/types\/post"}],"author":[{"embeddable":true,"href":"https:\/\/jorgezanoni.com.br\/2019\/wp-json\/wp\/v2\/users\/1"}],"replies":[{"embeddable":true,"href":"https:\/\/jorgezanoni.com.br\/2019\/wp-json\/wp\/v2\/comments?post=93035"}],"version-history":[{"count":4,"href":"https:\/\/jorgezanoni.com.br\/2019\/wp-json\/wp\/v2\/posts\/93035\/revisions"}],"predecessor-version":[{"id":93043,"href":"https:\/\/jorgezanoni.com.br\/2019\/wp-json\/wp\/v2\/posts\/93035\/revisions\/93043"}],"wp:featuredmedia":[{"embeddable":true,"href":"https:\/\/jorgezanoni.com.br\/2019\/wp-json\/wp\/v2\/media\/93037"}],"wp:attachment":[{"href":"https:\/\/jorgezanoni.com.br\/2019\/wp-json\/wp\/v2\/media?parent=93035"}],"wp:term":[{"taxonomy":"category","embeddable":true,"href":"https:\/\/jorgezanoni.com.br\/2019\/wp-json\/wp\/v2\/categories?post=93035"},{"taxonomy":"post_tag","embeddable":true,"href":"https:\/\/jorgezanoni.com.br\/2019\/wp-json\/wp\/v2\/tags?post=93035"}],"curies":[{"name":"wp","href":"https:\/\/api.w.org\/{rel}","templated":true}]}}