{"id":9300,"date":"2019-10-21T13:03:38","date_gmt":"2019-10-21T13:03:38","guid":{"rendered":"https:\/\/jorgezanoni.com.br\/2019\/?p=9300"},"modified":"2019-10-21T13:19:56","modified_gmt":"2019-10-21T13:19:56","slug":"morador-de-dracena-esta-desaparecido","status":"publish","type":"post","link":"https:\/\/jorgezanoni.com.br\/2019\/morador-de-dracena-esta-desaparecido\/","title":{"rendered":"Morador de Dracena est\u00e1 desaparecido"},"content":{"rendered":"<p style=\"text-align: justify;\">Est\u00e1 desaparecido desde a \u00faltima quinta-feira (17) o morador de Dracena Daniel Ferreira Martins de 44 anos.<\/p>\n<p style=\"text-align: justify;\">Segundo familiares, ele que \u00e9 servente de pedreiro, ficou em casa pronto para ir ao trabalho, por\u00e9m a tarde quando a esposa voltou ele havia deixado a roupa de trabalho e marmita e n\u00e3o mais foi visto. Levou alguns pertences como roupas e o celular, por\u00e9m o aparelho s\u00f3 d\u00e1 caixa postal nas liga\u00e7\u00f5es.<\/p>\n<p style=\"text-align: justify;\">Familiares acharam que ele poderia ter ido para a casa dos pais que moram em Minas Gerais, em Barra do Cuiet\u00e9, por\u00e9m l\u00e1 tamb\u00e9m n\u00e3o apareceu.<\/p>\n<p><img loading=\"lazy\" decoding=\"async\" class=\"alignnone size-full wp-image-9301\" src=\"https:\/\/jorgezanoni.com.br\/2019\/wp-content\/uploads\/2019\/10\/DANIEL-E-FATIMA-ROCAMORA..jpg\" alt=\"\" width=\"280\" height=\"373\" srcset=\"https:\/\/jorgezanoni.com.br\/2019\/wp-content\/uploads\/2019\/10\/DANIEL-E-FATIMA-ROCAMORA..jpg 280w, https:\/\/jorgezanoni.com.br\/2019\/wp-content\/uploads\/2019\/10\/DANIEL-E-FATIMA-ROCAMORA.-225x300.jpg 225w\" sizes=\"auto, (max-width: 280px) 100vw, 280px\" \/><\/p>\n<p style=\"text-align: justify;\">Aparentemente n\u00e3o houve nenhuma desaven\u00e7a ou problemas que pudesse levar o homem a tomar essa atitude, a fam\u00edlia est\u00e1 apreensiva e pede que se algu\u00e9m souber do paradeiro, entrar em contato com a senhora F\u00e1tima Rocamora atrav\u00e9s do Cel. (18) 99669 2530<\/p>\n<div>\n<div class=\"_1t_p clearfix\">\n<div class=\"_41ud\">\n<div class=\"clearfix _o46 _3erg _29_7 direction_ltr text_align_ltr\">\n<div id=\"js_19j\" class=\"_3058 _ui9 _hh7 _6ybn _s1- _52mr _3oh-\" data-tooltip-content=\"Domingo 21:22\" data-hover=\"tooltip\" data-tooltip-position=\"left\" aria-describedby=\"js_1e\">\n<div tabindex=\"0\" aria-label=\"Ele saiu de casa na \u00faltima quinta feira de manh\u00e3 levando algumas roupas est\u00e1 com o celular desligado desde esse dia eu achei que poderia ter ido pra casa dos pais dele que \u00e9 em Minas gerais mais l\u00e1 ele n\u00e3o chegou portanto \u00e9 uma esposa em total desespero quem est\u00e1 te fazendo esse pedido agora vou enviar uma foto dele\">\n<div class=\"clearfix _o46 _3erg _29_7 direction_ltr text_align_ltr\">\n<div id=\"js_1tn\" class=\"_3058 _ui9 _hh7 _6ybn _s1- _52mr _3oh-\" data-tooltip-content=\"Domingo 21:25\" data-hover=\"tooltip\" data-tooltip-position=\"left\" aria-describedby=\"js_1e\">\n<div class=\"_aok _7i2m\" tabindex=\"0\" aria-label=\"O meu telefone \u00e9 99669.2530 F\u00e1tima rocamora Dracena\"><\/div>\n<\/div>\n<\/div>\n<\/div>\n<\/div>\n<\/div>\n<\/div>\n<\/div>\n<\/div>\n","protected":false},"excerpt":{"rendered":"<p>Est\u00e1 desaparecido desde a \u00faltima quinta-feira (17) o morador de Dracena Daniel Ferreira Martins de 44 anos. Segundo familiares, ele que \u00e9 servente de pedreiro, ficou em casa pronto para ir ao trabalho, por\u00e9m a tarde quando a esposa voltou ele havia deixado a roupa de trabalho e marmita e n\u00e3o mais foi visto. Levou [&hellip;]<\/p>\n","protected":false},"author":1,"featured_media":9302,"comment_status":"closed","ping_status":"open","sticky":false,"template":"","format":"standard","meta":{"footnotes":""},"categories":[110,2],"tags":[],"class_list":["post-9300","post","type-post","status-publish","format-standard","has-post-thumbnail","hentry","category-noticiasdestaque","category-policial"],"_links":{"self":[{"href":"https:\/\/jorgezanoni.com.br\/2019\/wp-json\/wp\/v2\/posts\/9300","targetHints":{"allow":["GET"]}}],"collection":[{"href":"https:\/\/jorgezanoni.com.br\/2019\/wp-json\/wp\/v2\/posts"}],"about":[{"href":"https:\/\/jorgezanoni.com.br\/2019\/wp-json\/wp\/v2\/types\/post"}],"author":[{"embeddable":true,"href":"https:\/\/jorgezanoni.com.br\/2019\/wp-json\/wp\/v2\/users\/1"}],"replies":[{"embeddable":true,"href":"https:\/\/jorgezanoni.com.br\/2019\/wp-json\/wp\/v2\/comments?post=9300"}],"version-history":[{"count":0,"href":"https:\/\/jorgezanoni.com.br\/2019\/wp-json\/wp\/v2\/posts\/9300\/revisions"}],"wp:featuredmedia":[{"embeddable":true,"href":"https:\/\/jorgezanoni.com.br\/2019\/wp-json\/wp\/v2\/media\/9302"}],"wp:attachment":[{"href":"https:\/\/jorgezanoni.com.br\/2019\/wp-json\/wp\/v2\/media?parent=9300"}],"wp:term":[{"taxonomy":"category","embeddable":true,"href":"https:\/\/jorgezanoni.com.br\/2019\/wp-json\/wp\/v2\/categories?post=9300"},{"taxonomy":"post_tag","embeddable":true,"href":"https:\/\/jorgezanoni.com.br\/2019\/wp-json\/wp\/v2\/tags?post=9300"}],"curies":[{"name":"wp","href":"https:\/\/api.w.org\/{rel}","templated":true}]}}