{"id":92960,"date":"2025-02-24T21:36:21","date_gmt":"2025-02-24T21:36:21","guid":{"rendered":"https:\/\/jorgezanoni.com.br\/2019\/?p=92960"},"modified":"2025-02-24T21:36:21","modified_gmt":"2025-02-24T21:36:21","slug":"morre-a-senhora-therezinha-tamaoki","status":"publish","type":"post","link":"https:\/\/jorgezanoni.com.br\/2019\/morre-a-senhora-therezinha-tamaoki\/","title":{"rendered":"Morre a senhora Therezinha Tamaoki"},"content":{"rendered":"<p style=\"text-align: justify;\">Comunicamos com pesar o falecimento da senhora Therezinha Lima da Rocha Tamaoki aos 93 anos de idade. Ela passava por problemas de sa\u00fade e estava internada na Santa Casa de Dracena.<\/p>\n<p style=\"text-align: justify;\">Era vi\u00fava e deixa os filhos, Marize, Ver\u00f4nica, Telma e Humberto, netos, bisnetos, demais familiares e amigos.<\/p>\n<p style=\"text-align: justify;\">Representou Dracena por diversas vezes nos Jogos Regionais na equipe de Coreografia e Dan\u00e7a, participava ativamente com muita alegria e disposi\u00e7\u00e3o de diversos grupos.<\/p>\n<p style=\"text-align: justify;\">O Vel\u00f3rio ocorre na Sala Vip do Memorial Vida Prev a partir das 20 H. de hoje (24) e o Sepultamento ser\u00e1 amanh\u00e3 (25) 09:30 H. no Cemit\u00e9rio Municipal de Dracena.<\/p>\n<p>O SIT JZ e TOP TV se solidarizam com a fam\u00edlia e amigos, neste dif\u00edcil momento.<\/p>\n<p>Jorge Zanoni<\/p>\n","protected":false},"excerpt":{"rendered":"<p>Comunicamos com pesar o falecimento da senhora Therezinha Lima da Rocha Tamaoki aos 93 anos de idade. Ela passava por problemas de sa\u00fade e estava internada na Santa Casa de Dracena. Era vi\u00fava e deixa os filhos, Marize, Ver\u00f4nica, Telma e Humberto, netos, bisnetos, demais familiares e amigos. Representou Dracena por diversas vezes nos Jogos [&hellip;]<\/p>\n","protected":false},"author":1,"featured_media":92961,"comment_status":"closed","ping_status":"open","sticky":false,"template":"","format":"standard","meta":{"footnotes":""},"categories":[178,110],"tags":[],"class_list":["post-92960","post","type-post","status-publish","format-standard","has-post-thumbnail","hentry","category-notadefalecimento","category-noticiasdestaque"],"_links":{"self":[{"href":"https:\/\/jorgezanoni.com.br\/2019\/wp-json\/wp\/v2\/posts\/92960","targetHints":{"allow":["GET"]}}],"collection":[{"href":"https:\/\/jorgezanoni.com.br\/2019\/wp-json\/wp\/v2\/posts"}],"about":[{"href":"https:\/\/jorgezanoni.com.br\/2019\/wp-json\/wp\/v2\/types\/post"}],"author":[{"embeddable":true,"href":"https:\/\/jorgezanoni.com.br\/2019\/wp-json\/wp\/v2\/users\/1"}],"replies":[{"embeddable":true,"href":"https:\/\/jorgezanoni.com.br\/2019\/wp-json\/wp\/v2\/comments?post=92960"}],"version-history":[{"count":1,"href":"https:\/\/jorgezanoni.com.br\/2019\/wp-json\/wp\/v2\/posts\/92960\/revisions"}],"predecessor-version":[{"id":92962,"href":"https:\/\/jorgezanoni.com.br\/2019\/wp-json\/wp\/v2\/posts\/92960\/revisions\/92962"}],"wp:featuredmedia":[{"embeddable":true,"href":"https:\/\/jorgezanoni.com.br\/2019\/wp-json\/wp\/v2\/media\/92961"}],"wp:attachment":[{"href":"https:\/\/jorgezanoni.com.br\/2019\/wp-json\/wp\/v2\/media?parent=92960"}],"wp:term":[{"taxonomy":"category","embeddable":true,"href":"https:\/\/jorgezanoni.com.br\/2019\/wp-json\/wp\/v2\/categories?post=92960"},{"taxonomy":"post_tag","embeddable":true,"href":"https:\/\/jorgezanoni.com.br\/2019\/wp-json\/wp\/v2\/tags?post=92960"}],"curies":[{"name":"wp","href":"https:\/\/api.w.org\/{rel}","templated":true}]}}