{"id":9296,"date":"2019-10-21T12:35:46","date_gmt":"2019-10-21T12:35:46","guid":{"rendered":"https:\/\/jorgezanoni.com.br\/2019\/?p=9296"},"modified":"2019-10-21T12:35:46","modified_gmt":"2019-10-21T12:35:46","slug":"menina-de-8-anos-morre-em-sc-ao-cair-do-18-andar-de-predio-em-construcao","status":"publish","type":"post","link":"https:\/\/jorgezanoni.com.br\/2019\/menina-de-8-anos-morre-em-sc-ao-cair-do-18-andar-de-predio-em-construcao\/","title":{"rendered":"Menina de 8 anos morre em SC ao cair do 18\u00b0 andar de pr\u00e9dio em constru\u00e7\u00e3o"},"content":{"rendered":"<h2 class=\"content-head__subtitle\" style=\"text-align: justify;\"><strong>Segundo a pol\u00edcia, o pai dela trabalhava no local e levou a fam\u00edlia para conhecer a obra.<\/strong><\/h2>\n<p style=\"text-align: justify;\">Uma menina de 8 anos morreu ao cair do 18\u00b0 andar do pr\u00e9dio no domingo (20) no Centro de\u00a0<a href=\"https:\/\/g1.globo.com\/sc\/santa-catarina\/cidade\/balneario-picarras\/\">Balne\u00e1rio Pi\u00e7arras<\/a>, Litoral Norte catarinense. Brenda Silva chegou a ser socorrida pela fam\u00edlia e levada para o pronto atendimento, mas n\u00e3o resistiu aos ferimentos. A informa\u00e7\u00e3o foi confirmada pela prefeitura do munic\u00edpio.<\/p>\n<p style=\"text-align: justify;\">A\u00a0<strong>NSC TV\u00a0<\/strong>entrou em contato com a empresa respons\u00e1vel pelo edif\u00edcio, mas at\u00e9 esta publica\u00e7\u00e3o n\u00e3o obteve retorno.<\/p>\n<p style=\"text-align: justify;\">Fonte: G1<\/p>\n","protected":false},"excerpt":{"rendered":"<p>Segundo a pol\u00edcia, o pai dela trabalhava no local e levou a fam\u00edlia para conhecer a obra. Uma menina de 8 anos morreu ao cair do 18\u00b0 andar do pr\u00e9dio no domingo (20) no Centro de\u00a0Balne\u00e1rio Pi\u00e7arras, Litoral Norte catarinense. Brenda Silva chegou a ser socorrida pela fam\u00edlia e levada para o pronto atendimento, mas [&hellip;]<\/p>\n","protected":false},"author":1,"featured_media":9297,"comment_status":"closed","ping_status":"open","sticky":false,"template":"","format":"standard","meta":{"footnotes":""},"categories":[110,2],"tags":[],"class_list":["post-9296","post","type-post","status-publish","format-standard","has-post-thumbnail","hentry","category-noticiasdestaque","category-policial"],"_links":{"self":[{"href":"https:\/\/jorgezanoni.com.br\/2019\/wp-json\/wp\/v2\/posts\/9296","targetHints":{"allow":["GET"]}}],"collection":[{"href":"https:\/\/jorgezanoni.com.br\/2019\/wp-json\/wp\/v2\/posts"}],"about":[{"href":"https:\/\/jorgezanoni.com.br\/2019\/wp-json\/wp\/v2\/types\/post"}],"author":[{"embeddable":true,"href":"https:\/\/jorgezanoni.com.br\/2019\/wp-json\/wp\/v2\/users\/1"}],"replies":[{"embeddable":true,"href":"https:\/\/jorgezanoni.com.br\/2019\/wp-json\/wp\/v2\/comments?post=9296"}],"version-history":[{"count":0,"href":"https:\/\/jorgezanoni.com.br\/2019\/wp-json\/wp\/v2\/posts\/9296\/revisions"}],"wp:featuredmedia":[{"embeddable":true,"href":"https:\/\/jorgezanoni.com.br\/2019\/wp-json\/wp\/v2\/media\/9297"}],"wp:attachment":[{"href":"https:\/\/jorgezanoni.com.br\/2019\/wp-json\/wp\/v2\/media?parent=9296"}],"wp:term":[{"taxonomy":"category","embeddable":true,"href":"https:\/\/jorgezanoni.com.br\/2019\/wp-json\/wp\/v2\/categories?post=9296"},{"taxonomy":"post_tag","embeddable":true,"href":"https:\/\/jorgezanoni.com.br\/2019\/wp-json\/wp\/v2\/tags?post=9296"}],"curies":[{"name":"wp","href":"https:\/\/api.w.org\/{rel}","templated":true}]}}