{"id":9291,"date":"2019-10-21T12:20:46","date_gmt":"2019-10-21T12:20:46","guid":{"rendered":"https:\/\/jorgezanoni.com.br\/2019\/?p=9291"},"modified":"2019-10-21T12:21:17","modified_gmt":"2019-10-21T12:21:17","slug":"aviao-de-pequeno-porte-cai-em-bairro-residencial-de-bh-tres-morrem","status":"publish","type":"post","link":"https:\/\/jorgezanoni.com.br\/2019\/aviao-de-pequeno-porte-cai-em-bairro-residencial-de-bh-tres-morrem\/","title":{"rendered":"Avi\u00e3o de pequeno porte cai em bairro residencial de BH; tr\u00eas morrem"},"content":{"rendered":"<h2 class=\"content-head__subtitle\" style=\"text-align: justify;\"><strong>Segundo o Corpo de Bombeiros, outros tr\u00eas ficaram feridos. Em abril, outra aeronave caiu na mesma rua, no Cai\u00e7ara.<\/strong><\/h2>\n<p style=\"text-align: justify;\"><img loading=\"lazy\" decoding=\"async\" class=\"alignnone size-full wp-image-9292\" src=\"https:\/\/jorgezanoni.com.br\/2019\/wp-content\/uploads\/2019\/10\/avi\u00e3o-1.jpeg\" alt=\"\" width=\"800\" height=\"1600\" srcset=\"https:\/\/jorgezanoni.com.br\/2019\/wp-content\/uploads\/2019\/10\/avi\u00e3o-1.jpeg 800w, https:\/\/jorgezanoni.com.br\/2019\/wp-content\/uploads\/2019\/10\/avi\u00e3o-1-150x300.jpeg 150w, https:\/\/jorgezanoni.com.br\/2019\/wp-content\/uploads\/2019\/10\/avi\u00e3o-1-768x1536.jpeg 768w, https:\/\/jorgezanoni.com.br\/2019\/wp-content\/uploads\/2019\/10\/avi\u00e3o-1-512x1024.jpeg 512w, https:\/\/jorgezanoni.com.br\/2019\/wp-content\/uploads\/2019\/10\/avi\u00e3o-1-696x1392.jpeg 696w, https:\/\/jorgezanoni.com.br\/2019\/wp-content\/uploads\/2019\/10\/avi\u00e3o-1-210x420.jpeg 210w\" sizes=\"auto, (max-width: 800px) 100vw, 800px\" \/>Muita fuma\u00e7a \u00e9 vista no local onde a aeronave caiu \u2014 Foto: Reprodu\u00e7\u00e3o\/ Redes sociais<\/p>\n<div class=\"mc-column content-text active-extra-styles \" style=\"text-align: justify;\" data-block-type=\"unstyled\" data-block-weight=\"58\" data-block-id=\"3\">\n<p class=\"content-text__container \" data-track-category=\"Link no Texto\" data-track-links=\"\">Um avi\u00e3o de pequeno porte, prefixo PR-ETJ, caiu na manh\u00e3 desta segunda-feira (21), na esquina das ruas Minerva com Belmiro Braga, no bairro Cai\u00e7ara, na Regi\u00e3o Noroeste de Belo Horizonte, mesma regi\u00e3o onde\u00a0<a href=\"https:\/\/g1.globo.com\/mg\/minas-gerais\/noticia\/2019\/04\/13\/aeronave-cai-na-regiao-noroeste-de-belo-horizonte-dizem-bombeiros.ghtml\">um avi\u00e3o caiu em abril deste ano.<\/a>\u00a0Segundo o Corpo de Bombeiros, o acidente deixou tr\u00eas mortos e outras tr\u00eas pessoas ficaram feridas.<\/p>\n<\/div>\n<div class=\"wall protected-content\">\n<div class=\"mc-column content-text active-extra-styles \" data-block-type=\"unstyled\" data-block-weight=\"49\" data-block-id=\"4\">\n<p class=\"content-text__container \" style=\"text-align: justify;\" data-track-category=\"Link no Texto\" data-track-links=\"\">O acidente aconteceu em um bairro residencial, pr\u00f3ximo ao Aeroporto Carlos Prates, de onde a aeronave tinha acabado de decolar com destino a Ilh\u00e9us. Muita fuma\u00e7a preta tomou conta da regi\u00e3o. O local \u00e9 o mesmo onde, em 13 de abril,\u00a0<a href=\"https:\/\/g1.globo.com\/mg\/minas-gerais\/noticia\/2019\/04\/13\/aeronave-cai-na-regiao-noroeste-de-belo-horizonte-dizem-bombeiros.ghtml\">caiu um avi\u00e3o e deixou um morto<\/a>.<\/p>\n<div class=\"mc-column content-text active-extra-styles \" style=\"text-align: justify;\" data-block-type=\"unstyled\" data-block-weight=\"18\" data-block-id=\"7\">\n<p class=\"content-text__container \" data-track-category=\"Link no Texto\" data-track-links=\"\">O acidente aconteceu pr\u00f3ximo a uma academia. Foram ouvidas pelo menos duas explos\u00f5es. O local est\u00e1 isolado.<\/p>\n<\/div>\n<div class=\"mc-column content-text active-extra-styles\" style=\"text-align: justify;\" data-block-type=\"raw\" data-block-weight=\"2\" data-block-id=\"8\">\n<div class=\"content-intertitle\">\n<h2>&#8216;Muita explos\u00e3o&#8217;<\/h2>\n<\/div>\n<\/div>\n<div class=\"mc-column content-text active-extra-styles \" style=\"text-align: justify;\" data-block-type=\"unstyled\" data-block-weight=\"52\" data-block-id=\"9\">\n<p class=\"content-text__container \" data-track-category=\"Link no Texto\" data-track-links=\"\">Morador da rua onde o avi\u00e3o caiu, o servidor p\u00fablico Carlos Henrique Pacheco Diniz, de 37 anos, ouviu o momento da explos\u00e3o. &#8220;A gente tentou a apagar o fogo nele, teve muita explos\u00e3o e n\u00e3o deu para ajudar mais&#8221;. Segundo ele, dois ocupantes entraram andando em uma casa.<\/p>\n<\/div>\n<div class=\"mc-column content-text active-extra-styles \" style=\"text-align: justify;\" data-block-type=\"unstyled\" data-block-weight=\"15\" data-block-id=\"10\">\n<p class=\"content-text__container \" data-track-category=\"Link no Texto\" data-track-links=\"\">&#8220;Eu estava em casa e ouvi um estrondo. Eu sai e vi o primeiro minuto&#8221;<\/p>\n<\/div>\n<div class=\"mc-column content-text active-extra-styles\" style=\"text-align: justify;\" data-block-type=\"raw\" data-block-weight=\"5\" data-block-id=\"11\">\n<div class=\"content-intertitle\">\n<h2>Outro acidente no mesmo local<\/h2>\n<\/div>\n<\/div>\n<div class=\"mc-column content-text active-extra-styles \" style=\"text-align: justify;\" data-block-type=\"unstyled\" data-block-weight=\"50\" data-block-id=\"12\">\n<p class=\"content-text__container \" data-track-category=\"Link no Texto\" data-track-links=\"\">No dia 13 de abril deste ano, um avi\u00e3o caiu na mesma rua. Na ocasi\u00e3o, o piloto Francisco Fabiano Gontijo morreu carbonizado. A aeronave pegou fogo e bateu no port\u00e3o de uma casa. A fia\u00e7\u00e3o da rede de energia el\u00e9trica foi atingida e deixou moradores do entorno sem luz.<\/p>\n<\/div>\n<div class=\"mc-column content-text active-extra-styles \" data-block-type=\"unstyled\" data-block-weight=\"32\" data-block-id=\"13\">\n<p class=\"content-text__container \" style=\"text-align: justify;\" data-track-category=\"Link no Texto\" data-track-links=\"\">De acordo com Empresa Brasileira de Infraestrutura Aeroportu\u00e1ria (Infraero), o avi\u00e3o havia decolado do Aeroporto Carlos Prates, tamb\u00e9m na Regi\u00e3o Noroeste. Pelo registro de voo, o pouso seria feito no mesmo local.<\/p>\n<p data-track-category=\"Link no Texto\" data-track-links=\"\"><img loading=\"lazy\" decoding=\"async\" class=\"alignnone size-full wp-image-9293\" src=\"https:\/\/jorgezanoni.com.br\/2019\/wp-content\/uploads\/2019\/10\/avi\u00e3o1.jpg\" alt=\"\" width=\"1200\" height=\"675\" srcset=\"https:\/\/jorgezanoni.com.br\/2019\/wp-content\/uploads\/2019\/10\/avi\u00e3o1.jpg 1200w, https:\/\/jorgezanoni.com.br\/2019\/wp-content\/uploads\/2019\/10\/avi\u00e3o1-300x169.jpg 300w, https:\/\/jorgezanoni.com.br\/2019\/wp-content\/uploads\/2019\/10\/avi\u00e3o1-768x432.jpg 768w, https:\/\/jorgezanoni.com.br\/2019\/wp-content\/uploads\/2019\/10\/avi\u00e3o1-1024x576.jpg 1024w, https:\/\/jorgezanoni.com.br\/2019\/wp-content\/uploads\/2019\/10\/avi\u00e3o1-696x392.jpg 696w, https:\/\/jorgezanoni.com.br\/2019\/wp-content\/uploads\/2019\/10\/avi\u00e3o1-1068x601.jpg 1068w, https:\/\/jorgezanoni.com.br\/2019\/wp-content\/uploads\/2019\/10\/avi\u00e3o1-747x420.jpg 747w\" sizes=\"auto, (max-width: 1200px) 100vw, 1200px\" \/>Avi\u00e3o cai no Cai\u00e7ara, em BH \u2014 Foto: Arquivo pessoal<\/p>\n<\/div>\n<div class=\"mc-column content-text active-extra-styles \" data-block-type=\"unstyled\" data-block-weight=\"5\" data-block-id=\"14\">\n<p class=\"content-text__container \" data-track-category=\"Link no Texto\" data-track-links=\"\"><em>(Esta reportagem est\u00e1 em atualiza\u00e7\u00e3o).<\/em><\/p>\n<p data-track-category=\"Link no Texto\" data-track-links=\"\">Fonte: G1<\/p>\n<p data-track-category=\"Link no Texto\" data-track-links=\"\">\n<\/div>\n<\/div>\n<\/div>\n","protected":false},"excerpt":{"rendered":"<p>Segundo o Corpo de Bombeiros, outros tr\u00eas ficaram feridos. Em abril, outra aeronave caiu na mesma rua, no Cai\u00e7ara. Muita fuma\u00e7a \u00e9 vista no local onde a aeronave caiu \u2014 Foto: Reprodu\u00e7\u00e3o\/ Redes sociais Um avi\u00e3o de pequeno porte, prefixo PR-ETJ, caiu na manh\u00e3 desta segunda-feira (21), na esquina das ruas Minerva com Belmiro Braga, [&hellip;]<\/p>\n","protected":false},"author":1,"featured_media":9294,"comment_status":"closed","ping_status":"open","sticky":false,"template":"","format":"standard","meta":{"footnotes":""},"categories":[170,110],"tags":[],"class_list":["post-9291","post","type-post","status-publish","format-standard","has-post-thumbnail","hentry","category-acidentes","category-noticiasdestaque"],"_links":{"self":[{"href":"https:\/\/jorgezanoni.com.br\/2019\/wp-json\/wp\/v2\/posts\/9291","targetHints":{"allow":["GET"]}}],"collection":[{"href":"https:\/\/jorgezanoni.com.br\/2019\/wp-json\/wp\/v2\/posts"}],"about":[{"href":"https:\/\/jorgezanoni.com.br\/2019\/wp-json\/wp\/v2\/types\/post"}],"author":[{"embeddable":true,"href":"https:\/\/jorgezanoni.com.br\/2019\/wp-json\/wp\/v2\/users\/1"}],"replies":[{"embeddable":true,"href":"https:\/\/jorgezanoni.com.br\/2019\/wp-json\/wp\/v2\/comments?post=9291"}],"version-history":[{"count":0,"href":"https:\/\/jorgezanoni.com.br\/2019\/wp-json\/wp\/v2\/posts\/9291\/revisions"}],"wp:featuredmedia":[{"embeddable":true,"href":"https:\/\/jorgezanoni.com.br\/2019\/wp-json\/wp\/v2\/media\/9294"}],"wp:attachment":[{"href":"https:\/\/jorgezanoni.com.br\/2019\/wp-json\/wp\/v2\/media?parent=9291"}],"wp:term":[{"taxonomy":"category","embeddable":true,"href":"https:\/\/jorgezanoni.com.br\/2019\/wp-json\/wp\/v2\/categories?post=9291"},{"taxonomy":"post_tag","embeddable":true,"href":"https:\/\/jorgezanoni.com.br\/2019\/wp-json\/wp\/v2\/tags?post=9291"}],"curies":[{"name":"wp","href":"https:\/\/api.w.org\/{rel}","templated":true}]}}