{"id":92895,"date":"2025-02-20T21:59:11","date_gmt":"2025-02-20T21:59:11","guid":{"rendered":"https:\/\/jorgezanoni.com.br\/2019\/?p=92895"},"modified":"2025-02-21T10:34:15","modified_gmt":"2025-02-21T10:34:15","slug":"aniversariantes-do-dia-21-02-25","status":"publish","type":"post","link":"https:\/\/jorgezanoni.com.br\/2019\/aniversariantes-do-dia-21-02-25\/","title":{"rendered":"Aniversariantes do Dia 21\/02\/25"},"content":{"rendered":"<p>O SITE JZ PARABENIZA OS ANIVERSARIANTES DE HOJE:<\/p>\n<p><img loading=\"lazy\" decoding=\"async\" class=\"alignnone size-full wp-image-92896\" src=\"https:\/\/jorgezanoni.com.br\/2019\/wp-content\/uploads\/2025\/02\/Elaine-Gimenes-0-1-Pequeno.jpg\" alt=\"\" width=\"245\" height=\"480\" srcset=\"https:\/\/jorgezanoni.com.br\/2019\/wp-content\/uploads\/2025\/02\/Elaine-Gimenes-0-1-Pequeno.jpg 245w, https:\/\/jorgezanoni.com.br\/2019\/wp-content\/uploads\/2025\/02\/Elaine-Gimenes-0-1-Pequeno-153x300.jpg 153w, https:\/\/jorgezanoni.com.br\/2019\/wp-content\/uploads\/2025\/02\/Elaine-Gimenes-0-1-Pequeno-214x420.jpg 214w\" sizes=\"auto, (max-width: 245px) 100vw, 245px\" \/>Elaine Gimenes<\/p>\n<p><img loading=\"lazy\" decoding=\"async\" class=\"alignnone size-full wp-image-92897\" src=\"https:\/\/jorgezanoni.com.br\/2019\/wp-content\/uploads\/2025\/02\/Erica-Molina-Pequeno.jpg\" alt=\"\" width=\"360\" height=\"480\" srcset=\"https:\/\/jorgezanoni.com.br\/2019\/wp-content\/uploads\/2025\/02\/Erica-Molina-Pequeno.jpg 360w, https:\/\/jorgezanoni.com.br\/2019\/wp-content\/uploads\/2025\/02\/Erica-Molina-Pequeno-225x300.jpg 225w, https:\/\/jorgezanoni.com.br\/2019\/wp-content\/uploads\/2025\/02\/Erica-Molina-Pequeno-315x420.jpg 315w\" sizes=\"auto, (max-width: 360px) 100vw, 360px\" \/>Erica Molina<\/p>\n<p><img loading=\"lazy\" decoding=\"async\" class=\"alignnone size-full wp-image-92898\" src=\"https:\/\/jorgezanoni.com.br\/2019\/wp-content\/uploads\/2025\/02\/Jennifer-Moraes-Pequeno.jpg\" alt=\"\" width=\"412\" height=\"480\" srcset=\"https:\/\/jorgezanoni.com.br\/2019\/wp-content\/uploads\/2025\/02\/Jennifer-Moraes-Pequeno.jpg 412w, https:\/\/jorgezanoni.com.br\/2019\/wp-content\/uploads\/2025\/02\/Jennifer-Moraes-Pequeno-258x300.jpg 258w, https:\/\/jorgezanoni.com.br\/2019\/wp-content\/uploads\/2025\/02\/Jennifer-Moraes-Pequeno-361x420.jpg 361w\" sizes=\"auto, (max-width: 412px) 100vw, 412px\" \/>Jennifer Moraes<\/p>\n<p><img loading=\"lazy\" decoding=\"async\" class=\"alignnone size-full wp-image-92908\" src=\"https:\/\/jorgezanoni.com.br\/2019\/wp-content\/uploads\/2025\/02\/Jullia-Paola-Guimaraes-Valerio-Pequeno.jpg\" alt=\"\" width=\"320\" height=\"480\" srcset=\"https:\/\/jorgezanoni.com.br\/2019\/wp-content\/uploads\/2025\/02\/Jullia-Paola-Guimaraes-Valerio-Pequeno.jpg 320w, https:\/\/jorgezanoni.com.br\/2019\/wp-content\/uploads\/2025\/02\/Jullia-Paola-Guimaraes-Valerio-Pequeno-200x300.jpg 200w, https:\/\/jorgezanoni.com.br\/2019\/wp-content\/uploads\/2025\/02\/Jullia-Paola-Guimaraes-Valerio-Pequeno-280x420.jpg 280w\" sizes=\"auto, (max-width: 320px) 100vw, 320px\" \/>J\u00falia Paola Guimar\u00e3es Val\u00e9rio<\/p>\n<p><img loading=\"lazy\" decoding=\"async\" class=\"alignnone size-full wp-image-92899\" src=\"https:\/\/jorgezanoni.com.br\/2019\/wp-content\/uploads\/2025\/02\/Marilza-Ramos-1-Pequeno.jpg\" alt=\"\" width=\"368\" height=\"480\" srcset=\"https:\/\/jorgezanoni.com.br\/2019\/wp-content\/uploads\/2025\/02\/Marilza-Ramos-1-Pequeno.jpg 368w, https:\/\/jorgezanoni.com.br\/2019\/wp-content\/uploads\/2025\/02\/Marilza-Ramos-1-Pequeno-230x300.jpg 230w, https:\/\/jorgezanoni.com.br\/2019\/wp-content\/uploads\/2025\/02\/Marilza-Ramos-1-Pequeno-322x420.jpg 322w\" sizes=\"auto, (max-width: 368px) 100vw, 368px\" \/>Marilza Ramos<\/p>\n<p><img loading=\"lazy\" decoding=\"async\" class=\"alignnone size-full wp-image-92900\" src=\"https:\/\/jorgezanoni.com.br\/2019\/wp-content\/uploads\/2025\/02\/Regina-Ferreira-1-Pequeno.jpg\" alt=\"\" width=\"218\" height=\"480\" srcset=\"https:\/\/jorgezanoni.com.br\/2019\/wp-content\/uploads\/2025\/02\/Regina-Ferreira-1-Pequeno.jpg 218w, https:\/\/jorgezanoni.com.br\/2019\/wp-content\/uploads\/2025\/02\/Regina-Ferreira-1-Pequeno-136x300.jpg 136w, https:\/\/jorgezanoni.com.br\/2019\/wp-content\/uploads\/2025\/02\/Regina-Ferreira-1-Pequeno-191x420.jpg 191w\" sizes=\"auto, (max-width: 218px) 100vw, 218px\" \/>Regina Ferreira<\/p>\n<p><img loading=\"lazy\" decoding=\"async\" class=\"alignnone size-full wp-image-92910\" src=\"https:\/\/jorgezanoni.com.br\/2019\/wp-content\/uploads\/2025\/02\/Selma-Altina-de-Araujo-1-Pequeno.jpg\" alt=\"\" width=\"361\" height=\"480\" srcset=\"https:\/\/jorgezanoni.com.br\/2019\/wp-content\/uploads\/2025\/02\/Selma-Altina-de-Araujo-1-Pequeno.jpg 361w, https:\/\/jorgezanoni.com.br\/2019\/wp-content\/uploads\/2025\/02\/Selma-Altina-de-Araujo-1-Pequeno-226x300.jpg 226w, https:\/\/jorgezanoni.com.br\/2019\/wp-content\/uploads\/2025\/02\/Selma-Altina-de-Araujo-1-Pequeno-316x420.jpg 316w\" sizes=\"auto, (max-width: 361px) 100vw, 361px\" \/>Selma Altina de Ara\u00fajo<\/p>\n<p><img loading=\"lazy\" decoding=\"async\" class=\"alignnone size-full wp-image-92901\" src=\"https:\/\/jorgezanoni.com.br\/2019\/wp-content\/uploads\/2025\/02\/Tati-Prado-Pequeno.jpg\" alt=\"\" width=\"360\" height=\"480\" srcset=\"https:\/\/jorgezanoni.com.br\/2019\/wp-content\/uploads\/2025\/02\/Tati-Prado-Pequeno.jpg 360w, https:\/\/jorgezanoni.com.br\/2019\/wp-content\/uploads\/2025\/02\/Tati-Prado-Pequeno-225x300.jpg 225w, https:\/\/jorgezanoni.com.br\/2019\/wp-content\/uploads\/2025\/02\/Tati-Prado-Pequeno-315x420.jpg 315w\" sizes=\"auto, (max-width: 360px) 100vw, 360px\" \/>Tati Prado<\/p>\n<p><img loading=\"lazy\" decoding=\"async\" class=\"alignnone size-full wp-image-92902\" src=\"https:\/\/jorgezanoni.com.br\/2019\/wp-content\/uploads\/2025\/02\/Wanderlei-dos-Anjos-1-Pequeno.jpg\" alt=\"\" width=\"425\" height=\"480\" srcset=\"https:\/\/jorgezanoni.com.br\/2019\/wp-content\/uploads\/2025\/02\/Wanderlei-dos-Anjos-1-Pequeno.jpg 425w, https:\/\/jorgezanoni.com.br\/2019\/wp-content\/uploads\/2025\/02\/Wanderlei-dos-Anjos-1-Pequeno-266x300.jpg 266w, https:\/\/jorgezanoni.com.br\/2019\/wp-content\/uploads\/2025\/02\/Wanderlei-dos-Anjos-1-Pequeno-372x420.jpg 372w\" sizes=\"auto, (max-width: 425px) 100vw, 425px\" \/>Wanderlei dos Anjos<\/p>\n","protected":false},"excerpt":{"rendered":"<p>O SITE JZ PARABENIZA OS ANIVERSARIANTES DE HOJE: Elaine Gimenes Erica Molina Jennifer Moraes J\u00falia Paola Guimar\u00e3es Val\u00e9rio Marilza Ramos Regina Ferreira Selma Altina de Ara\u00fajo Tati Prado Wanderlei dos Anjos<\/p>\n","protected":false},"author":1,"featured_media":92901,"comment_status":"closed","ping_status":"open","sticky":false,"template":"","format":"standard","meta":{"footnotes":""},"categories":[174,110],"tags":[],"class_list":["post-92895","post","type-post","status-publish","format-standard","has-post-thumbnail","hentry","category-aniversariantes","category-noticiasdestaque"],"_links":{"self":[{"href":"https:\/\/jorgezanoni.com.br\/2019\/wp-json\/wp\/v2\/posts\/92895","targetHints":{"allow":["GET"]}}],"collection":[{"href":"https:\/\/jorgezanoni.com.br\/2019\/wp-json\/wp\/v2\/posts"}],"about":[{"href":"https:\/\/jorgezanoni.com.br\/2019\/wp-json\/wp\/v2\/types\/post"}],"author":[{"embeddable":true,"href":"https:\/\/jorgezanoni.com.br\/2019\/wp-json\/wp\/v2\/users\/1"}],"replies":[{"embeddable":true,"href":"https:\/\/jorgezanoni.com.br\/2019\/wp-json\/wp\/v2\/comments?post=92895"}],"version-history":[{"count":3,"href":"https:\/\/jorgezanoni.com.br\/2019\/wp-json\/wp\/v2\/posts\/92895\/revisions"}],"predecessor-version":[{"id":92911,"href":"https:\/\/jorgezanoni.com.br\/2019\/wp-json\/wp\/v2\/posts\/92895\/revisions\/92911"}],"wp:featuredmedia":[{"embeddable":true,"href":"https:\/\/jorgezanoni.com.br\/2019\/wp-json\/wp\/v2\/media\/92901"}],"wp:attachment":[{"href":"https:\/\/jorgezanoni.com.br\/2019\/wp-json\/wp\/v2\/media?parent=92895"}],"wp:term":[{"taxonomy":"category","embeddable":true,"href":"https:\/\/jorgezanoni.com.br\/2019\/wp-json\/wp\/v2\/categories?post=92895"},{"taxonomy":"post_tag","embeddable":true,"href":"https:\/\/jorgezanoni.com.br\/2019\/wp-json\/wp\/v2\/tags?post=92895"}],"curies":[{"name":"wp","href":"https:\/\/api.w.org\/{rel}","templated":true}]}}