{"id":9280,"date":"2019-10-21T00:26:35","date_gmt":"2019-10-21T00:26:35","guid":{"rendered":"https:\/\/jorgezanoni.com.br\/2019\/?p=9280"},"modified":"2019-10-21T00:26:35","modified_gmt":"2019-10-21T00:26:35","slug":"faleceu-e-foi-sepultado-em-barretos-o-conhecido-tio-patinhas-dracenense-que-foi-campeao-de-rodeios-naquela-cidade","status":"publish","type":"post","link":"https:\/\/jorgezanoni.com.br\/2019\/faleceu-e-foi-sepultado-em-barretos-o-conhecido-tio-patinhas-dracenense-que-foi-campeao-de-rodeios-naquela-cidade\/","title":{"rendered":"Faleceu e foi sepultado em Barretos o conhecido Tio Patinhas, dracenense que foi campe\u00e3o de rodeios naquela cidade"},"content":{"rendered":"<h3 class=\"post-title entry-title\" style=\"text-align: justify;\"><strong>Valter Teixeira Viler\u00e1, conhecido como Tio Patinhas ou Bill, faleceu neste s\u00e1bado aos 60 anos. Ele foi um dos maiores campe\u00f5es em montarias em cavalos na Festa do Pe\u00e3o de Barretos e representou Dracena, sua cidade.\u00a0<\/strong><\/h3>\n<div id=\"post-body-8391579289147457241\" class=\"post-body entry-content\">\n<h1 class=\"entry-title\" style=\"text-align: justify;\"><strong>Morre \u2018Tio Patinhas\u2019, \u00edcone dos rodeios<\/strong><\/h1>\n<p style=\"text-align: justify;\">Morreu hoje, 19, o bicampe\u00e3o em Barretos, Valter Teixeira Vilera, 60 anos, conhecido pelo sucesso dentro das arenas de rodeios de todo pa\u00eds.<\/p>\n<p style=\"text-align: justify;\">Valter estava internado desde o come\u00e7o do m\u00eas de outubro na UTI do Hospital de Base de Rio Preto, onde deu entrada com uma grave hepatite.<\/p>\n<p style=\"text-align: justify;\">Durante sua vitoriosa carreira ganhou mais de 20 torneios, colecionou trof\u00e9us e acumulou dezenas de pr\u00eamios. Era tido como um dos melhores montadores de cavalo no Brasil, na modalidade\u00a0cutiana.<\/p>\n<p style=\"text-align: justify;\">Jaisson Nascimento, locutor de rodeios aposentado, fala sobre o seu relacionamento com \u2018Tio Patinhas\u2019 e o sentimento que fica ap\u00f3s a partida do amigo.<\/p>\n<p style=\"text-align: justify;\">\u201cComecei a narrar em 1989 e, de l\u00e1 at\u00e9 a minha aposentaria aposentaria foram v\u00e1rios encontros com o Valter, quem cham\u00e1vamos carinhosamente de Bill ou Tio Patinhas, j\u00e1 que ele faturava sempre todos os pr\u00eamios e t\u00edtulos nos rodeios. Era um vaqueiro completo. \u00c9 uma pena! O rodeio perde hoje, uma parte da sua hist\u00f3ria\u201d, relata emocionado.<\/p>\n<p style=\"text-align: justify;\">O vel\u00f3rio aconteceu em Barretos, no Vel\u00f3rio Municipal, na avenida 21. O sepultamento ocorreu no no Primeiro Cemit\u00e9rio vertical ECOL\u00d3GICO do estado de S\u00e3o Paulo em BARRETOS.<\/p>\n<p>Fonte: http:\/\/dhojeinterior.com.br\/morre-tio-patinhas-icone-dos-rodeios\/?fbclid=IwAR0TSpjIfVrp2d8d7VAbCyFXuImEBPgpUsAKnR_GdJaC3cNDyK8bSOHXMpg<\/p>\n<p>VEJA O V\u00cdDEO E HOMENAGENS NO MOMENTO DO SEPULTAMENTO.<\/p>\n<div id=\"fb-root\"><\/div>\n<p><script async=\"1\" defer=\"1\" crossorigin=\"anonymous\" src=\"https:\/\/connect.facebook.net\/en_US\/sdk.js#xfbml=1&amp;version=v4.0\"><\/script><\/p>\n<div class=\"fb-video\" data-href=\"https:\/\/www.facebook.com\/jorgezanonidracena\/videos\/714786395599395\/\" data-width=\"696\">\n<blockquote cite=\"https:\/\/www.facebook.com\/jorgezanonidracena\/videos\/714786395599395\/\" class=\"fb-xfbml-parse-ignore\"><p><a href=\"https:\/\/www.facebook.com\/jorgezanonidracena\/videos\/714786395599395\/\">Faleceu e foi sepultado em Barretos o conhecido Tio Patinhas (Bill), dracenense que foi campe\u00e3o de rodeios naquela cidade. V\u00eddeo e homenagem na hora do Sepultamento. (Video de Internauta) 20\/10\/10<\/a><\/p>\n<p>Faleceu e foi sepultado em Barretos o conhecido Tio Patinhas (Bill), dracenense que foi campe\u00e3o de rodeios naquela cidade. V\u00eddeo e homenagem na hora do Sepultamento. (Video de Internauta) 20\/10\/10<\/p>\n<p>Posted by <a href=\"https:\/\/www.facebook.com\/jorgezanonidracena\/\">Jorge Zanoni<\/a> on Sunday, October 20, 2019<\/p><\/blockquote>\n<\/div>\n<p>&nbsp;<\/p>\n<\/div>\n","protected":false},"excerpt":{"rendered":"<p>Valter Teixeira Viler\u00e1, conhecido como Tio Patinhas ou Bill, faleceu neste s\u00e1bado aos 60 anos. Ele foi um dos maiores campe\u00f5es em montarias em cavalos na Festa do Pe\u00e3o de Barretos e representou Dracena, sua cidade.\u00a0 Morre \u2018Tio Patinhas\u2019, \u00edcone dos rodeios Morreu hoje, 19, o bicampe\u00e3o em Barretos, Valter Teixeira Vilera, 60 anos, conhecido [&hellip;]<\/p>\n","protected":false},"author":1,"featured_media":9281,"comment_status":"closed","ping_status":"open","sticky":false,"template":"","format":"standard","meta":{"footnotes":""},"categories":[178,110,169],"tags":[],"class_list":["post-9280","post","type-post","status-publish","format-standard","has-post-thumbnail","hentry","category-notadefalecimento","category-noticiasdestaque","category-videos"],"_links":{"self":[{"href":"https:\/\/jorgezanoni.com.br\/2019\/wp-json\/wp\/v2\/posts\/9280","targetHints":{"allow":["GET"]}}],"collection":[{"href":"https:\/\/jorgezanoni.com.br\/2019\/wp-json\/wp\/v2\/posts"}],"about":[{"href":"https:\/\/jorgezanoni.com.br\/2019\/wp-json\/wp\/v2\/types\/post"}],"author":[{"embeddable":true,"href":"https:\/\/jorgezanoni.com.br\/2019\/wp-json\/wp\/v2\/users\/1"}],"replies":[{"embeddable":true,"href":"https:\/\/jorgezanoni.com.br\/2019\/wp-json\/wp\/v2\/comments?post=9280"}],"version-history":[{"count":0,"href":"https:\/\/jorgezanoni.com.br\/2019\/wp-json\/wp\/v2\/posts\/9280\/revisions"}],"wp:featuredmedia":[{"embeddable":true,"href":"https:\/\/jorgezanoni.com.br\/2019\/wp-json\/wp\/v2\/media\/9281"}],"wp:attachment":[{"href":"https:\/\/jorgezanoni.com.br\/2019\/wp-json\/wp\/v2\/media?parent=9280"}],"wp:term":[{"taxonomy":"category","embeddable":true,"href":"https:\/\/jorgezanoni.com.br\/2019\/wp-json\/wp\/v2\/categories?post=9280"},{"taxonomy":"post_tag","embeddable":true,"href":"https:\/\/jorgezanoni.com.br\/2019\/wp-json\/wp\/v2\/tags?post=9280"}],"curies":[{"name":"wp","href":"https:\/\/api.w.org\/{rel}","templated":true}]}}