{"id":9270,"date":"2019-10-20T23:09:15","date_gmt":"2019-10-20T23:09:15","guid":{"rendered":"https:\/\/jorgezanoni.com.br\/2019\/?p=9270"},"modified":"2019-10-20T23:09:15","modified_gmt":"2019-10-20T23:09:15","slug":"mesmo-sem-horario-de-verao-usuarios-afirmam-que-celulares-adiantaram-hora","status":"publish","type":"post","link":"https:\/\/jorgezanoni.com.br\/2019\/mesmo-sem-horario-de-verao-usuarios-afirmam-que-celulares-adiantaram-hora\/","title":{"rendered":"Mesmo sem hor\u00e1rio de ver\u00e3o, usu\u00e1rios afirmam que celulares adiantaram hora"},"content":{"rendered":"<h2 class=\"content-head__subtitle\" style=\"text-align: justify;\"><strong>Hor\u00e1rio de ver\u00e3o brasileiro deveria acontecer entre este s\u00e1bado (19) e domingo (20), mas foi revogado por Bolsonaro em abril.<\/strong><\/h2>\n<div class=\"mc-column content-text active-extra-styles \" data-block-type=\"unstyled\" data-block-weight=\"46\" data-block-id=\"2\">\n<p class=\"content-text__container \" style=\"text-align: justify;\" data-track-category=\"Link no Texto\" data-track-links=\"\">Apesar de<a href=\"https:\/\/g1.globo.com\/politica\/noticia\/2019\/04\/25\/bolsonaro-assina-decreto-que-acaba-com-o-horario-de-verao.ghtml\">\u00a0ter sido revogado por Jair Bolsonaro<\/a>, o hor\u00e1rio de ver\u00e3o \u2013 ou a falta dele \u2013 agitou as redes sociais na madrugada deste domingo (20). No Twitter, centenas de usu\u00e1rios relataram que os celulares adiantaram automaticamente em 1 hora e questionaram o hor\u00e1rio certo.<\/p>\n<\/div>\n<div class=\"wall protected-content\">\n<div class=\"mc-column content-text active-extra-styles \" style=\"text-align: justify;\" data-block-type=\"unstyled\" data-block-weight=\"38\" data-block-id=\"3\">\n<p class=\"content-text__container \" data-track-category=\"Link no Texto\" data-track-links=\"\">O problema j\u00e1 era previsto. Na \u00faltima sexta-feira, o\u00a0<a href=\"https:\/\/g1.globo.com\/economia\/tecnologia\/noticia\/2019\/10\/18\/google-recomenda-que-usuarios-android-retirem-atualizacao-automatica-do-relogio-para-que-celulares-nao-entrem-no-horario-de-verao.ghtml\">Google havia publicado um an\u00fancio oficial\u00a0<\/a>em seu blog recomendando que usu\u00e1rios de Android no Brasil alterassem as configura\u00e7\u00f5es autom\u00e1ticas de data e hora;\u00a0<a href=\"https:\/\/g1.globo.com\/economia\/tecnologia\/noticia\/2019\/10\/18\/google-recomenda-que-usuarios-android-retirem-atualizacao-automatica-do-relogio-para-que-celulares-nao-entrem-no-horario-de-verao.ghtml\">saiba como fazer isso<\/a>.<\/p>\n<\/div>\n<div class=\"mc-column content-text active-extra-styles \" style=\"text-align: justify;\" data-block-type=\"unstyled\" data-block-weight=\"45\" data-block-id=\"4\">\n<p class=\"content-text__container \" data-track-category=\"Link no Texto\" data-track-links=\"\">O SindiTelebrasil, que representa as operadoras de telefonia, informou que \u201cas empresas realizaram testes na rede e n\u00e3o foram identificados problemas na altera\u00e7\u00e3o de hor\u00e1rio&#8221;. &#8220;Vale ressaltar que h\u00e1 altera\u00e7\u00f5es que n\u00e3o ocorrem na rede das operadoras, e sim em aplicativos externos instalados nos aparelhos.&#8221;<\/p>\n<\/div>\n<div class=\"mc-column content-text active-extra-styles \" style=\"text-align: justify;\" data-block-type=\"unstyled\" data-block-weight=\"26\" data-block-id=\"5\">\n<p class=\"content-text__container \" data-track-category=\"Link no Texto\" data-track-links=\"\">Na sexta-feira, a entidade havia informado que as operadoras &#8220;desprogramaram a altera\u00e7\u00e3o do hor\u00e1rio de ver\u00e3o em suas plataformas, de acordo com o novo decreto presidencial&#8221;.<\/p>\n<\/div>\n<div class=\"mc-column content-text active-extra-styles\" data-block-type=\"raw\" data-block-weight=\"2\" data-block-id=\"6\">\n<div class=\"content-intertitle\">\n<h2 style=\"text-align: justify;\">Saiba corrigir<\/h2>\n<\/div>\n<\/div>\n<div class=\"mc-column content-text active-extra-styles \" data-block-type=\"unstyled\" data-block-weight=\"3\" data-block-id=\"7\">\n<p class=\"content-text__container \" data-track-category=\"Link no Texto\" data-track-links=\"\"><strong>Nos aparelhos Android<\/strong><\/p>\n<\/div>\n<div class=\"mc-column content-text active-extra-styles\" data-block-type=\"raw\" data-block-weight=\"22\" data-block-id=\"8\">\n<ol class=\"content-ordered-list theme-ordered-list-color-primary\">\n<li>Toque no \u00edcone &#8220;Configurar&#8221;;<\/li>\n<li>Toque na op\u00e7\u00e3o &#8220;Data e hora&#8221;;<\/li>\n<li>Desmarque a op\u00e7\u00e3o &#8220;Data e hora autom\u00e1ticas&#8221;<\/li>\n<li>Configure manualmente a hora correta<\/li>\n<\/ol>\n<\/div>\n<div class=\"mc-column content-text active-extra-styles \" data-block-type=\"unstyled\" data-block-weight=\"2\" data-block-id=\"9\">\n<p class=\"content-text__container \" data-track-category=\"Link no Texto\" data-track-links=\"\"><strong>No iPhone<\/strong><\/p>\n<\/div>\n<div class=\"mc-column content-text active-extra-styles\" data-block-type=\"raw\" data-block-weight=\"32\" data-block-id=\"10\">\n<ol class=\"content-ordered-list theme-ordered-list-color-primary\">\n<li>Acesse a tela principal e toque na op\u00e7\u00e3o &#8220;Ajustes&#8221;<\/li>\n<li>Toque na op\u00e7\u00e3o &#8220;Geral&#8221;<\/li>\n<li>Toque na op\u00e7\u00e3o &#8220;Data e Hora&#8221;<\/li>\n<li>Desabilite a op\u00e7\u00e3o de configura\u00e7\u00e3o do rel\u00f3gio &#8220;Automaticamente&#8221;<\/li>\n<li>Configure manualmente o hor\u00e1rio correto<\/li>\n<\/ol>\n<div class=\"Tweet-header\"><a class=\"TweetAuthor-avatar  Identity-avatar u-linkBlend\" href=\"https:\/\/twitter.com\/rosanamasca?ref_src=twsrc%5Etfw%7Ctwcamp%5Etweetembed%7Ctwterm%5E1185844886689452034&amp;ref_url=https%3A%2F%2Fg1.globo.com%2Feconomia%2Ftecnologia%2Fnoticia%2F2019%2F10%2F20%2Fmesmo-sem-horario-de-verao-usuarios-afirmam-que-celulares-adiantaram-hora.ghtml\" target=\"_blank\" rel=\"noopener noreferrer\" data-scribe=\"element:user_link\" aria-label=\"Rosana Mascarenhas (screen name: rosanamasca)\" data-url-ref-attrs-injected=\"true\"><img decoding=\"async\" class=\"Avatar\" src=\"https:\/\/pbs.twimg.com\/profile_images\/991653585544007680\/JqEMF-vL_bigger.jpg\" alt=\"\" data-scribe=\"element:avatar\" data-src-2x=\"https:\/\/pbs.twimg.com\/profile_images\/991653585544007680\/JqEMF-vL_bigger.jpg\" data-src-1x=\"https:\/\/pbs.twimg.com\/profile_images\/991653585544007680\/JqEMF-vL_normal.jpg\" \/><\/a><\/p>\n<div class=\"TweetAuthor js-inViewportScribingTarget\" data-scribe=\"component:author\">\n<div class=\"TweetAuthor-nameScreenNameContainer\"><span class=\"TweetAuthor-decoratedName\"><span class=\"TweetAuthor-name Identity-name customisable-highlight\" title=\"Rosana Mascarenhas\" data-scribe=\"element:name\">Rosana Mascarenhas<\/span><\/span><span class=\"TweetAuthor-screenName Identity-screenName\" dir=\"ltr\" title=\"@rosanamasca\" data-scribe=\"element:screen_name\">@rosanamasca<\/span><\/div>\n<\/div>\n<\/div>\n<div class=\"Tweet-body e-entry-content\" data-scribe=\"component:tweet\">\n<p class=\"Tweet-text e-entry-title\" dir=\"ltr\" lang=\"pt\">Hor\u00e1rio de ver\u00e3o fake. Me trolou. S\u00f3 tinha eu na rua. N\u00e3o entendi nada. Qua horas s\u00e3o? <a class=\"PrettyLink hashtag customisable\" dir=\"ltr\" href=\"https:\/\/twitter.com\/hashtag\/horariodeverao?src=hash\" rel=\"tag\" data-query-source=\"hashtag_click\" data-scribe=\"element:hashtag\"><span class=\"PrettyLink-prefix\">#<\/span><span class=\"PrettyLink-value\">horariodeverao<\/span><\/a><\/p>\n<p class=\"Tweet-text e-entry-title\" dir=\"ltr\" lang=\"pt\"><img loading=\"lazy\" decoding=\"async\" class=\"alignnone size-full wp-image-9271\" src=\"https:\/\/jorgezanoni.com.br\/2019\/wp-content\/uploads\/2019\/10\/horas.jpg\" alt=\"\" width=\"220\" height=\"220\" srcset=\"https:\/\/jorgezanoni.com.br\/2019\/wp-content\/uploads\/2019\/10\/horas.jpg 220w, https:\/\/jorgezanoni.com.br\/2019\/wp-content\/uploads\/2019\/10\/horas-150x150.jpg 150w\" sizes=\"auto, (max-width: 220px) 100vw, 220px\" \/><\/p>\n<div class=\"mc-column content-text active-extra-styles \" data-block-type=\"unstyled\" data-block-weight=\"34\" data-block-id=\"13\">\n<p class=\"content-text__container \" style=\"text-align: justify;\" data-track-category=\"Link no Texto\" data-track-links=\"\">Em 2018, j\u00e1 houve\u00a0<a href=\"https:\/\/g1.globo.com\/economia\/tecnologia\/noticia\/2018\/10\/21\/usuarios-relatam-que-celulares-foram-adiantados-para-o-horario-de-verao.ghtml\">relatos<\/a>\u00a0sobre smartphones que entraram no hor\u00e1rio de ver\u00e3o, no caso, antes da data oficial de in\u00edcio. Isso porque, no ano passado, a mudan\u00e7a foi adiada de outubro para novembro.<\/p>\n<\/div>\n<div class=\"mc-column content-text active-extra-styles \" data-block-type=\"unstyled\" data-block-weight=\"33\" data-block-id=\"14\">\n<p class=\"content-text__container \" style=\"text-align: justify;\" data-track-category=\"Link no Texto\" data-track-links=\"\">Por isso, na \u00faltima sexta, o Google tamb\u00e9m alertou que o problema pode acontecer no pr\u00f3ximo dia 3, quando come\u00e7ou o hor\u00e1rio de ver\u00e3o em 2018.\u00a0<a href=\"https:\/\/g1.globo.com\/economia\/tecnologia\/noticia\/2019\/10\/18\/google-recomenda-que-usuarios-android-retirem-atualizacao-automatica-do-relogio-para-que-celulares-nao-entrem-no-horario-de-verao.ghtml\">Para evitar, basta desabilitar a configura\u00e7\u00e3o autom\u00e1tica<\/a>.<\/p>\n<\/div>\n<div class=\"mc-column\" data-block-type=\"embed-social-twitter\" data-block-id=\"15\">\n<div class=\"SandboxRoot env-bp-350\" data-twitter-event-id=\"1\">\n<div id=\"twitter-widget-1\" class=\"EmbeddedTweet EmbeddedTweet--cta js-clickToOpenTarget\" lang=\"en\" data-click-to-open-target=\"https:\/\/twitter.com\/anaIaur\/status\/1185847191195267073\" data-iframe-title=\"Twitter Tweet\" data-scribe=\"page:tweet\" data-twitter-event-id=\"3\">\n<div class=\"EmbeddedTweet-tweetContainer\">\n<div class=\"EmbeddedTweet-tweet\">\n<blockquote class=\"Tweet h-entry js-tweetIdInfo subject expanded\" cite=\"https:\/\/twitter.com\/anaIaur\/status\/1185847191195267073\" data-tweet-id=\"1185847191195267073\" data-scribe=\"section:subject\">\n<div class=\"Tweet-header\"><a class=\"TweetAuthor-avatar  Identity-avatar u-linkBlend\" href=\"https:\/\/twitter.com\/anaIaur\" data-scribe=\"element:user_link\" aria-label=\"Morena, em franc\u00eas. (screen name: anaIaur)\"><img decoding=\"async\" class=\"Avatar\" src=\"https:\/\/pbs.twimg.com\/profile_images\/1181694660705705984\/THm82Mwv_bigger.jpg\" alt=\"\" data-scribe=\"element:avatar\" data-src-2x=\"https:\/\/pbs.twimg.com\/profile_images\/1181694660705705984\/THm82Mwv_bigger.jpg\" data-src-1x=\"https:\/\/pbs.twimg.com\/profile_images\/1181694660705705984\/THm82Mwv_normal.jpg\" \/><\/a><\/p>\n<div class=\"TweetAuthor js-inViewportScribingTarget\" data-scribe=\"component:author\">\n<div class=\"TweetAuthor-nameScreenNameContainer\"><span class=\"TweetAuthor-decoratedName\"><span class=\"TweetAuthor-name Identity-name customisable-highlight\" title=\"Morena, em franc\u00eas.\" data-scribe=\"element:name\">Morena, em franc\u00eas.<\/span><\/span><span class=\"TweetAuthor-screenName Identity-screenName\" dir=\"ltr\" title=\"@anaIaur\" data-scribe=\"element:screen_name\">@anaIaur <\/span><\/div>\n<div><\/div>\n<div class=\"TweetAuthor-nameScreenNameContainer\"><a class=\"PrettyLink hashtag customisable\" dir=\"ltr\" style=\"font-family: Roboto, sans-serif; font-size: 24px; text-transform: uppercase;\" href=\"https:\/\/twitter.com\/hashtag\/horariodeverao?src=hash\" rel=\"tag\" data-query-source=\"hashtag_click\" data-scribe=\"element:hashtag\"><span class=\"PrettyLink-prefix\">#<\/span><span class=\"PrettyLink-value\">horariodeverao<\/span><\/a><span style=\"color: #4db2ec; font-family: Roboto, sans-serif; font-size: 24px; text-transform: uppercase;\"> eu na cama depois que meu despertador tocou com uma hora de<\/span><\/div>\n<div class=\"TweetAuthor-nameScreenNameContainer\"><span style=\"color: #4db2ec; font-family: Roboto, sans-serif; font-size: 24px; text-transform: uppercase;\">anteced\u00eancia.<\/span><\/div>\n<\/div>\n<\/div>\n<\/blockquote>\n<\/div>\n<div><img loading=\"lazy\" decoding=\"async\" class=\"alignnone size-full wp-image-9272\" src=\"https:\/\/jorgezanoni.com.br\/2019\/wp-content\/uploads\/2019\/10\/horario2.jpg\" alt=\"\" width=\"320\" height=\"371\" srcset=\"https:\/\/jorgezanoni.com.br\/2019\/wp-content\/uploads\/2019\/10\/horario2.jpg 320w, https:\/\/jorgezanoni.com.br\/2019\/wp-content\/uploads\/2019\/10\/horario2-259x300.jpg 259w\" sizes=\"auto, (max-width: 320px) 100vw, 320px\" \/><\/p>\n<div class=\"mc-column content-text active-extra-styles \" data-block-type=\"unstyled\" data-block-weight=\"66\" data-block-id=\"18\">\n<p class=\"content-text__container \" data-track-category=\"Link no Texto\" data-track-links=\"\">O objetivo por tr\u00e1s da origem do hor\u00e1rio de ver\u00e3o \u00e9 aproveitar os dias mais longos para obter um melhor aproveitamento da ilumina\u00e7\u00e3o natural, poupando recursos da matriz energ\u00e9tica e reduzindo os riscos de apag\u00f5es, principalmente no hor\u00e1rio entre 18h e 21h, quando as l\u00e2mpadas dos espa\u00e7os p\u00fablicos s\u00e3o ligadas, boa parte da popula\u00e7\u00e3o chega em casa e parte do com\u00e9rcio, escrit\u00f3rios e ind\u00fastria continua ativa.<\/p>\n<\/div>\n<div class=\"mc-column content-text active-extra-styles \" data-block-type=\"unstyled\" data-block-weight=\"49\" data-block-id=\"19\">\n<p class=\"content-text__container \" data-track-category=\"Link no Texto\" data-track-links=\"\">Mas, nos \u00faltimos anos, mudou o padr\u00e3o de consumo do pa\u00eds. L\u00e2mpadas incandescentes foram substitu\u00eddas por l\u00e2mpadas mais eficientes, e o hor\u00e1rio de pico de energia se deslocou do in\u00edcio da noite para o meio da tarde, por volta das 15h, devido ao aumento expressivo do uso de ar-condicionado.<\/p>\n<\/div>\n<div class=\"mc-column content-text active-extra-styles \" data-block-type=\"unstyled\" data-block-weight=\"49\" data-block-id=\"20\">\n<p class=\"content-text__container \" data-track-category=\"Link no Texto\" data-track-links=\"\">Estudo do Minist\u00e9rio de Minas e Energia divulgado no ano passado j\u00e1 apontava para a perda de efetividade do hor\u00e1rio de ver\u00e3o. Segundo a nota t\u00e9cnica, a ado\u00e7\u00e3o de outros instrumentos regulat\u00f3rios, como a tarifa branca e pre\u00e7o por hor\u00e1rio, pode produzir resultados mais relevantes para o setor el\u00e9trico.<\/p>\n<\/div>\n<div class=\"mc-column content-text active-extra-styles \" data-block-type=\"unstyled\" data-block-weight=\"37\" data-block-id=\"21\">\n<p class=\"content-text__container \" data-track-category=\"Link no Texto\" data-track-links=\"\">De acordo com o porta-voz da Presid\u00eancia da Rep\u00fablica, Ot\u00e1vio R\u00eago Barros, o governo fez uma pesquisa que mostrou que 53% dos entrevistados pediram o fim do hor\u00e1rio de ver\u00e3o. N\u00e3o foram divulgados, entretanto, detalhes da pesquisa.<\/p>\n<\/div>\n<div class=\"mc-column content-text active-extra-styles\" data-block-type=\"raw\" data-block-weight=\"3\" data-block-id=\"22\">\n<div class=\"content-intertitle\">\n<h2>Hor\u00e1rio de ver\u00e3o<\/h2>\n<\/div>\n<\/div>\n<div class=\"mc-column content-text active-extra-styles \" data-block-type=\"unstyled\" data-block-weight=\"41\" data-block-id=\"23\">\n<p class=\"content-text__container \" data-track-category=\"Link no Texto\" data-track-links=\"\">No Brasil, o hor\u00e1rio de ver\u00e3o foi institu\u00eddo pela primeira vez no ver\u00e3o de 1931\/1932, pelo ent\u00e3o presidente Get\u00falio Vargas. Sua vers\u00e3o de estreia durou quase seis meses, vigorando de 3 de outubro de 1931 a 31 de mar\u00e7o de 1932.<\/p>\n<\/div>\n<div class=\"mc-column content-text active-extra-styles \" data-block-type=\"unstyled\" data-block-weight=\"39\" data-block-id=\"24\">\n<p class=\"content-text__container \" data-track-category=\"Link no Texto\" data-track-links=\"\">No ver\u00e3o seguinte, a medida foi novamente adotada, mas, depois, come\u00e7ou a ser em per\u00edodos n\u00e3o consecutivos. Primeiro, entre 1949 e 1953, depois, de 1963 a 1968, voltando em 1985 at\u00e9 abril de 2019, quando foi revogado por decreto.<\/p>\n<\/div>\n<div class=\"mc-column content-text active-extra-styles \" data-block-type=\"unstyled\" data-block-weight=\"16\" data-block-id=\"25\">\n<p class=\"content-text__container \" data-track-category=\"Link no Texto\" data-track-links=\"\">O per\u00edodo de vig\u00eancia do hor\u00e1rio de ver\u00e3o era vari\u00e1vel, mas, em m\u00e9dia, durava 120 dias.<\/p>\n<article>\n<div class=\"wall protected-content\">\n<div class=\"mc-column content-text active-extra-styles \" data-block-type=\"unstyled\" data-block-weight=\"20\" data-block-id=\"27\">\n<p class=\"content-text__container \" data-track-category=\"Link no Texto\" data-track-links=\"\">No mundo, o hor\u00e1rio diferenciado \u00e9 adotado em 70 pa\u00edses \u2014 e atinge cerca de um quarto da popula\u00e7\u00e3o mundial.<\/p>\n<\/div>\n<div data-track-category=\"multicontent\" data-track-action=\"ultimo chunk conteudo\" data-track-noninteraction=\"false\" data-track-scroll=\"view\">\n<div class=\"mc-column content-text active-extra-styles \" data-block-type=\"unstyled\" data-block-weight=\"18\" data-block-id=\"28\">\n<p class=\"content-text__container \" data-track-category=\"Link no Texto\" data-track-links=\"\">O hor\u00e1rio de ver\u00e3o \u00e9 adotado em pa\u00edses como Canad\u00e1, Austr\u00e1lia, M\u00e9xico, Nova Zel\u00e2ndia, Chile, Paraguai e Uruguai.<\/p>\n<\/div>\n<\/div>\n<\/div>\n<\/article>\n<div class=\"mc-column entities\">Fonte: G1<\/div>\n<\/div>\n<\/div>\n<\/div>\n<\/div>\n<\/div>\n<\/div>\n<\/div>\n<\/div>\n<\/div>\n<div><\/div>\n<div><\/div>\n<div><\/div>\n<div><\/div>\n<div><\/div>\n<div><\/div>\n<div><\/div>\n<div class=\"wall protected-content\">\n<div class=\"mc-column content-text active-extra-styles\" data-block-type=\"raw\" data-block-weight=\"32\" data-block-id=\"10\">\n<div class=\"Tweet-body e-entry-content\" data-scribe=\"component:tweet\">\n<div class=\"mc-column\" data-block-type=\"embed-social-twitter\" data-block-id=\"15\">\n<div class=\"SandboxRoot env-bp-350\" data-twitter-event-id=\"1\">\n<div id=\"twitter-widget-1\" class=\"EmbeddedTweet EmbeddedTweet--cta js-clickToOpenTarget\" lang=\"en\" data-click-to-open-target=\"https:\/\/twitter.com\/anaIaur\/status\/1185847191195267073\" data-iframe-title=\"Twitter Tweet\" data-scribe=\"page:tweet\" data-twitter-event-id=\"3\">\n<div class=\"EmbeddedTweet-tweetContainer\">\n<div class=\"EmbeddedTweet-tweet\">\n<blockquote class=\"Tweet h-entry js-tweetIdInfo subject expanded\" cite=\"https:\/\/twitter.com\/anaIaur\/status\/1185847191195267073\" data-tweet-id=\"1185847191195267073\" data-scribe=\"section:subject\">\n<div class=\"Tweet-body e-entry-content\" data-scribe=\"component:tweet\">\n<p dir=\"ltr\" lang=\"pt\">\n<\/div>\n<\/blockquote>\n<\/div>\n<\/div>\n<\/div>\n<\/div>\n<\/div>\n<\/div>\n<\/div>\n<\/div>\n","protected":false},"excerpt":{"rendered":"<p>Hor\u00e1rio de ver\u00e3o brasileiro deveria acontecer entre este s\u00e1bado (19) e domingo (20), mas foi revogado por Bolsonaro em abril. Apesar de\u00a0ter sido revogado por Jair Bolsonaro, o hor\u00e1rio de ver\u00e3o \u2013 ou a falta dele \u2013 agitou as redes sociais na madrugada deste domingo (20). No Twitter, centenas de usu\u00e1rios relataram que os celulares [&hellip;]<\/p>\n","protected":false},"author":1,"featured_media":9273,"comment_status":"closed","ping_status":"open","sticky":false,"template":"","format":"standard","meta":{"footnotes":""},"categories":[120,110],"tags":[],"class_list":["post-9270","post","type-post","status-publish","format-standard","has-post-thumbnail","hentry","category-justicahabitacaotecnologia","category-noticiasdestaque"],"_links":{"self":[{"href":"https:\/\/jorgezanoni.com.br\/2019\/wp-json\/wp\/v2\/posts\/9270","targetHints":{"allow":["GET"]}}],"collection":[{"href":"https:\/\/jorgezanoni.com.br\/2019\/wp-json\/wp\/v2\/posts"}],"about":[{"href":"https:\/\/jorgezanoni.com.br\/2019\/wp-json\/wp\/v2\/types\/post"}],"author":[{"embeddable":true,"href":"https:\/\/jorgezanoni.com.br\/2019\/wp-json\/wp\/v2\/users\/1"}],"replies":[{"embeddable":true,"href":"https:\/\/jorgezanoni.com.br\/2019\/wp-json\/wp\/v2\/comments?post=9270"}],"version-history":[{"count":0,"href":"https:\/\/jorgezanoni.com.br\/2019\/wp-json\/wp\/v2\/posts\/9270\/revisions"}],"wp:featuredmedia":[{"embeddable":true,"href":"https:\/\/jorgezanoni.com.br\/2019\/wp-json\/wp\/v2\/media\/9273"}],"wp:attachment":[{"href":"https:\/\/jorgezanoni.com.br\/2019\/wp-json\/wp\/v2\/media?parent=9270"}],"wp:term":[{"taxonomy":"category","embeddable":true,"href":"https:\/\/jorgezanoni.com.br\/2019\/wp-json\/wp\/v2\/categories?post=9270"},{"taxonomy":"post_tag","embeddable":true,"href":"https:\/\/jorgezanoni.com.br\/2019\/wp-json\/wp\/v2\/tags?post=9270"}],"curies":[{"name":"wp","href":"https:\/\/api.w.org\/{rel}","templated":true}]}}