{"id":92633,"date":"2025-02-14T22:27:54","date_gmt":"2025-02-14T22:27:54","guid":{"rendered":"https:\/\/jorgezanoni.com.br\/2019\/?p=92633"},"modified":"2025-02-15T13:02:46","modified_gmt":"2025-02-15T13:02:46","slug":"aniversariantes-do-dia-15-02-25","status":"publish","type":"post","link":"https:\/\/jorgezanoni.com.br\/2019\/aniversariantes-do-dia-15-02-25\/","title":{"rendered":"Aniversariantes do Dia 15\/02\/25"},"content":{"rendered":"<p>O SITE JZ PARABENIZA OS ANIVERSARIANTES DE HOJE:<\/p>\n<p><img loading=\"lazy\" decoding=\"async\" class=\"alignnone size-full wp-image-92634\" src=\"https:\/\/jorgezanoni.com.br\/2019\/wp-content\/uploads\/2025\/02\/Alessandra-Malta-Pequeno.jpg\" alt=\"\" width=\"470\" height=\"480\" srcset=\"https:\/\/jorgezanoni.com.br\/2019\/wp-content\/uploads\/2025\/02\/Alessandra-Malta-Pequeno.jpg 470w, https:\/\/jorgezanoni.com.br\/2019\/wp-content\/uploads\/2025\/02\/Alessandra-Malta-Pequeno-294x300.jpg 294w, https:\/\/jorgezanoni.com.br\/2019\/wp-content\/uploads\/2025\/02\/Alessandra-Malta-Pequeno-356x364.jpg 356w, https:\/\/jorgezanoni.com.br\/2019\/wp-content\/uploads\/2025\/02\/Alessandra-Malta-Pequeno-411x420.jpg 411w\" sizes=\"auto, (max-width: 470px) 100vw, 470px\" \/>Alessandra Malta<\/p>\n<p><img loading=\"lazy\" decoding=\"async\" class=\"alignnone size-full wp-image-92645\" src=\"https:\/\/jorgezanoni.com.br\/2019\/wp-content\/uploads\/2025\/02\/ana-clara-1.jpg\" alt=\"\" width=\"250\" height=\"524\" srcset=\"https:\/\/jorgezanoni.com.br\/2019\/wp-content\/uploads\/2025\/02\/ana-clara-1.jpg 250w, https:\/\/jorgezanoni.com.br\/2019\/wp-content\/uploads\/2025\/02\/ana-clara-1-143x300.jpg 143w, https:\/\/jorgezanoni.com.br\/2019\/wp-content\/uploads\/2025\/02\/ana-clara-1-200x420.jpg 200w\" sizes=\"auto, (max-width: 250px) 100vw, 250px\" \/>Ana Clara Pereira Miranda niver 13\/02, recebendo os parab\u00e9ns do pai Adriano Miranda, madastra Aparecida, irm\u00e3os Beatriz e Davi Luiz.<\/p>\n<p><img loading=\"lazy\" decoding=\"async\" class=\"alignnone size-full wp-image-92635\" src=\"https:\/\/jorgezanoni.com.br\/2019\/wp-content\/uploads\/2025\/02\/Andreia-Ferreira-1-Pequeno.jpg\" alt=\"\" width=\"383\" height=\"480\" srcset=\"https:\/\/jorgezanoni.com.br\/2019\/wp-content\/uploads\/2025\/02\/Andreia-Ferreira-1-Pequeno.jpg 383w, https:\/\/jorgezanoni.com.br\/2019\/wp-content\/uploads\/2025\/02\/Andreia-Ferreira-1-Pequeno-239x300.jpg 239w, https:\/\/jorgezanoni.com.br\/2019\/wp-content\/uploads\/2025\/02\/Andreia-Ferreira-1-Pequeno-335x420.jpg 335w\" sizes=\"auto, (max-width: 383px) 100vw, 383px\" \/>Andr\u00e9ia Ferreira<\/p>\n<p><img loading=\"lazy\" decoding=\"async\" class=\"alignnone size-full wp-image-92636\" src=\"https:\/\/jorgezanoni.com.br\/2019\/wp-content\/uploads\/2025\/02\/Elaine-Rodrigues-Carvalho-0-1-Pequeno.jpg\" alt=\"\" width=\"263\" height=\"480\" srcset=\"https:\/\/jorgezanoni.com.br\/2019\/wp-content\/uploads\/2025\/02\/Elaine-Rodrigues-Carvalho-0-1-Pequeno.jpg 263w, https:\/\/jorgezanoni.com.br\/2019\/wp-content\/uploads\/2025\/02\/Elaine-Rodrigues-Carvalho-0-1-Pequeno-164x300.jpg 164w, https:\/\/jorgezanoni.com.br\/2019\/wp-content\/uploads\/2025\/02\/Elaine-Rodrigues-Carvalho-0-1-Pequeno-230x420.jpg 230w\" sizes=\"auto, (max-width: 263px) 100vw, 263px\" \/>Elaine Rodrigues Carvalho<\/p>\n<p><img loading=\"lazy\" decoding=\"async\" class=\"alignnone size-full wp-image-92637\" src=\"https:\/\/jorgezanoni.com.br\/2019\/wp-content\/uploads\/2025\/02\/Gabriela-Saab1-1-Pequeno.jpg\" alt=\"\" width=\"240\" height=\"480\" srcset=\"https:\/\/jorgezanoni.com.br\/2019\/wp-content\/uploads\/2025\/02\/Gabriela-Saab1-1-Pequeno.jpg 240w, https:\/\/jorgezanoni.com.br\/2019\/wp-content\/uploads\/2025\/02\/Gabriela-Saab1-1-Pequeno-150x300.jpg 150w, https:\/\/jorgezanoni.com.br\/2019\/wp-content\/uploads\/2025\/02\/Gabriela-Saab1-1-Pequeno-210x420.jpg 210w\" sizes=\"auto, (max-width: 240px) 100vw, 240px\" \/>Gabriela Saab<\/p>\n<p><img loading=\"lazy\" decoding=\"async\" class=\"alignnone size-full wp-image-92638\" src=\"https:\/\/jorgezanoni.com.br\/2019\/wp-content\/uploads\/2025\/02\/Micheli-Dias-Matsuda-1-Pequeno.jpg\" alt=\"\" width=\"446\" height=\"480\" srcset=\"https:\/\/jorgezanoni.com.br\/2019\/wp-content\/uploads\/2025\/02\/Micheli-Dias-Matsuda-1-Pequeno.jpg 446w, https:\/\/jorgezanoni.com.br\/2019\/wp-content\/uploads\/2025\/02\/Micheli-Dias-Matsuda-1-Pequeno-279x300.jpg 279w, https:\/\/jorgezanoni.com.br\/2019\/wp-content\/uploads\/2025\/02\/Micheli-Dias-Matsuda-1-Pequeno-390x420.jpg 390w\" sizes=\"auto, (max-width: 446px) 100vw, 446px\" \/>Micheli Dias Matsuda<\/p>\n<p><img loading=\"lazy\" decoding=\"async\" class=\"alignnone size-full wp-image-92646\" src=\"https:\/\/jorgezanoni.com.br\/2019\/wp-content\/uploads\/2025\/02\/Rafael-Machado-8-anos-1.jpg\" alt=\"\" width=\"481\" height=\"554\" srcset=\"https:\/\/jorgezanoni.com.br\/2019\/wp-content\/uploads\/2025\/02\/Rafael-Machado-8-anos-1.jpg 481w, https:\/\/jorgezanoni.com.br\/2019\/wp-content\/uploads\/2025\/02\/Rafael-Machado-8-anos-1-260x300.jpg 260w, https:\/\/jorgezanoni.com.br\/2019\/wp-content\/uploads\/2025\/02\/Rafael-Machado-8-anos-1-365x420.jpg 365w\" sizes=\"auto, (max-width: 481px) 100vw, 481px\" \/>Rafael Machado (8 anos)<\/p>\n<p><img loading=\"lazy\" decoding=\"async\" class=\"alignnone size-full wp-image-92639\" src=\"https:\/\/jorgezanoni.com.br\/2019\/wp-content\/uploads\/2025\/02\/Sonia-Bizi-1-Pequeno.jpg\" alt=\"\" width=\"321\" height=\"480\" srcset=\"https:\/\/jorgezanoni.com.br\/2019\/wp-content\/uploads\/2025\/02\/Sonia-Bizi-1-Pequeno.jpg 321w, https:\/\/jorgezanoni.com.br\/2019\/wp-content\/uploads\/2025\/02\/Sonia-Bizi-1-Pequeno-201x300.jpg 201w, https:\/\/jorgezanoni.com.br\/2019\/wp-content\/uploads\/2025\/02\/Sonia-Bizi-1-Pequeno-281x420.jpg 281w\" sizes=\"auto, (max-width: 321px) 100vw, 321px\" \/>Sonia Bizi<\/p>\n<p><img loading=\"lazy\" decoding=\"async\" class=\"alignnone size-full wp-image-92640\" src=\"https:\/\/jorgezanoni.com.br\/2019\/wp-content\/uploads\/2025\/02\/Tania-Bochini-Rozan-1-Pequeno.jpg\" alt=\"\" width=\"480\" height=\"480\" srcset=\"https:\/\/jorgezanoni.com.br\/2019\/wp-content\/uploads\/2025\/02\/Tania-Bochini-Rozan-1-Pequeno.jpg 480w, https:\/\/jorgezanoni.com.br\/2019\/wp-content\/uploads\/2025\/02\/Tania-Bochini-Rozan-1-Pequeno-300x300.jpg 300w, https:\/\/jorgezanoni.com.br\/2019\/wp-content\/uploads\/2025\/02\/Tania-Bochini-Rozan-1-Pequeno-150x150.jpg 150w, https:\/\/jorgezanoni.com.br\/2019\/wp-content\/uploads\/2025\/02\/Tania-Bochini-Rozan-1-Pequeno-420x420.jpg 420w\" sizes=\"auto, (max-width: 480px) 100vw, 480px\" \/>Tania Bochini Rozan<\/p>\n<p><img loading=\"lazy\" decoding=\"async\" class=\"alignnone size-full wp-image-92641\" src=\"https:\/\/jorgezanoni.com.br\/2019\/wp-content\/uploads\/2025\/02\/Vanilde-Botelho-1-Pequeno.jpg\" alt=\"\" width=\"420\" height=\"480\" srcset=\"https:\/\/jorgezanoni.com.br\/2019\/wp-content\/uploads\/2025\/02\/Vanilde-Botelho-1-Pequeno.jpg 420w, https:\/\/jorgezanoni.com.br\/2019\/wp-content\/uploads\/2025\/02\/Vanilde-Botelho-1-Pequeno-263x300.jpg 263w, https:\/\/jorgezanoni.com.br\/2019\/wp-content\/uploads\/2025\/02\/Vanilde-Botelho-1-Pequeno-368x420.jpg 368w\" sizes=\"auto, (max-width: 420px) 100vw, 420px\" \/>Vanilde Botelho<\/p>\n","protected":false},"excerpt":{"rendered":"<p>O SITE JZ PARABENIZA OS ANIVERSARIANTES DE HOJE: Alessandra Malta Ana Clara Pereira Miranda niver 13\/02, recebendo os parab\u00e9ns do pai Adriano Miranda, madastra Aparecida, irm\u00e3os Beatriz e Davi Luiz. Andr\u00e9ia Ferreira Elaine Rodrigues Carvalho Gabriela Saab Micheli Dias Matsuda Rafael Machado (8 anos) Sonia Bizi Tania Bochini Rozan Vanilde Botelho<\/p>\n","protected":false},"author":1,"featured_media":92634,"comment_status":"closed","ping_status":"open","sticky":false,"template":"","format":"standard","meta":{"footnotes":""},"categories":[174,110],"tags":[],"class_list":["post-92633","post","type-post","status-publish","format-standard","has-post-thumbnail","hentry","category-aniversariantes","category-noticiasdestaque"],"_links":{"self":[{"href":"https:\/\/jorgezanoni.com.br\/2019\/wp-json\/wp\/v2\/posts\/92633","targetHints":{"allow":["GET"]}}],"collection":[{"href":"https:\/\/jorgezanoni.com.br\/2019\/wp-json\/wp\/v2\/posts"}],"about":[{"href":"https:\/\/jorgezanoni.com.br\/2019\/wp-json\/wp\/v2\/types\/post"}],"author":[{"embeddable":true,"href":"https:\/\/jorgezanoni.com.br\/2019\/wp-json\/wp\/v2\/users\/1"}],"replies":[{"embeddable":true,"href":"https:\/\/jorgezanoni.com.br\/2019\/wp-json\/wp\/v2\/comments?post=92633"}],"version-history":[{"count":3,"href":"https:\/\/jorgezanoni.com.br\/2019\/wp-json\/wp\/v2\/posts\/92633\/revisions"}],"predecessor-version":[{"id":92647,"href":"https:\/\/jorgezanoni.com.br\/2019\/wp-json\/wp\/v2\/posts\/92633\/revisions\/92647"}],"wp:featuredmedia":[{"embeddable":true,"href":"https:\/\/jorgezanoni.com.br\/2019\/wp-json\/wp\/v2\/media\/92634"}],"wp:attachment":[{"href":"https:\/\/jorgezanoni.com.br\/2019\/wp-json\/wp\/v2\/media?parent=92633"}],"wp:term":[{"taxonomy":"category","embeddable":true,"href":"https:\/\/jorgezanoni.com.br\/2019\/wp-json\/wp\/v2\/categories?post=92633"},{"taxonomy":"post_tag","embeddable":true,"href":"https:\/\/jorgezanoni.com.br\/2019\/wp-json\/wp\/v2\/tags?post=92633"}],"curies":[{"name":"wp","href":"https:\/\/api.w.org\/{rel}","templated":true}]}}