{"id":92587,"date":"2025-02-11T23:41:55","date_gmt":"2025-02-11T23:41:55","guid":{"rendered":"https:\/\/jorgezanoni.com.br\/2019\/?p=92587"},"modified":"2025-02-11T23:41:55","modified_gmt":"2025-02-11T23:41:55","slug":"policia-civil-prende-suspeito-de-furto-e-apreende-arma-de-fogo-em-junqueiropolis","status":"publish","type":"post","link":"https:\/\/jorgezanoni.com.br\/2019\/policia-civil-prende-suspeito-de-furto-e-apreende-arma-de-fogo-em-junqueiropolis\/","title":{"rendered":"Pol\u00edcia Civil prende suspeito de furto e apreende arma de fogo em Junqueir\u00f3polis"},"content":{"rendered":"<p style=\"text-align: justify;\">A Pol\u00edcia Civil do Estado de S\u00e3o Paulo, por interm\u00e9dio da Delegacia de Pol\u00edcia de Junqueir\u00f3polis, prendeu em flagrante, nesta ter\u00e7a-feira (11), um homem de 25 anos suspeito da pr\u00e1tica dos crimes de furto e posse irregular de arma de fogo de uso permitido.<\/p>\n<p style=\"text-align: justify;\">A investiga\u00e7\u00e3o teve in\u00edcio ap\u00f3s uma mulher de 63 anos, moradora de Junqueir\u00f3polis, registrar um boletim de ocorr\u00eancia relatando que, no dia 31 de janeiro, um desconhecido invadiu sua resid\u00eancia e furtou R$ 30 mil em dinheiro, al\u00e9m de outros R$ 30 mil em cheques. No dia seguinte, os cheques foram encontrados abandonados em uma rua de Dracena.<\/p>\n<p style=\"text-align: justify;\">Com base nas informa\u00e7\u00f5es colhidas, os policiais civis identificaram um suspeito, que foi localizado e conduzido \u00e0 unidade policial. Durante o interrogat\u00f3rio, ele confessou a autoria do furto, revelando tamb\u00e9m que estava de posse de uma arma.<\/p>\n<p style=\"text-align: justify;\">Dando sequ\u00eancia \u00e0s dilig\u00eancias, os agentes localizaram o rev\u00f3lver, sem marca e com o calibre n\u00e3o identificado, escondido sob o telhado, junto ao forro de uma resid\u00eancia na Alameda Nacional, no bairro Jardim Alto da Esta\u00e7\u00e3o, em Junqueir\u00f3polis. J\u00e1 as muni\u00e7\u00f5es e a quantia de aproximadamente R$ 1,7 mil, parte do dinheiro furtado, estavam ocultas dentro de um guarda-roupa no im\u00f3vel vistoriado.<\/p>\n<p style=\"text-align: justify;\">O suspeito tamb\u00e9m confessou ter utilizado parte do dinheiro furtado para a compra de um autom\u00f3vel, que foi localizado e apreendido em uma loja de ve\u00edculos na cidade de Dracena.<\/p>\n<p style=\"text-align: justify;\">Diante dos fatos, o homem foi autuado em flagrante pelos crimes de furto e posse irregular de arma de fogo. Ele foi encaminhado para audi\u00eancia de cust\u00f3dia, onde permanecer\u00e1 \u00e0 disposi\u00e7\u00e3o da Justi\u00e7a.<\/p>\n<p><img loading=\"lazy\" decoding=\"async\" class=\"alignnone size-full wp-image-92589\" src=\"https:\/\/jorgezanoni.com.br\/2019\/wp-content\/uploads\/2025\/02\/carro-Pequeno.jpg\" alt=\"\" width=\"640\" height=\"480\" srcset=\"https:\/\/jorgezanoni.com.br\/2019\/wp-content\/uploads\/2025\/02\/carro-Pequeno.jpg 640w, https:\/\/jorgezanoni.com.br\/2019\/wp-content\/uploads\/2025\/02\/carro-Pequeno-300x225.jpg 300w, https:\/\/jorgezanoni.com.br\/2019\/wp-content\/uploads\/2025\/02\/carro-Pequeno-80x60.jpg 80w, https:\/\/jorgezanoni.com.br\/2019\/wp-content\/uploads\/2025\/02\/carro-Pequeno-265x198.jpg 265w, https:\/\/jorgezanoni.com.br\/2019\/wp-content\/uploads\/2025\/02\/carro-Pequeno-560x420.jpg 560w\" sizes=\"auto, (max-width: 640px) 100vw, 640px\" \/><\/p>\n<p>Fonte: Comunica\u00e7\u00e3o Social Pol\u00edcia Civil<\/p>\n","protected":false},"excerpt":{"rendered":"<p>A Pol\u00edcia Civil do Estado de S\u00e3o Paulo, por interm\u00e9dio da Delegacia de Pol\u00edcia de Junqueir\u00f3polis, prendeu em flagrante, nesta ter\u00e7a-feira (11), um homem de 25 anos suspeito da pr\u00e1tica dos crimes de furto e posse irregular de arma de fogo de uso permitido. A investiga\u00e7\u00e3o teve in\u00edcio ap\u00f3s uma mulher de 63 anos, moradora [&hellip;]<\/p>\n","protected":false},"author":1,"featured_media":92588,"comment_status":"closed","ping_status":"open","sticky":false,"template":"","format":"standard","meta":{"footnotes":""},"categories":[110,2],"tags":[],"class_list":["post-92587","post","type-post","status-publish","format-standard","has-post-thumbnail","hentry","category-noticiasdestaque","category-policial"],"_links":{"self":[{"href":"https:\/\/jorgezanoni.com.br\/2019\/wp-json\/wp\/v2\/posts\/92587","targetHints":{"allow":["GET"]}}],"collection":[{"href":"https:\/\/jorgezanoni.com.br\/2019\/wp-json\/wp\/v2\/posts"}],"about":[{"href":"https:\/\/jorgezanoni.com.br\/2019\/wp-json\/wp\/v2\/types\/post"}],"author":[{"embeddable":true,"href":"https:\/\/jorgezanoni.com.br\/2019\/wp-json\/wp\/v2\/users\/1"}],"replies":[{"embeddable":true,"href":"https:\/\/jorgezanoni.com.br\/2019\/wp-json\/wp\/v2\/comments?post=92587"}],"version-history":[{"count":1,"href":"https:\/\/jorgezanoni.com.br\/2019\/wp-json\/wp\/v2\/posts\/92587\/revisions"}],"predecessor-version":[{"id":92591,"href":"https:\/\/jorgezanoni.com.br\/2019\/wp-json\/wp\/v2\/posts\/92587\/revisions\/92591"}],"wp:featuredmedia":[{"embeddable":true,"href":"https:\/\/jorgezanoni.com.br\/2019\/wp-json\/wp\/v2\/media\/92588"}],"wp:attachment":[{"href":"https:\/\/jorgezanoni.com.br\/2019\/wp-json\/wp\/v2\/media?parent=92587"}],"wp:term":[{"taxonomy":"category","embeddable":true,"href":"https:\/\/jorgezanoni.com.br\/2019\/wp-json\/wp\/v2\/categories?post=92587"},{"taxonomy":"post_tag","embeddable":true,"href":"https:\/\/jorgezanoni.com.br\/2019\/wp-json\/wp\/v2\/tags?post=92587"}],"curies":[{"name":"wp","href":"https:\/\/api.w.org\/{rel}","templated":true}]}}