{"id":92577,"date":"2025-02-11T16:58:57","date_gmt":"2025-02-11T16:58:57","guid":{"rendered":"https:\/\/jorgezanoni.com.br\/2019\/?p=92577"},"modified":"2025-02-11T16:59:15","modified_gmt":"2025-02-11T16:59:15","slug":"policia-civil-prende-mulher-suspeita-de-envolvimento-em-furtos-de-modulos-eletronicos-em-caminhoes-e-onibus","status":"publish","type":"post","link":"https:\/\/jorgezanoni.com.br\/2019\/policia-civil-prende-mulher-suspeita-de-envolvimento-em-furtos-de-modulos-eletronicos-em-caminhoes-e-onibus\/","title":{"rendered":"Pol\u00edcia Civil prende mulher suspeita de envolvimento em furtos de m\u00f3dulos eletr\u00f4nicos em caminh\u00f4es e \u00f4nibus"},"content":{"rendered":"<p style=\"text-align: justify;\"><strong>OPERA\u00c7\u00c3O &#8220;PANE GERAL&#8221;: POL\u00cdCIA CIVIL PRENDE MULHER SUSPEITA DE INTEGRAR ASSOCIA\u00c7\u00c3O CRIMINOSA ESPECIALIZADA EM FURTOS DE M\u00d3DULOS ELETR\u00d4NICOS DE CAMINH\u00d5ES E \u00d4NIBUS<\/strong><\/p>\n<p style=\"text-align: justify;\">Durante a a\u00e7\u00e3o ocorrida na Capital foram apreendidos dois m\u00f3dulos eletr\u00f4nicos, uma bomba do arla e aparelhos celulares;<\/p>\n<p style=\"text-align: justify;\">A Pol\u00edcia Civil do Estado de S\u00e3o Paulo, por interm\u00e9dio das Delegacias de Pol\u00edcia de Tupi Paulista, Monte Castelo, Junqueir\u00f3polis e das Unidades Especializadas DIG\/DISE, com apoio operacional da Central Especializada de Repress\u00e3o a Crimes e Ocorr\u00eancias Diversas (CERCO) da 3\u00aa Seccional Oeste da Capital, deflagrou, na manh\u00e3 desta ter\u00e7a-feira (11), a Opera\u00e7\u00e3o Pane Geral. A a\u00e7\u00e3o teve como objetivo o cumprimento de quatro ordens judiciais, incluindo um mandado de pris\u00e3o tempor\u00e1ria e tr\u00eas mandados de busca e apreens\u00e3o domiciliar, contra integrantes de uma associa\u00e7\u00e3o criminosa especializada no furto de m\u00f3dulos eletr\u00f4nicos de caminh\u00f5es e \u00f4nibus, equipamentos conhecidos tamb\u00e9m como ECU (Unidade de Controle Eletr\u00f4nico).<\/p>\n<p style=\"text-align: justify;\">As investiga\u00e7\u00f5es, conduzidas pela Delegacia de Pol\u00edcia de Tupi Paulista em conjunto com unidades territoriais e especializadas da Delegacia Seccional de Pol\u00edcia de Dracena, identificaram um grupo respons\u00e1vel por diversos furtos desse tipo na regi\u00e3o de Tupi Paulista, Monte Castelo, Junqueir\u00f3polis e Dracena. Al\u00e9m dos m\u00f3dulos eletr\u00f4nicos, o grupo tamb\u00e9m subtra\u00eda outros dispositivos eletr\u00f4nicos desses ve\u00edculos de carga e transporte de passageiros.<\/p>\n<p style=\"text-align: justify;\">Durante a opera\u00e7\u00e3o, uma mulher de 26 anos foi presa no bairro de Pirituba, na zona noroeste da Capital Paulista. Ela \u00e9 suspeita de integrar a organiza\u00e7\u00e3o criminosa, sendo investigada por fornecer seus dados pessoais para a loca\u00e7\u00e3o de ve\u00edculos utilizados pelos demais integrantes do grupo nos deslocamentos para a pr\u00e1tica dos crimes no interior do Estado. Ap\u00f3s o uso nos furtos, os autom\u00f3veis eram devolvidos \u00e0s locadoras.<\/p>\n<p style=\"text-align: justify;\">A presa ser\u00e1 submetida a Audi\u00eancia de Cust\u00f3dia na Capital e, posteriormente, transferida para a Cadeia de Tupi Paulista, onde permanecer\u00e1 \u00e0 disposi\u00e7\u00e3o da Justi\u00e7a. O mandado de pris\u00e3o tempor\u00e1ria tem prazo inicial de cinco dias, podendo ser prorrogado por igual per\u00edodo ou convertido em pris\u00e3o preventiva, conforme o andamento das investiga\u00e7\u00f5es. Ainda durante a a\u00e7\u00e3o foram apreendidos dois m\u00f3dulos eletr\u00f4nicos, uma bomba do arla e aparelhos celulares.<\/p>\n<p style=\"text-align: justify;\">O nome da opera\u00e7\u00e3o, Pane Geral, faz refer\u00eancia ao efeito imediato da remo\u00e7\u00e3o do m\u00f3dulo eletr\u00f4nico &#8211; ECU (Unidade de Controle Eletr\u00f4nico) desses ve\u00edculos, que os impossibilita de funcionar. O preju\u00edzo estimado para os propriet\u00e1rios pode ultrapassar R$ 300 mil, considerando os custos de reposi\u00e7\u00e3o e instala\u00e7\u00e3o do equipamento furtado.<\/p>\n<p style=\"text-align: justify;\">As investiga\u00e7\u00f5es prosseguir\u00e3o com o objetivo de identificar e prender os demais envolvidos na associa\u00e7\u00e3o criminosa, desmantelando completamente a estrutura do grupo respons\u00e1vel pelos furtos.<\/p>\n<p>Fonte: Comunica\u00e7\u00e3o Social Pol\u00edcia Civil<\/p>\n","protected":false},"excerpt":{"rendered":"<p>OPERA\u00c7\u00c3O &#8220;PANE GERAL&#8221;: POL\u00cdCIA CIVIL PRENDE MULHER SUSPEITA DE INTEGRAR ASSOCIA\u00c7\u00c3O CRIMINOSA ESPECIALIZADA EM FURTOS DE M\u00d3DULOS ELETR\u00d4NICOS DE CAMINH\u00d5ES E \u00d4NIBUS Durante a a\u00e7\u00e3o ocorrida na Capital foram apreendidos dois m\u00f3dulos eletr\u00f4nicos, uma bomba do arla e aparelhos celulares; A Pol\u00edcia Civil do Estado de S\u00e3o Paulo, por interm\u00e9dio das Delegacias de Pol\u00edcia de [&hellip;]<\/p>\n","protected":false},"author":1,"featured_media":92578,"comment_status":"closed","ping_status":"open","sticky":false,"template":"","format":"standard","meta":{"footnotes":""},"categories":[110,2],"tags":[],"class_list":["post-92577","post","type-post","status-publish","format-standard","has-post-thumbnail","hentry","category-noticiasdestaque","category-policial"],"_links":{"self":[{"href":"https:\/\/jorgezanoni.com.br\/2019\/wp-json\/wp\/v2\/posts\/92577","targetHints":{"allow":["GET"]}}],"collection":[{"href":"https:\/\/jorgezanoni.com.br\/2019\/wp-json\/wp\/v2\/posts"}],"about":[{"href":"https:\/\/jorgezanoni.com.br\/2019\/wp-json\/wp\/v2\/types\/post"}],"author":[{"embeddable":true,"href":"https:\/\/jorgezanoni.com.br\/2019\/wp-json\/wp\/v2\/users\/1"}],"replies":[{"embeddable":true,"href":"https:\/\/jorgezanoni.com.br\/2019\/wp-json\/wp\/v2\/comments?post=92577"}],"version-history":[{"count":2,"href":"https:\/\/jorgezanoni.com.br\/2019\/wp-json\/wp\/v2\/posts\/92577\/revisions"}],"predecessor-version":[{"id":92580,"href":"https:\/\/jorgezanoni.com.br\/2019\/wp-json\/wp\/v2\/posts\/92577\/revisions\/92580"}],"wp:featuredmedia":[{"embeddable":true,"href":"https:\/\/jorgezanoni.com.br\/2019\/wp-json\/wp\/v2\/media\/92578"}],"wp:attachment":[{"href":"https:\/\/jorgezanoni.com.br\/2019\/wp-json\/wp\/v2\/media?parent=92577"}],"wp:term":[{"taxonomy":"category","embeddable":true,"href":"https:\/\/jorgezanoni.com.br\/2019\/wp-json\/wp\/v2\/categories?post=92577"},{"taxonomy":"post_tag","embeddable":true,"href":"https:\/\/jorgezanoni.com.br\/2019\/wp-json\/wp\/v2\/tags?post=92577"}],"curies":[{"name":"wp","href":"https:\/\/api.w.org\/{rel}","templated":true}]}}