{"id":92550,"date":"2025-02-09T20:59:30","date_gmt":"2025-02-09T20:59:30","guid":{"rendered":"https:\/\/jorgezanoni.com.br\/2019\/?p=92550"},"modified":"2025-02-09T21:04:06","modified_gmt":"2025-02-09T21:04:06","slug":"morre-mulher-que-foi-vitima-em-acidente-no-transito-urbano-em-dracena-no-mes-de-dezembro","status":"publish","type":"post","link":"https:\/\/jorgezanoni.com.br\/2019\/morre-mulher-que-foi-vitima-em-acidente-no-transito-urbano-em-dracena-no-mes-de-dezembro\/","title":{"rendered":"Morre mulher que foi vitima em acidente no tr\u00e2nsito urbano em Dracena no m\u00eas de dezembro"},"content":{"rendered":"<p style=\"text-align: justify;\"><strong>Faleceu Aparecida Fernandes (Cida) de 49 anos, que atuou como agente de endemias na Vigil\u00e2ncia Epidemiol\u00f3gica de Dracena e era integrante do grupo vocacional Emmanuel da comunidade Esp\u00edrita.<\/strong><\/p>\n<p style=\"text-align: justify;\">Cida estava morando em Dracena ap\u00f3s aprova\u00e7\u00e3o em concurso e no dia 18 de dezembro sofreu um acidente com sua moto e um carro placas de Junqueir\u00f3polis na esquina das Avenidas Vit\u00f3ria e Washington Luiz (veja no link abaixo).<\/p>\n<p style=\"text-align: justify;\">Ela estava em recupera\u00e7\u00e3o, pois havia passado por duas cirurgias devido ao acidente. Faleceu em decorr\u00eancia de uma parada cardiorrespirat\u00f3ria. Deixou uma filha que estava com ela na moto acidentada.<\/p>\n<p style=\"text-align: justify;\">O sepultamento aconteceu na cidade de Presidente Bernardes.<\/p>\n<div class=\"x11i5rnm xat24cr x1mh8g0r x1vvkbs xtlvy1s x126k92a\" style=\"text-align: justify;\">\n<div dir=\"auto\">A Prefeitura Municipal divulgou uma nota de condol\u00eancias pelo passamento da senhora Cida.<\/div>\n<\/div>\n<div dir=\"auto\" style=\"text-align: justify;\"><\/div>\n<div dir=\"auto\" style=\"text-align: justify;\">O SITE JZ e TOP TV se solidarizam com a fam\u00edlia e amigos neste dif\u00edcil momento.<\/div>\n<div dir=\"auto\" style=\"text-align: justify;\"><\/div>\n<div dir=\"auto\" style=\"text-align: justify;\">Jorge Zanoni<\/div>\n<div class=\"x11i5rnm xat24cr x1mh8g0r x1vvkbs xtlvy1s x126k92a\">\n<div dir=\"auto\"><\/div>\n<\/div>\n<p>&nbsp;<\/p>\n<blockquote class=\"wp-embedded-content\" data-secret=\"gDyXROlYI4\"><p><a href=\"https:\/\/jorgezanoni.com.br\/2019\/dois-acidentes-entre-carro-e-moto-deixam-4-pessoas-feridas-em-dracena\/\">Dois acidentes entre carro e moto deixam 4 pessoas feridas em Dracena<\/a><\/p><\/blockquote>\n<p><iframe loading=\"lazy\" class=\"wp-embedded-content\" sandbox=\"allow-scripts\" security=\"restricted\" style=\"position: absolute; visibility: hidden;\" title=\"&#8220;Dois acidentes entre carro e moto deixam 4 pessoas feridas em Dracena&#8221; &#8212; Jorge Zanoni\" src=\"https:\/\/jorgezanoni.com.br\/2019\/dois-acidentes-entre-carro-e-moto-deixam-4-pessoas-feridas-em-dracena\/embed\/#?secret=bqBHTjxBKG#?secret=gDyXROlYI4\" data-secret=\"gDyXROlYI4\" width=\"600\" height=\"338\" frameborder=\"0\" marginwidth=\"0\" marginheight=\"0\" scrolling=\"no\"><\/iframe><\/p>\n","protected":false},"excerpt":{"rendered":"<p>Faleceu Aparecida Fernandes (Cida) de 49 anos, que atuou como agente de endemias na Vigil\u00e2ncia Epidemiol\u00f3gica de Dracena e era integrante do grupo vocacional Emmanuel da comunidade Esp\u00edrita. Cida estava morando em Dracena ap\u00f3s aprova\u00e7\u00e3o em concurso e no dia 18 de dezembro sofreu um acidente com sua moto e um carro placas de Junqueir\u00f3polis [&hellip;]<\/p>\n","protected":false},"author":1,"featured_media":92551,"comment_status":"closed","ping_status":"open","sticky":false,"template":"","format":"standard","meta":{"footnotes":""},"categories":[170,178,110],"tags":[],"class_list":["post-92550","post","type-post","status-publish","format-standard","has-post-thumbnail","hentry","category-acidentes","category-notadefalecimento","category-noticiasdestaque"],"_links":{"self":[{"href":"https:\/\/jorgezanoni.com.br\/2019\/wp-json\/wp\/v2\/posts\/92550","targetHints":{"allow":["GET"]}}],"collection":[{"href":"https:\/\/jorgezanoni.com.br\/2019\/wp-json\/wp\/v2\/posts"}],"about":[{"href":"https:\/\/jorgezanoni.com.br\/2019\/wp-json\/wp\/v2\/types\/post"}],"author":[{"embeddable":true,"href":"https:\/\/jorgezanoni.com.br\/2019\/wp-json\/wp\/v2\/users\/1"}],"replies":[{"embeddable":true,"href":"https:\/\/jorgezanoni.com.br\/2019\/wp-json\/wp\/v2\/comments?post=92550"}],"version-history":[{"count":1,"href":"https:\/\/jorgezanoni.com.br\/2019\/wp-json\/wp\/v2\/posts\/92550\/revisions"}],"predecessor-version":[{"id":92552,"href":"https:\/\/jorgezanoni.com.br\/2019\/wp-json\/wp\/v2\/posts\/92550\/revisions\/92552"}],"wp:featuredmedia":[{"embeddable":true,"href":"https:\/\/jorgezanoni.com.br\/2019\/wp-json\/wp\/v2\/media\/92551"}],"wp:attachment":[{"href":"https:\/\/jorgezanoni.com.br\/2019\/wp-json\/wp\/v2\/media?parent=92550"}],"wp:term":[{"taxonomy":"category","embeddable":true,"href":"https:\/\/jorgezanoni.com.br\/2019\/wp-json\/wp\/v2\/categories?post=92550"},{"taxonomy":"post_tag","embeddable":true,"href":"https:\/\/jorgezanoni.com.br\/2019\/wp-json\/wp\/v2\/tags?post=92550"}],"curies":[{"name":"wp","href":"https:\/\/api.w.org\/{rel}","templated":true}]}}