{"id":92514,"date":"2025-02-07T00:04:08","date_gmt":"2025-02-07T00:04:08","guid":{"rendered":"https:\/\/jorgezanoni.com.br\/2019\/?p=92514"},"modified":"2025-02-07T00:04:08","modified_gmt":"2025-02-07T00:04:08","slug":"policia-militar-em-acao-de-forca-tatica-prende-homem-por-trafico-de-drogas-em-dracena-4","status":"publish","type":"post","link":"https:\/\/jorgezanoni.com.br\/2019\/policia-militar-em-acao-de-forca-tatica-prende-homem-por-trafico-de-drogas-em-dracena-4\/","title":{"rendered":"Pol\u00edcia Militar em a\u00e7\u00e3o de For\u00e7a T\u00e1tica prende homem por Tr\u00e1fico de Drogas em Dracena"},"content":{"rendered":"<p style=\"text-align: justify;\">Na data de hoje (6) por volta das 11h50min policiais militares do 25\u00ba Batalh\u00e3o de Pol\u00edcia Militar do Interior em durante patrulhamento de For\u00e7a T\u00e1tica pelo munic\u00edpio de Dracena, na al\u00e7a de acesso da SP 294 &#8211; sentido Junqueir\u00f3polis transitava o ve\u00edculo \u00d4nix na cor preta sendo o condutor (homem 30 anos) abordado tendo em vista durante o trajeto estar com atitudes que motivaram a abordagem. Em busca pessoal nada de il\u00edcito foi localizado, mas em busca veicular foi localizado no console do c\u00e2mbio embaixo da prote\u00e7\u00e3o foi localizado um saquinho contento duas pedras brutas de crack. Dada voz de pris\u00e3o ao indiv\u00edduo e conduzido ao Plant\u00e3o de Pol\u00edcia Judici\u00e1ria de Dracena onde o indiv\u00edduo permaneceu a disposi\u00e7\u00e3o da Justi\u00e7a<\/p>\n<p>Fonte: Comunica\u00e7\u00e3o Social Pol\u00edcia Militar<\/p>\n","protected":false},"excerpt":{"rendered":"<p>Na data de hoje (6) por volta das 11h50min policiais militares do 25\u00ba Batalh\u00e3o de Pol\u00edcia Militar do Interior em durante patrulhamento de For\u00e7a T\u00e1tica pelo munic\u00edpio de Dracena, na al\u00e7a de acesso da SP 294 &#8211; sentido Junqueir\u00f3polis transitava o ve\u00edculo \u00d4nix na cor preta sendo o condutor (homem 30 anos) abordado tendo em [&hellip;]<\/p>\n","protected":false},"author":1,"featured_media":92515,"comment_status":"closed","ping_status":"open","sticky":false,"template":"","format":"standard","meta":{"footnotes":""},"categories":[110,2],"tags":[],"class_list":["post-92514","post","type-post","status-publish","format-standard","has-post-thumbnail","hentry","category-noticiasdestaque","category-policial"],"_links":{"self":[{"href":"https:\/\/jorgezanoni.com.br\/2019\/wp-json\/wp\/v2\/posts\/92514","targetHints":{"allow":["GET"]}}],"collection":[{"href":"https:\/\/jorgezanoni.com.br\/2019\/wp-json\/wp\/v2\/posts"}],"about":[{"href":"https:\/\/jorgezanoni.com.br\/2019\/wp-json\/wp\/v2\/types\/post"}],"author":[{"embeddable":true,"href":"https:\/\/jorgezanoni.com.br\/2019\/wp-json\/wp\/v2\/users\/1"}],"replies":[{"embeddable":true,"href":"https:\/\/jorgezanoni.com.br\/2019\/wp-json\/wp\/v2\/comments?post=92514"}],"version-history":[{"count":1,"href":"https:\/\/jorgezanoni.com.br\/2019\/wp-json\/wp\/v2\/posts\/92514\/revisions"}],"predecessor-version":[{"id":92516,"href":"https:\/\/jorgezanoni.com.br\/2019\/wp-json\/wp\/v2\/posts\/92514\/revisions\/92516"}],"wp:featuredmedia":[{"embeddable":true,"href":"https:\/\/jorgezanoni.com.br\/2019\/wp-json\/wp\/v2\/media\/92515"}],"wp:attachment":[{"href":"https:\/\/jorgezanoni.com.br\/2019\/wp-json\/wp\/v2\/media?parent=92514"}],"wp:term":[{"taxonomy":"category","embeddable":true,"href":"https:\/\/jorgezanoni.com.br\/2019\/wp-json\/wp\/v2\/categories?post=92514"},{"taxonomy":"post_tag","embeddable":true,"href":"https:\/\/jorgezanoni.com.br\/2019\/wp-json\/wp\/v2\/tags?post=92514"}],"curies":[{"name":"wp","href":"https:\/\/api.w.org\/{rel}","templated":true}]}}