{"id":9249,"date":"2019-10-19T23:06:24","date_gmt":"2019-10-19T23:06:24","guid":{"rendered":"https:\/\/jorgezanoni.com.br\/2019\/?p=9249"},"modified":"2019-10-19T23:06:24","modified_gmt":"2019-10-19T23:06:24","slug":"colisao-traseira-envolve-caminhao-basculante-e-caminhonete-na-rodovia-raposo-tavares","status":"publish","type":"post","link":"https:\/\/jorgezanoni.com.br\/2019\/colisao-traseira-envolve-caminhao-basculante-e-caminhonete-na-rodovia-raposo-tavares\/","title":{"rendered":"Colis\u00e3o traseira envolve caminh\u00e3o basculante e caminhonete na Rodovia Raposo Tavares"},"content":{"rendered":"<h2 class=\"content-head__subtitle\" style=\"text-align: justify;\"><strong>Condutor de um dos ve\u00edculos sofreu ferimentos leves e foi encaminhado ao Hospital Regional (HR), em Presidente Prudente, para receber atendimento m\u00e9dico.<\/strong><\/h2>\n<div class=\"mc-column content-text active-extra-styles \" data-block-type=\"unstyled\" data-block-weight=\"33\" data-block-id=\"2\">\n<p class=\"content-text__container \" data-track-category=\"Link no Texto\" data-track-links=\"\">Um caminh\u00e3o basculante e uma caminhonete, ambos com placas de\u00a0<a href=\"https:\/\/g1.globo.com\/sp\/presidente-prudente-regiao\/cidade\/santo-anastacio\/\">Santo Anast\u00e1cio<\/a>, envolveram-se em um acidente de tr\u00e2nsito, na tarde desta sexta-feira (18), no km 609,600 da Rodovia Raposo Tavares (SP-270), em\u00a0<a href=\"https:\/\/g1.globo.com\/sp\/presidente-prudente-regiao\/cidade\/piquerobi\/\">Piquerobi<\/a>.<\/p>\n<\/div>\n<div class=\"wall protected-content\">\n<div class=\"mc-column content-text active-extra-styles \" data-block-type=\"unstyled\" data-block-weight=\"30\" data-block-id=\"3\">\n<p class=\"content-text__container \" data-track-category=\"Link no Texto\" data-track-links=\"\">De acordo com as informa\u00e7\u00f5es disponibilizadas pela Pol\u00edcia Militar Rodovi\u00e1ria, os ve\u00edculos transitavam no sentido leste da rodovia quando, por motivos a serem esclarecidos, houve a colis\u00e3o traseira no local.<\/p>\n<\/div>\n<div class=\"mc-column content-text active-extra-styles \" data-block-type=\"unstyled\" data-block-weight=\"23\" data-block-id=\"4\">\n<p class=\"content-text__container \" data-track-category=\"Link no Texto\" data-track-links=\"\">Nos ve\u00edculos, estavam apenas os motoristas, sendo que o condutor do caminh\u00e3o saiu ileso do acidente, enquanto o da caminhonete sofreu ferimentos leves.<\/p>\n<\/div>\n<div class=\"mc-column content-text active-extra-styles \" data-block-type=\"unstyled\" data-block-weight=\"19\" data-block-id=\"5\">\n<p class=\"content-text__container \" data-track-category=\"Link no Texto\" data-track-links=\"\">A v\u00edtima com les\u00f5es foi socorrida e encaminhada ao Hospital Regional (HR), em\u00a0<a href=\"https:\/\/g1.globo.com\/sp\/presidente-prudente-regiao\/cidade\/presidente-prudente\/\">Presidente Prudente<\/a>, para receber atendimento m\u00e9dico.<\/p>\n<\/div>\n<div class=\"mc-column content-text active-extra-styles \" data-block-type=\"unstyled\" data-block-weight=\"18\" data-block-id=\"6\">\n<p class=\"content-text__container \" data-track-category=\"Link no Texto\" data-track-links=\"\">Os servi\u00e7os de socorro foram executados atrav\u00e9s do Corpo de Bombeiros e da Concession\u00e1ria Auto Raposo Tavares (Cart).<\/p>\n<\/div>\n<div class=\"mc-column content-text active-extra-styles \" data-block-type=\"unstyled\" data-block-weight=\"10\" data-block-id=\"7\">\n<p class=\"content-text__container \" data-track-category=\"Link no Texto\" data-track-links=\"\">As causas da colis\u00e3o ser\u00e3o apuradas, ainda segundo a pol\u00edcia.<\/p>\n<p style=\"text-align: justify;\" data-track-category=\"Link no Texto\" data-track-links=\"\"><img loading=\"lazy\" decoding=\"async\" class=\"alignnone size-full wp-image-9250\" src=\"https:\/\/jorgezanoni.com.br\/2019\/wp-content\/uploads\/2019\/10\/cami1.jpg\" alt=\"\" width=\"1000\" height=\"748\" srcset=\"https:\/\/jorgezanoni.com.br\/2019\/wp-content\/uploads\/2019\/10\/cami1.jpg 1000w, https:\/\/jorgezanoni.com.br\/2019\/wp-content\/uploads\/2019\/10\/cami1-300x224.jpg 300w, https:\/\/jorgezanoni.com.br\/2019\/wp-content\/uploads\/2019\/10\/cami1-768x574.jpg 768w, https:\/\/jorgezanoni.com.br\/2019\/wp-content\/uploads\/2019\/10\/cami1-80x60.jpg 80w, https:\/\/jorgezanoni.com.br\/2019\/wp-content\/uploads\/2019\/10\/cami1-265x198.jpg 265w, https:\/\/jorgezanoni.com.br\/2019\/wp-content\/uploads\/2019\/10\/cami1-696x521.jpg 696w, https:\/\/jorgezanoni.com.br\/2019\/wp-content\/uploads\/2019\/10\/cami1-561x420.jpg 561w\" sizes=\"auto, (max-width: 1000px) 100vw, 1000px\" \/>Motorista da caminhonete ficou ferido no acidente em Piquerobi \u2014 Foto: Pol\u00edcia Militar Rodovi\u00e1ria.<\/p>\n<p data-track-category=\"Link no Texto\" data-track-links=\"\">Fonte: G1<\/p>\n<p data-track-category=\"Link no Texto\" data-track-links=\"\">\n<\/div>\n<\/div>\n","protected":false},"excerpt":{"rendered":"<p>Condutor de um dos ve\u00edculos sofreu ferimentos leves e foi encaminhado ao Hospital Regional (HR), em Presidente Prudente, para receber atendimento m\u00e9dico. Um caminh\u00e3o basculante e uma caminhonete, ambos com placas de\u00a0Santo Anast\u00e1cio, envolveram-se em um acidente de tr\u00e2nsito, na tarde desta sexta-feira (18), no km 609,600 da Rodovia Raposo Tavares (SP-270), em\u00a0Piquerobi. De acordo [&hellip;]<\/p>\n","protected":false},"author":1,"featured_media":9251,"comment_status":"closed","ping_status":"open","sticky":false,"template":"","format":"standard","meta":{"footnotes":""},"categories":[170,110],"tags":[],"class_list":["post-9249","post","type-post","status-publish","format-standard","has-post-thumbnail","hentry","category-acidentes","category-noticiasdestaque"],"_links":{"self":[{"href":"https:\/\/jorgezanoni.com.br\/2019\/wp-json\/wp\/v2\/posts\/9249","targetHints":{"allow":["GET"]}}],"collection":[{"href":"https:\/\/jorgezanoni.com.br\/2019\/wp-json\/wp\/v2\/posts"}],"about":[{"href":"https:\/\/jorgezanoni.com.br\/2019\/wp-json\/wp\/v2\/types\/post"}],"author":[{"embeddable":true,"href":"https:\/\/jorgezanoni.com.br\/2019\/wp-json\/wp\/v2\/users\/1"}],"replies":[{"embeddable":true,"href":"https:\/\/jorgezanoni.com.br\/2019\/wp-json\/wp\/v2\/comments?post=9249"}],"version-history":[{"count":0,"href":"https:\/\/jorgezanoni.com.br\/2019\/wp-json\/wp\/v2\/posts\/9249\/revisions"}],"wp:featuredmedia":[{"embeddable":true,"href":"https:\/\/jorgezanoni.com.br\/2019\/wp-json\/wp\/v2\/media\/9251"}],"wp:attachment":[{"href":"https:\/\/jorgezanoni.com.br\/2019\/wp-json\/wp\/v2\/media?parent=9249"}],"wp:term":[{"taxonomy":"category","embeddable":true,"href":"https:\/\/jorgezanoni.com.br\/2019\/wp-json\/wp\/v2\/categories?post=9249"},{"taxonomy":"post_tag","embeddable":true,"href":"https:\/\/jorgezanoni.com.br\/2019\/wp-json\/wp\/v2\/tags?post=9249"}],"curies":[{"name":"wp","href":"https:\/\/api.w.org\/{rel}","templated":true}]}}