{"id":92487,"date":"2025-02-06T15:47:48","date_gmt":"2025-02-06T15:47:48","guid":{"rendered":"https:\/\/jorgezanoni.com.br\/2019\/?p=92487"},"modified":"2025-02-06T15:47:48","modified_gmt":"2025-02-06T15:47:48","slug":"por-que-comparamos-nossa-vida-com-a-dos-outros-por-cidinha-pascoaloto","status":"publish","type":"post","link":"https:\/\/jorgezanoni.com.br\/2019\/por-que-comparamos-nossa-vida-com-a-dos-outros-por-cidinha-pascoaloto\/","title":{"rendered":"Por Que Comparamos Nossa Vida com a dos Outros?  (por Cidinha Pascoaloto)"},"content":{"rendered":"<p style=\"text-align: justify;\">Neste artigo, vamos explorar como a compara\u00e7\u00e3o nas redes sociais impacta negativamente a nossa mente. A compara\u00e7\u00e3o \u00e9 um comportamento humano natural e pode ser \u00fatil. Mas, as redes sociais mostram apenas recortes selecionados de momento de sucesso, alegria, beleza, festas como casamento, anivers\u00e1rio, viagens criando uma falsa impress\u00e3o de que essas vidas s\u00e3o perfeitas.<\/p>\n<p style=\"text-align: justify;\">Com a facilidade de acessar conte\u00fado a qualquer momento as redes sociais nos exp\u00f5e continuamente a compara\u00e7\u00f5es. Os amigos curtem fazem coment\u00e1rios e at\u00e9 compartilham refor\u00e7ando o desejo de aprova\u00e7\u00e3o de apenas uma parte da realidade do indiv\u00edduo. E a compara\u00e7\u00e3o pode vir seguida de sentimentos e emo\u00e7\u00f5es como a inveja, ci\u00fames e o desejo de ter tudo que o outro tem.<\/p>\n<p style=\"text-align: justify;\">A compara\u00e7\u00e3o em excesso nas redes e perfis sociais pode ter grande impacto negativo na sa\u00fade mental incluindo depress\u00e3o e ansiedade al\u00e9m de sentimento de inferioridade que pode levar o indiv\u00edduo a desvalorizar tudo que conquistou.<\/p>\n<p style=\"text-align: justify;\">\u00a0Ao comparar nossas conquistas com esses recortes sociais de pessoas lindas e felizes nos sentimos inadequados. Essas exposi\u00e7\u00f5es cont\u00ednuas ao sucesso alheio podem colocar em d\u00favida nossas capacidades e nossas compet\u00eancias e diminuir nossa autoestima.<\/p>\n<p style=\"text-align: justify;\">\u00a0Filtros e imagens editadas mostram um padr\u00e3o irreal da beleza contribuindo tamb\u00e9m para transtornos alimentares. Alguns sinais de que a sua mente est\u00e1 te sabotando com compara\u00e7\u00f5es das redes sociais \u00e9 voc\u00ea ter a sensa\u00e7\u00e3o constante de sentimentos de inveja ou frustra\u00e7\u00e3o ao ver conquistas dos outros.<\/p>\n<p style=\"text-align: justify;\">\u00a0Sabemos que nem todas as compara\u00e7\u00f5es s\u00e3o negativas. Quando vista com maturidade, ela pode ser usada como inspira\u00e7\u00e3o para aprender algo novo ou crescer em \u00e1reas especiais da sua vida. Embora as redes sociais fa\u00e7am parte da nossa rotina, \u00e9 poss\u00edvel us\u00e1-las de forma mais consciente e saud\u00e1vel.<\/p>\n<p style=\"text-align: justify;\">\u00a0Siga pessoas e p\u00e1ginas que mostram conte\u00fados reais, que reflitam valores positivos. Pratique gratid\u00e3o com voc\u00ea mesma. Desconecte-se por um per\u00edodo das redes sociais para descansar sua mente e rever seus valores. \u00a0Sua jornada \u00e9 \u00fanica, e o verdadeiro valor est\u00e1 em viver a sua vida.<\/p>\n<p><img loading=\"lazy\" decoding=\"async\" class=\"alignnone size-full wp-image-92488\" src=\"https:\/\/jorgezanoni.com.br\/2019\/wp-content\/uploads\/2025\/02\/Cidinha-Pascoaloto.jpg\" alt=\"\" width=\"339\" height=\"480\" srcset=\"https:\/\/jorgezanoni.com.br\/2019\/wp-content\/uploads\/2025\/02\/Cidinha-Pascoaloto.jpg 339w, https:\/\/jorgezanoni.com.br\/2019\/wp-content\/uploads\/2025\/02\/Cidinha-Pascoaloto-212x300.jpg 212w, https:\/\/jorgezanoni.com.br\/2019\/wp-content\/uploads\/2025\/02\/Cidinha-Pascoaloto-297x420.jpg 297w\" sizes=\"auto, (max-width: 339px) 100vw, 339px\" \/>\u00a0Cidinha Pascoaloto-Psic\u00f3loga, com foco no luto CRP 06\/158174. Presencial e online, contato: (18) 99725-6418<\/p>\n<p>&nbsp;<\/p>\n<p>&nbsp;<\/p>\n<p>&nbsp;<\/p>\n<p>&nbsp;<\/p>\n<p>&nbsp;<\/p>\n","protected":false},"excerpt":{"rendered":"<p>Neste artigo, vamos explorar como a compara\u00e7\u00e3o nas redes sociais impacta negativamente a nossa mente. A compara\u00e7\u00e3o \u00e9 um comportamento humano natural e pode ser \u00fatil. Mas, as redes sociais mostram apenas recortes selecionados de momento de sucesso, alegria, beleza, festas como casamento, anivers\u00e1rio, viagens criando uma falsa impress\u00e3o de que essas vidas s\u00e3o perfeitas. [&hellip;]<\/p>\n","protected":false},"author":1,"featured_media":92489,"comment_status":"closed","ping_status":"open","sticky":false,"template":"","format":"standard","meta":{"footnotes":""},"categories":[175],"tags":[],"class_list":["post-92487","post","type-post","status-publish","format-standard","has-post-thumbnail","hentry","category-artigos"],"_links":{"self":[{"href":"https:\/\/jorgezanoni.com.br\/2019\/wp-json\/wp\/v2\/posts\/92487","targetHints":{"allow":["GET"]}}],"collection":[{"href":"https:\/\/jorgezanoni.com.br\/2019\/wp-json\/wp\/v2\/posts"}],"about":[{"href":"https:\/\/jorgezanoni.com.br\/2019\/wp-json\/wp\/v2\/types\/post"}],"author":[{"embeddable":true,"href":"https:\/\/jorgezanoni.com.br\/2019\/wp-json\/wp\/v2\/users\/1"}],"replies":[{"embeddable":true,"href":"https:\/\/jorgezanoni.com.br\/2019\/wp-json\/wp\/v2\/comments?post=92487"}],"version-history":[{"count":1,"href":"https:\/\/jorgezanoni.com.br\/2019\/wp-json\/wp\/v2\/posts\/92487\/revisions"}],"predecessor-version":[{"id":92490,"href":"https:\/\/jorgezanoni.com.br\/2019\/wp-json\/wp\/v2\/posts\/92487\/revisions\/92490"}],"wp:featuredmedia":[{"embeddable":true,"href":"https:\/\/jorgezanoni.com.br\/2019\/wp-json\/wp\/v2\/media\/92489"}],"wp:attachment":[{"href":"https:\/\/jorgezanoni.com.br\/2019\/wp-json\/wp\/v2\/media?parent=92487"}],"wp:term":[{"taxonomy":"category","embeddable":true,"href":"https:\/\/jorgezanoni.com.br\/2019\/wp-json\/wp\/v2\/categories?post=92487"},{"taxonomy":"post_tag","embeddable":true,"href":"https:\/\/jorgezanoni.com.br\/2019\/wp-json\/wp\/v2\/tags?post=92487"}],"curies":[{"name":"wp","href":"https:\/\/api.w.org\/{rel}","templated":true}]}}