{"id":92476,"date":"2025-02-06T15:30:55","date_gmt":"2025-02-06T15:30:55","guid":{"rendered":"https:\/\/jorgezanoni.com.br\/2019\/?p=92476"},"modified":"2025-02-06T15:53:14","modified_gmt":"2025-02-06T15:53:14","slug":"cavalo-mecanico-fica-totalmente-destruido-e-carga-e-salva-na-sp-563-em-dracena","status":"publish","type":"post","link":"https:\/\/jorgezanoni.com.br\/2019\/cavalo-mecanico-fica-totalmente-destruido-e-carga-e-salva-na-sp-563-em-dracena\/","title":{"rendered":"Cavalo mec\u00e2nico fica totalmente destru\u00eddo e carga \u00e9 salva na SP-563 em Dracena"},"content":{"rendered":"<p style=\"text-align: justify;\"><strong>Acidente aconteceu na manh\u00e3 desta quinta-feira (06) na Rodovia General Euclides de Oliveira Figueiredo, (Integra\u00e7\u00e3o), proximidades da balan\u00e7a de pesagem em Dracena. N\u00e3o houve v\u00edtimas v\u00edtimas.<\/strong><\/p>\n<p style=\"text-align: justify;\">Segundo informa\u00e7\u00f5es obtidas pelas reportagem do SITE JZ e TOP TV, duas carretas faziam o sentido Tupi Paulista a Presidente Venceslau pela SP-563, em dado momento os motoristas pararam para um cafezinho, momento que viram uma das carretas pegando fogo.<\/p>\n<p style=\"text-align: justify;\">Por coincid\u00eancia o &#8220;Cap PM&#8221; Machado que \u00e9 comandante do Corpo de Bombeiros, fazia o deslocamento de Presidente Venceslau a Dracena e se deparou com a ocorr\u00eancia, acionou rapidamente uma guarni\u00e7\u00e3o de Dracena que agiu rapidamente e conseguiu salvar totalmente a carroceria carregada com uma carga de soja.<\/p>\n<p style=\"text-align: justify;\">Al\u00e9m do Capit\u00e3o Machado, trabalharam na ocorr\u00eancia o Cb PM Spad\u00e1cio e Sd\u00a0 PM Leonardo.<\/p>\n<p style=\"text-align: justify;\">A Pol\u00edcia Militar base operacional de Adamantina e Per\u00edcia T\u00e9cnica estiveram no local para os lavantamentos necess\u00e1rios que ir\u00e3o apontar as causas do acidente.<\/p>\n<p><img loading=\"lazy\" decoding=\"async\" class=\"alignnone size-full wp-image-92477\" src=\"https:\/\/jorgezanoni.com.br\/2019\/wp-content\/uploads\/2025\/02\/z-Pequeno.jpg\" alt=\"\" width=\"851\" height=\"480\" srcset=\"https:\/\/jorgezanoni.com.br\/2019\/wp-content\/uploads\/2025\/02\/z-Pequeno.jpg 851w, https:\/\/jorgezanoni.com.br\/2019\/wp-content\/uploads\/2025\/02\/z-Pequeno-300x169.jpg 300w, https:\/\/jorgezanoni.com.br\/2019\/wp-content\/uploads\/2025\/02\/z-Pequeno-768x433.jpg 768w, https:\/\/jorgezanoni.com.br\/2019\/wp-content\/uploads\/2025\/02\/z-Pequeno-696x393.jpg 696w, https:\/\/jorgezanoni.com.br\/2019\/wp-content\/uploads\/2025\/02\/z-Pequeno-745x420.jpg 745w\" sizes=\"auto, (max-width: 851px) 100vw, 851px\" \/> <img loading=\"lazy\" decoding=\"async\" class=\"alignnone size-full wp-image-92478\" src=\"https:\/\/jorgezanoni.com.br\/2019\/wp-content\/uploads\/2025\/02\/z1-Pequeno.jpg\" alt=\"\" width=\"851\" height=\"480\" srcset=\"https:\/\/jorgezanoni.com.br\/2019\/wp-content\/uploads\/2025\/02\/z1-Pequeno.jpg 851w, https:\/\/jorgezanoni.com.br\/2019\/wp-content\/uploads\/2025\/02\/z1-Pequeno-300x169.jpg 300w, https:\/\/jorgezanoni.com.br\/2019\/wp-content\/uploads\/2025\/02\/z1-Pequeno-768x433.jpg 768w, https:\/\/jorgezanoni.com.br\/2019\/wp-content\/uploads\/2025\/02\/z1-Pequeno-696x393.jpg 696w, https:\/\/jorgezanoni.com.br\/2019\/wp-content\/uploads\/2025\/02\/z1-Pequeno-745x420.jpg 745w\" sizes=\"auto, (max-width: 851px) 100vw, 851px\" \/> <img loading=\"lazy\" decoding=\"async\" class=\"alignnone size-full wp-image-92479\" src=\"https:\/\/jorgezanoni.com.br\/2019\/wp-content\/uploads\/2025\/02\/z2-Pequeno.jpg\" alt=\"\" width=\"851\" height=\"480\" srcset=\"https:\/\/jorgezanoni.com.br\/2019\/wp-content\/uploads\/2025\/02\/z2-Pequeno.jpg 851w, https:\/\/jorgezanoni.com.br\/2019\/wp-content\/uploads\/2025\/02\/z2-Pequeno-300x169.jpg 300w, https:\/\/jorgezanoni.com.br\/2019\/wp-content\/uploads\/2025\/02\/z2-Pequeno-768x433.jpg 768w, https:\/\/jorgezanoni.com.br\/2019\/wp-content\/uploads\/2025\/02\/z2-Pequeno-696x393.jpg 696w, https:\/\/jorgezanoni.com.br\/2019\/wp-content\/uploads\/2025\/02\/z2-Pequeno-745x420.jpg 745w\" sizes=\"auto, (max-width: 851px) 100vw, 851px\" \/> <img loading=\"lazy\" decoding=\"async\" class=\"alignnone size-full wp-image-92480\" src=\"https:\/\/jorgezanoni.com.br\/2019\/wp-content\/uploads\/2025\/02\/z3-Pequeno.jpg\" alt=\"\" width=\"851\" height=\"480\" srcset=\"https:\/\/jorgezanoni.com.br\/2019\/wp-content\/uploads\/2025\/02\/z3-Pequeno.jpg 851w, https:\/\/jorgezanoni.com.br\/2019\/wp-content\/uploads\/2025\/02\/z3-Pequeno-300x169.jpg 300w, https:\/\/jorgezanoni.com.br\/2019\/wp-content\/uploads\/2025\/02\/z3-Pequeno-768x433.jpg 768w, https:\/\/jorgezanoni.com.br\/2019\/wp-content\/uploads\/2025\/02\/z3-Pequeno-696x393.jpg 696w, https:\/\/jorgezanoni.com.br\/2019\/wp-content\/uploads\/2025\/02\/z3-Pequeno-745x420.jpg 745w\" sizes=\"auto, (max-width: 851px) 100vw, 851px\" \/> <img loading=\"lazy\" decoding=\"async\" class=\"alignnone size-full wp-image-92481\" src=\"https:\/\/jorgezanoni.com.br\/2019\/wp-content\/uploads\/2025\/02\/z4-Pequeno.jpg\" alt=\"\" width=\"640\" height=\"480\" srcset=\"https:\/\/jorgezanoni.com.br\/2019\/wp-content\/uploads\/2025\/02\/z4-Pequeno.jpg 640w, https:\/\/jorgezanoni.com.br\/2019\/wp-content\/uploads\/2025\/02\/z4-Pequeno-300x225.jpg 300w, https:\/\/jorgezanoni.com.br\/2019\/wp-content\/uploads\/2025\/02\/z4-Pequeno-80x60.jpg 80w, https:\/\/jorgezanoni.com.br\/2019\/wp-content\/uploads\/2025\/02\/z4-Pequeno-265x198.jpg 265w, https:\/\/jorgezanoni.com.br\/2019\/wp-content\/uploads\/2025\/02\/z4-Pequeno-560x420.jpg 560w\" sizes=\"auto, (max-width: 640px) 100vw, 640px\" \/> <img loading=\"lazy\" decoding=\"async\" class=\"alignnone size-full wp-image-92482\" src=\"https:\/\/jorgezanoni.com.br\/2019\/wp-content\/uploads\/2025\/02\/z5-Pequeno.jpg\" alt=\"\" width=\"640\" height=\"480\" srcset=\"https:\/\/jorgezanoni.com.br\/2019\/wp-content\/uploads\/2025\/02\/z5-Pequeno.jpg 640w, https:\/\/jorgezanoni.com.br\/2019\/wp-content\/uploads\/2025\/02\/z5-Pequeno-300x225.jpg 300w, https:\/\/jorgezanoni.com.br\/2019\/wp-content\/uploads\/2025\/02\/z5-Pequeno-80x60.jpg 80w, https:\/\/jorgezanoni.com.br\/2019\/wp-content\/uploads\/2025\/02\/z5-Pequeno-265x198.jpg 265w, https:\/\/jorgezanoni.com.br\/2019\/wp-content\/uploads\/2025\/02\/z5-Pequeno-560x420.jpg 560w\" sizes=\"auto, (max-width: 640px) 100vw, 640px\" \/> <img loading=\"lazy\" decoding=\"async\" class=\"alignnone size-full wp-image-92483\" src=\"https:\/\/jorgezanoni.com.br\/2019\/wp-content\/uploads\/2025\/02\/z6-Pequeno.jpg\" alt=\"\" width=\"640\" height=\"480\" srcset=\"https:\/\/jorgezanoni.com.br\/2019\/wp-content\/uploads\/2025\/02\/z6-Pequeno.jpg 640w, https:\/\/jorgezanoni.com.br\/2019\/wp-content\/uploads\/2025\/02\/z6-Pequeno-300x225.jpg 300w, https:\/\/jorgezanoni.com.br\/2019\/wp-content\/uploads\/2025\/02\/z6-Pequeno-80x60.jpg 80w, https:\/\/jorgezanoni.com.br\/2019\/wp-content\/uploads\/2025\/02\/z6-Pequeno-265x198.jpg 265w, https:\/\/jorgezanoni.com.br\/2019\/wp-content\/uploads\/2025\/02\/z6-Pequeno-560x420.jpg 560w\" sizes=\"auto, (max-width: 640px) 100vw, 640px\" \/> <img loading=\"lazy\" decoding=\"async\" class=\"alignnone size-full wp-image-92485\" src=\"https:\/\/jorgezanoni.com.br\/2019\/wp-content\/uploads\/2025\/02\/z8-Pequeno.jpg\" alt=\"\" width=\"640\" height=\"480\" srcset=\"https:\/\/jorgezanoni.com.br\/2019\/wp-content\/uploads\/2025\/02\/z8-Pequeno.jpg 640w, https:\/\/jorgezanoni.com.br\/2019\/wp-content\/uploads\/2025\/02\/z8-Pequeno-300x225.jpg 300w, https:\/\/jorgezanoni.com.br\/2019\/wp-content\/uploads\/2025\/02\/z8-Pequeno-80x60.jpg 80w, https:\/\/jorgezanoni.com.br\/2019\/wp-content\/uploads\/2025\/02\/z8-Pequeno-265x198.jpg 265w, https:\/\/jorgezanoni.com.br\/2019\/wp-content\/uploads\/2025\/02\/z8-Pequeno-560x420.jpg 560w\" sizes=\"auto, (max-width: 640px) 100vw, 640px\" \/><\/p>\n<p>Fotos cedidas Posto de Bombeiros de Dracena<\/p>\n<p>Jorge Zanoni<\/p>\n","protected":false},"excerpt":{"rendered":"<p>Acidente aconteceu na manh\u00e3 desta quinta-feira (06) na Rodovia General Euclides de Oliveira Figueiredo, (Integra\u00e7\u00e3o), proximidades da balan\u00e7a de pesagem em Dracena. N\u00e3o houve v\u00edtimas v\u00edtimas. Segundo informa\u00e7\u00f5es obtidas pelas reportagem do SITE JZ e TOP TV, duas carretas faziam o sentido Tupi Paulista a Presidente Venceslau pela SP-563, em dado momento os motoristas pararam [&hellip;]<\/p>\n","protected":false},"author":1,"featured_media":92484,"comment_status":"closed","ping_status":"open","sticky":false,"template":"","format":"standard","meta":{"footnotes":""},"categories":[170,110],"tags":[],"class_list":["post-92476","post","type-post","status-publish","format-standard","has-post-thumbnail","hentry","category-acidentes","category-noticiasdestaque"],"_links":{"self":[{"href":"https:\/\/jorgezanoni.com.br\/2019\/wp-json\/wp\/v2\/posts\/92476","targetHints":{"allow":["GET"]}}],"collection":[{"href":"https:\/\/jorgezanoni.com.br\/2019\/wp-json\/wp\/v2\/posts"}],"about":[{"href":"https:\/\/jorgezanoni.com.br\/2019\/wp-json\/wp\/v2\/types\/post"}],"author":[{"embeddable":true,"href":"https:\/\/jorgezanoni.com.br\/2019\/wp-json\/wp\/v2\/users\/1"}],"replies":[{"embeddable":true,"href":"https:\/\/jorgezanoni.com.br\/2019\/wp-json\/wp\/v2\/comments?post=92476"}],"version-history":[{"count":2,"href":"https:\/\/jorgezanoni.com.br\/2019\/wp-json\/wp\/v2\/posts\/92476\/revisions"}],"predecessor-version":[{"id":92491,"href":"https:\/\/jorgezanoni.com.br\/2019\/wp-json\/wp\/v2\/posts\/92476\/revisions\/92491"}],"wp:featuredmedia":[{"embeddable":true,"href":"https:\/\/jorgezanoni.com.br\/2019\/wp-json\/wp\/v2\/media\/92484"}],"wp:attachment":[{"href":"https:\/\/jorgezanoni.com.br\/2019\/wp-json\/wp\/v2\/media?parent=92476"}],"wp:term":[{"taxonomy":"category","embeddable":true,"href":"https:\/\/jorgezanoni.com.br\/2019\/wp-json\/wp\/v2\/categories?post=92476"},{"taxonomy":"post_tag","embeddable":true,"href":"https:\/\/jorgezanoni.com.br\/2019\/wp-json\/wp\/v2\/tags?post=92476"}],"curies":[{"name":"wp","href":"https:\/\/api.w.org\/{rel}","templated":true}]}}