{"id":92473,"date":"2025-02-06T01:18:47","date_gmt":"2025-02-06T01:18:47","guid":{"rendered":"https:\/\/jorgezanoni.com.br\/2019\/?p=92473"},"modified":"2025-02-06T01:18:47","modified_gmt":"2025-02-06T01:18:47","slug":"dracena-tera-feirao-de-emprego-da-eixo-sp-nesta-sexta","status":"publish","type":"post","link":"https:\/\/jorgezanoni.com.br\/2019\/dracena-tera-feirao-de-emprego-da-eixo-sp-nesta-sexta\/","title":{"rendered":"Dracena ter\u00e1 Feir\u00e3o de Emprego da Eixo SP nesta sexta"},"content":{"rendered":"<p style=\"text-align: justify;\"><strong><em>Interessados devem levar curr\u00edculo impresso e documentos para preenchimento de ficha cadastral.<\/em><\/strong><\/p>\n<p style=\"text-align: justify;\">Moradores de Dracena e de munic\u00edpios da regi\u00e3o que est\u00e3o em busca de emprego ter\u00e3o uma boa oportunidade de coloca\u00e7\u00e3o no mercado de trabalho. A Eixo SP Concession\u00e1ria de Rodovias estar\u00e1 recebendo curr\u00edculo dos interessados em atuar em \u00e1reas operacionais nesta sexta-feira (7), das 9h \u00e0s 13h, no Senai, na Avenida Expedicion\u00e1rios, 260.<\/p>\n<p style=\"text-align: justify;\">As op\u00e7\u00f5es de vagas s\u00e3o para ajudante geral (servi\u00e7os de conserva\u00e7\u00e3o), inspetor de tr\u00e1fego, motorista com CNH categorias B, D e E, operador de motosserra e motopoda, operador de ro\u00e7adeira e tratorista.<\/p>\n<p style=\"text-align: justify;\">Os interessados em alguma destas vagas devem levar curr\u00edculo e documento com foto para preenchimento da ficha de cadastro. Para o cargo de inspetor de tr\u00e1fego, motorista e tratorista, al\u00e9m desses documentos, \u00e9 preciso levar tamb\u00e9m a CNH correspondente. Os candidatos aprovados far\u00e3o parte do banco de talentos da Concession\u00e1ria e ser\u00e3o chamados a compor a equipe assim que novas oportunidades forem abertas.<\/p>\n<p style=\"text-align: justify;\">A promo\u00e7\u00e3o do Feir\u00e3o de Emprego faz parte do compromisso da Eixo SP em contribuir com o desenvolvimento das comunidades inseridas no trecho de concess\u00e3o.<\/p>\n<p style=\"text-align: justify;\"><strong>Servi\u00e7o:<\/strong><\/p>\n<p style=\"text-align: justify;\"><strong>Feir\u00e3o de Emprego de Dracena<\/strong><\/p>\n<p style=\"text-align: justify;\"><strong>Dia<\/strong>: 7 de fevereiro<\/p>\n<p style=\"text-align: justify;\"><strong>Hor\u00e1rio<\/strong>: 9h \u00e0s 13h<\/p>\n<p style=\"text-align: justify;\"><strong>Local<\/strong>: Senai<\/p>\n<p style=\"text-align: justify;\"><strong>Endere\u00e7o<\/strong>: Avenida Expedicion\u00e1rios, 260<\/p>\n<p style=\"text-align: justify;\"><strong>Sobre a Eixo SP<\/strong><\/p>\n<p style=\"text-align: justify;\">A Eixo SP Concession\u00e1ria de Rodovias administra mais de 1.221 km de estradas que passam por 62 munic\u00edpios da regi\u00e3o de Rio Claro, no centro do Estado, at\u00e9 Panorama, no extremo oeste, na divisa com o Mato Grosso do Sul. O maior contrato sob supervis\u00e3o da Artesp (Ag\u00eancia Reguladora de Transportes do Estado de S\u00e3o Paulo) ter\u00e1 investimentos na ordem de R$ 14 bilh\u00f5es em obras de amplia\u00e7\u00e3o, conserva\u00e7\u00e3o, al\u00e9m da moderniza\u00e7\u00e3o de servi\u00e7os ao usu\u00e1rio. Para mais informa\u00e7\u00f5es acesse: <a href=\"http:\/\/www.eixosp.com.br\">www.eixosp.com.br<\/a>.<\/p>\n","protected":false},"excerpt":{"rendered":"<p>Interessados devem levar curr\u00edculo impresso e documentos para preenchimento de ficha cadastral. Moradores de Dracena e de munic\u00edpios da regi\u00e3o que est\u00e3o em busca de emprego ter\u00e3o uma boa oportunidade de coloca\u00e7\u00e3o no mercado de trabalho. A Eixo SP Concession\u00e1ria de Rodovias estar\u00e1 recebendo curr\u00edculo dos interessados em atuar em \u00e1reas operacionais nesta sexta-feira (7), [&hellip;]<\/p>\n","protected":false},"author":1,"featured_media":92474,"comment_status":"closed","ping_status":"open","sticky":false,"template":"","format":"standard","meta":{"footnotes":""},"categories":[180,110],"tags":[],"class_list":["post-92473","post","type-post","status-publish","format-standard","has-post-thumbnail","hentry","category-estradastransitoveiculos","category-noticiasdestaque"],"_links":{"self":[{"href":"https:\/\/jorgezanoni.com.br\/2019\/wp-json\/wp\/v2\/posts\/92473","targetHints":{"allow":["GET"]}}],"collection":[{"href":"https:\/\/jorgezanoni.com.br\/2019\/wp-json\/wp\/v2\/posts"}],"about":[{"href":"https:\/\/jorgezanoni.com.br\/2019\/wp-json\/wp\/v2\/types\/post"}],"author":[{"embeddable":true,"href":"https:\/\/jorgezanoni.com.br\/2019\/wp-json\/wp\/v2\/users\/1"}],"replies":[{"embeddable":true,"href":"https:\/\/jorgezanoni.com.br\/2019\/wp-json\/wp\/v2\/comments?post=92473"}],"version-history":[{"count":1,"href":"https:\/\/jorgezanoni.com.br\/2019\/wp-json\/wp\/v2\/posts\/92473\/revisions"}],"predecessor-version":[{"id":92475,"href":"https:\/\/jorgezanoni.com.br\/2019\/wp-json\/wp\/v2\/posts\/92473\/revisions\/92475"}],"wp:featuredmedia":[{"embeddable":true,"href":"https:\/\/jorgezanoni.com.br\/2019\/wp-json\/wp\/v2\/media\/92474"}],"wp:attachment":[{"href":"https:\/\/jorgezanoni.com.br\/2019\/wp-json\/wp\/v2\/media?parent=92473"}],"wp:term":[{"taxonomy":"category","embeddable":true,"href":"https:\/\/jorgezanoni.com.br\/2019\/wp-json\/wp\/v2\/categories?post=92473"},{"taxonomy":"post_tag","embeddable":true,"href":"https:\/\/jorgezanoni.com.br\/2019\/wp-json\/wp\/v2\/tags?post=92473"}],"curies":[{"name":"wp","href":"https:\/\/api.w.org\/{rel}","templated":true}]}}