{"id":92396,"date":"2025-01-31T22:37:55","date_gmt":"2025-01-31T22:37:55","guid":{"rendered":"https:\/\/jorgezanoni.com.br\/2019\/?p=92396"},"modified":"2025-01-31T22:37:55","modified_gmt":"2025-01-31T22:37:55","slug":"policia-civil-prende-em-flagrante-homem-suspeito-de-importunacao-sexual-contra-colega-de-trabalho-em-dracena","status":"publish","type":"post","link":"https:\/\/jorgezanoni.com.br\/2019\/policia-civil-prende-em-flagrante-homem-suspeito-de-importunacao-sexual-contra-colega-de-trabalho-em-dracena\/","title":{"rendered":"Pol\u00edcia Civil prende em flagrante homem suspeito de importuna\u00e7\u00e3o sexual contra colega de trabalho em Dracena"},"content":{"rendered":"<p style=\"text-align: justify;\">A Pol\u00edcia Civil do Estado de S\u00e3o Paulo, por interm\u00e9dio do Plant\u00e3o da Central de Pol\u00edcia Judici\u00e1ria (CPJ) e com o apoio de agentes das Unidades Especializadas DIG\/DISE (Delegacia de Investiga\u00e7\u00f5es Gerais e Delegacia de Investiga\u00e7\u00f5es sobre Entorpecentes), prendeu em flagrante, nesta sexta-feira (31), um homem de 32 anos, suspeito de cometer o crime de importuna\u00e7\u00e3o sexual contra uma colega de trabalho em Dracena. Em raz\u00e3o da natureza do crime, a identidade da v\u00edtima n\u00e3o foi divulgada.<\/p>\n<p style=\"text-align: justify;\">A a\u00e7\u00e3o policial teve in\u00edcio logo ap\u00f3s a v\u00edtima comparecer \u00e0 unidade policial e relatar que, naquela manh\u00e3, enquanto exercia suas atividades no local de trabalho, estava agachada organizando materiais em uma prateleira quando o suspeito, tamb\u00e9m funcion\u00e1rio da empresa, se aproximou e lan\u00e7ou uma subst\u00e2ncia que atingiu sua cabe\u00e7a e ficou fixada em seu cabelo. Ao perceber o ocorrido e notar o odor e a consist\u00eancia da subst\u00e2ncia, a v\u00edtima suspeitou tratar-se de s\u00eamen e entrou em estado de choque.<\/p>\n<p style=\"text-align: justify;\">A ger\u00eancia do estabelecimento foi acionada e, em uma conversa reservada, o suspeito teria confessado que a subst\u00e2ncia era, de fato, s\u00eamen. A v\u00edtima conseguiu coletar resqu\u00edcios do material que haviam ca\u00eddo no ch\u00e3o e os apresentou no Plant\u00e3o da CPJ. Diante das informa\u00e7\u00f5es, a Pol\u00edcia Civil iniciou dilig\u00eancias e localizou o suspeito em via p\u00fablica, efetuando sua deten\u00e7\u00e3o e conduzindo-o \u00e0 unidade policial.<\/p>\n<p style=\"text-align: justify;\">A pris\u00e3o em flagrante foi ratificada pela autoridade plantonista e, durante o interrogat\u00f3rio, acompanhado por sua advogada, o acusado confessou ter lan\u00e7ado o s\u00eamen na v\u00edtima, alegando que frequentemente ela fazia coment\u00e1rios duvidosos sobre sua orienta\u00e7\u00e3o sexual.<\/p>\n<p style=\"text-align: justify;\">O crime de importuna\u00e7\u00e3o sexual est\u00e1 previsto no artigo 215-A do C\u00f3digo Penal e prev\u00ea pena de at\u00e9 cinco anos de reclus\u00e3o. O suspeito permaneceu preso e ficar\u00e1 \u00e0 disposi\u00e7\u00e3o da Justi\u00e7a.<\/p>\n<p>Fonte: Comunica\u00e7\u00e3o Social Pol\u00edcia Civil<\/p>\n","protected":false},"excerpt":{"rendered":"<p>A Pol\u00edcia Civil do Estado de S\u00e3o Paulo, por interm\u00e9dio do Plant\u00e3o da Central de Pol\u00edcia Judici\u00e1ria (CPJ) e com o apoio de agentes das Unidades Especializadas DIG\/DISE (Delegacia de Investiga\u00e7\u00f5es Gerais e Delegacia de Investiga\u00e7\u00f5es sobre Entorpecentes), prendeu em flagrante, nesta sexta-feira (31), um homem de 32 anos, suspeito de cometer o crime de [&hellip;]<\/p>\n","protected":false},"author":1,"featured_media":92397,"comment_status":"closed","ping_status":"open","sticky":false,"template":"","format":"standard","meta":{"footnotes":""},"categories":[110,2],"tags":[],"class_list":["post-92396","post","type-post","status-publish","format-standard","has-post-thumbnail","hentry","category-noticiasdestaque","category-policial"],"_links":{"self":[{"href":"https:\/\/jorgezanoni.com.br\/2019\/wp-json\/wp\/v2\/posts\/92396","targetHints":{"allow":["GET"]}}],"collection":[{"href":"https:\/\/jorgezanoni.com.br\/2019\/wp-json\/wp\/v2\/posts"}],"about":[{"href":"https:\/\/jorgezanoni.com.br\/2019\/wp-json\/wp\/v2\/types\/post"}],"author":[{"embeddable":true,"href":"https:\/\/jorgezanoni.com.br\/2019\/wp-json\/wp\/v2\/users\/1"}],"replies":[{"embeddable":true,"href":"https:\/\/jorgezanoni.com.br\/2019\/wp-json\/wp\/v2\/comments?post=92396"}],"version-history":[{"count":1,"href":"https:\/\/jorgezanoni.com.br\/2019\/wp-json\/wp\/v2\/posts\/92396\/revisions"}],"predecessor-version":[{"id":92398,"href":"https:\/\/jorgezanoni.com.br\/2019\/wp-json\/wp\/v2\/posts\/92396\/revisions\/92398"}],"wp:featuredmedia":[{"embeddable":true,"href":"https:\/\/jorgezanoni.com.br\/2019\/wp-json\/wp\/v2\/media\/92397"}],"wp:attachment":[{"href":"https:\/\/jorgezanoni.com.br\/2019\/wp-json\/wp\/v2\/media?parent=92396"}],"wp:term":[{"taxonomy":"category","embeddable":true,"href":"https:\/\/jorgezanoni.com.br\/2019\/wp-json\/wp\/v2\/categories?post=92396"},{"taxonomy":"post_tag","embeddable":true,"href":"https:\/\/jorgezanoni.com.br\/2019\/wp-json\/wp\/v2\/tags?post=92396"}],"curies":[{"name":"wp","href":"https:\/\/api.w.org\/{rel}","templated":true}]}}