{"id":92368,"date":"2025-01-30T15:18:10","date_gmt":"2025-01-30T15:18:10","guid":{"rendered":"https:\/\/jorgezanoni.com.br\/2019\/?p=92368"},"modified":"2025-01-30T15:18:10","modified_gmt":"2025-01-30T15:18:10","slug":"ciclo-assemblear-da-sicredi-centro-oeste-paulista-comeca-nesta-quinta-feira-30-em-marilia","status":"publish","type":"post","link":"https:\/\/jorgezanoni.com.br\/2019\/ciclo-assemblear-da-sicredi-centro-oeste-paulista-comeca-nesta-quinta-feira-30-em-marilia\/","title":{"rendered":"Ciclo assemblear da Sicredi Centro Oeste Paulista come\u00e7a nesta quinta-feira, 30, em Mar\u00edlia"},"content":{"rendered":"<p class=\"v1MsoNormal\" style=\"text-align: justify;\" align=\"center\"><strong><i>Assembleias simult\u00e2neas promovem inclus\u00e3o e participa\u00e7\u00e3o ativa dos associados.<\/i><\/strong><\/p>\n<p class=\"v1MsoNormal\" style=\"text-align: justify;\">A Sicredi Centro Oeste Paulista d\u00e1 in\u00edcio ao seu ciclo de assembleias nesta quinta-feira, 30 de janeiro, em Mar\u00edlia. Este ano, as assembleias ser\u00e3o realizadas de forma simult\u00e2nea, permitindo a participa\u00e7\u00e3o tanto presencial quanto digital dos associados.<\/p>\n<p class=\"v1MsoNormal\" style=\"text-align: justify;\">&#8220;Estamos muito entusiasmados em oferecer assembleias simult\u00e2neas este ano. Essa decis\u00e3o reflete nosso compromisso com a inclus\u00e3o e a participa\u00e7\u00e3o ativa de todos os nossos associados, independentemente de sua localiza\u00e7\u00e3o. A plataforma digital permitir\u00e1 que mais pessoas se envolvam nas decis\u00f5es que moldam o futuro da nossa cooperativa&#8221;, destaca o presidente da Sicredi Centro Oeste Paulista, Dr. Jo\u00e3o Salvi.<\/p>\n<p class=\"v1MsoNormal\" style=\"text-align: justify;\">As assembleias desempenham um papel vital na cooperativa, permitindo que os associados exer\u00e7am seu papel de donos. Este \u00e9 o momento de participa\u00e7\u00e3o ativa nas decis\u00f5es e discuss\u00e3o dos rumos da Sicredi Centro Oeste Paulista. A presen\u00e7a de todos \u00e9 essencial para fortalecer a governan\u00e7a e assegurar que a cooperativa continue a atender \u00e0s necessidades de seus membros.<\/p>\n<p class=\"v1MsoNormal\" style=\"text-align: justify;\">Para facilitar o acesso e a transpar\u00eancia, todos os documentos, relat\u00f3rios, demonstra\u00e7\u00f5es financeiras e o edital das assembleias est\u00e3o dispon\u00edveis no site da cooperativa.<\/p>\n<p class=\"v1MsoNormal\" style=\"text-align: justify;\">A Sicredi Centro Oeste Paulista conta com a participa\u00e7\u00e3o de todos os associados, fortalecendo o esp\u00edrito cooperativo. Para mais informa\u00e7\u00f5es, entre em contato com o seu gerente e fique atento \u00e0 data da assembleia da sua ag\u00eancia.<\/p>\n<p class=\"v1MsoNormal\" style=\"text-align: justify;\"><b><i>Sobre o Sicredi<\/i><\/b><i><\/i><\/p>\n<p class=\"v1MsoNormal\" style=\"text-align: justify;\"><i>O Sicredi \u00e9 uma institui\u00e7\u00e3o financeira cooperativa comprometida com o crescimento de seus associados e com o desenvolvimento das regi\u00f5es onde atua. Possui um modelo de gest\u00e3o que valoriza a participa\u00e7\u00e3o dos mais de 8,5 milh\u00f5es de associados, que exercem o papel de donos do neg\u00f3cio. Com mais de 2.800 ag\u00eancias, o Sicredi est\u00e1 presente fisicamente em todos os estados brasileiros e no Distrito Federal, disponibilizando uma gama completa de solu\u00e7\u00f5es financeiras e n\u00e3o financeiras.<\/i><\/p>\n<p class=\"v1MsoNormal\"><b><i>Site do Sicredi:\u00a0<a href=\"http:\/\/www.sicredi.com.br\/\" target=\"_blank\" rel=\"noopener noreferrer\">www.sicredi.com.br<\/a><\/i><\/b><\/p>\n<p class=\"v1MsoNormal\"><b><i>Redes Sociais:\u00a0<\/i><\/b><em><b><u><span lang=\"EN-US\"><a href=\"http:\/\/www.facebook.com\/sicredicentrooestepaulista\" target=\"_blank\" rel=\"noopener noreferrer\"><i><span lang=\"PT-BR\">Facebook<\/span><\/i><\/a><\/span><\/u><\/b><\/em><em>\u00a0|<\/em>\u00a0<em><b><u><span lang=\"EN-US\"><a href=\"https:\/\/www.linkedin.com\/company\/sicredi-centro-oeste-paulista\/\" target=\"_blank\" rel=\"noopener noreferrer\"><i><span lang=\"PT-BR\">LinkedIn<\/span><\/i><\/a><\/span><\/u><\/b><\/em><em>\u00a0|<\/em>\u00a0<em><b><u><span lang=\"EN-US\"><a href=\"http:\/\/www.youtube.com\/sicredicentrooestepaulista\" target=\"_blank\" rel=\"noopener noreferrer\"><i><span lang=\"PT-BR\">YouTube<\/span><\/i><\/a><\/span><\/u><\/b><\/em><span lang=\"EN-US\">\u00a0<\/span><em>|\u00a0<\/em><em><b><u><span lang=\"EN-US\"><a href=\"http:\/\/www.instagram.com\/sicredicentrooestepaulista\" target=\"_blank\" rel=\"noopener noreferrer\"><i><span lang=\"PT-BR\">Instagram<\/span><\/i><\/a><\/span><\/u><\/b><\/em><\/p>\n<p class=\"v1MsoNormal\">_____________________________________<\/p>\n<p>Fonte: Comunica\u00e7\u00e3o e Marketing<\/p>\n","protected":false},"excerpt":{"rendered":"<p>Assembleias simult\u00e2neas promovem inclus\u00e3o e participa\u00e7\u00e3o ativa dos associados. A Sicredi Centro Oeste Paulista d\u00e1 in\u00edcio ao seu ciclo de assembleias nesta quinta-feira, 30 de janeiro, em Mar\u00edlia. Este ano, as assembleias ser\u00e3o realizadas de forma simult\u00e2nea, permitindo a participa\u00e7\u00e3o tanto presencial quanto digital dos associados. &#8220;Estamos muito entusiasmados em oferecer assembleias simult\u00e2neas este ano. [&hellip;]<\/p>\n","protected":false},"author":1,"featured_media":92369,"comment_status":"closed","ping_status":"open","sticky":false,"template":"","format":"standard","meta":{"footnotes":""},"categories":[110,116],"tags":[],"class_list":["post-92368","post","type-post","status-publish","format-standard","has-post-thumbnail","hentry","category-noticiasdestaque","category-politicaeeconomia"],"_links":{"self":[{"href":"https:\/\/jorgezanoni.com.br\/2019\/wp-json\/wp\/v2\/posts\/92368","targetHints":{"allow":["GET"]}}],"collection":[{"href":"https:\/\/jorgezanoni.com.br\/2019\/wp-json\/wp\/v2\/posts"}],"about":[{"href":"https:\/\/jorgezanoni.com.br\/2019\/wp-json\/wp\/v2\/types\/post"}],"author":[{"embeddable":true,"href":"https:\/\/jorgezanoni.com.br\/2019\/wp-json\/wp\/v2\/users\/1"}],"replies":[{"embeddable":true,"href":"https:\/\/jorgezanoni.com.br\/2019\/wp-json\/wp\/v2\/comments?post=92368"}],"version-history":[{"count":1,"href":"https:\/\/jorgezanoni.com.br\/2019\/wp-json\/wp\/v2\/posts\/92368\/revisions"}],"predecessor-version":[{"id":92370,"href":"https:\/\/jorgezanoni.com.br\/2019\/wp-json\/wp\/v2\/posts\/92368\/revisions\/92370"}],"wp:featuredmedia":[{"embeddable":true,"href":"https:\/\/jorgezanoni.com.br\/2019\/wp-json\/wp\/v2\/media\/92369"}],"wp:attachment":[{"href":"https:\/\/jorgezanoni.com.br\/2019\/wp-json\/wp\/v2\/media?parent=92368"}],"wp:term":[{"taxonomy":"category","embeddable":true,"href":"https:\/\/jorgezanoni.com.br\/2019\/wp-json\/wp\/v2\/categories?post=92368"},{"taxonomy":"post_tag","embeddable":true,"href":"https:\/\/jorgezanoni.com.br\/2019\/wp-json\/wp\/v2\/tags?post=92368"}],"curies":[{"name":"wp","href":"https:\/\/api.w.org\/{rel}","templated":true}]}}