{"id":92283,"date":"2025-01-25T14:17:58","date_gmt":"2025-01-25T14:17:58","guid":{"rendered":"https:\/\/jorgezanoni.com.br\/2019\/?p=92283"},"modified":"2025-01-25T14:20:02","modified_gmt":"2025-01-25T14:20:02","slug":"neurocirurgiao-que-e-medico-em-dracena-e-professor-da-unifadra-e-destaque-na-revista-caras","status":"publish","type":"post","link":"https:\/\/jorgezanoni.com.br\/2019\/neurocirurgiao-que-e-medico-em-dracena-e-professor-da-unifadra-e-destaque-na-revista-caras\/","title":{"rendered":"Neurocirurgi\u00e3o que \u00e9 m\u00e9dico em Dracena e professor da UNIFADRA, \u00e9 destaque na revista Caras"},"content":{"rendered":"<h1 class=\"titulo-interna\" style=\"text-align: justify;\">Carlos Alberto dos Santos Filho que \u00e9 nascido em Dracena, dedica-se \u00e0 excel\u00eancia na neurocirurgia.<\/h1>\n<p class=\"lead\" style=\"text-align: justify;\"><strong>Professor combina avan\u00e7os tecnol\u00f3gicos, forma\u00e7\u00e3o de novos profissionais e aten\u00e7\u00e3o humanizada para oferecer tratamentos de excel\u00eancia.<\/strong><\/p>\n<p><img loading=\"lazy\" decoding=\"async\" class=\"alignnone size-full wp-image-92284\" src=\"https:\/\/jorgezanoni.com.br\/2019\/wp-content\/uploads\/2025\/01\/carlos.jpg\" alt=\"\" width=\"1080\" height=\"1080\" srcset=\"https:\/\/jorgezanoni.com.br\/2019\/wp-content\/uploads\/2025\/01\/carlos.jpg 1080w, https:\/\/jorgezanoni.com.br\/2019\/wp-content\/uploads\/2025\/01\/carlos-300x300.jpg 300w, https:\/\/jorgezanoni.com.br\/2019\/wp-content\/uploads\/2025\/01\/carlos-1024x1024.jpg 1024w, https:\/\/jorgezanoni.com.br\/2019\/wp-content\/uploads\/2025\/01\/carlos-150x150.jpg 150w, https:\/\/jorgezanoni.com.br\/2019\/wp-content\/uploads\/2025\/01\/carlos-768x768.jpg 768w, https:\/\/jorgezanoni.com.br\/2019\/wp-content\/uploads\/2025\/01\/carlos-696x696.jpg 696w, https:\/\/jorgezanoni.com.br\/2019\/wp-content\/uploads\/2025\/01\/carlos-1068x1068.jpg 1068w, https:\/\/jorgezanoni.com.br\/2019\/wp-content\/uploads\/2025\/01\/carlos-420x420.jpg 420w\" sizes=\"auto, (max-width: 1080px) 100vw, 1080px\" \/><\/p>\n<p style=\"text-align: justify;\">Desde os primeiros passos na carreira m\u00e9dica,\u00a0<strong>Carlos Alberto dos Santos Filho<\/strong>\u00a0demonstrou um interesse particular pela complexidade do sistema nervoso. Durante o primeiro ano da gradua\u00e7\u00e3o em medicina na Universidade Estadual Paulista (UNESP), foi impactado pelas aulas de neuroanatomia, uma experi\u00eancia que viria a moldar seu futuro. \u201c<em>Gostei imediatamente dessa \u00e1rea, mas o salto para a neurocirurgia foi um processo gradual. Busquei professores que pudessem me orientar e iniciei projetos de pesquisa ainda nos primeiros anos<\/em>\u201d, relembra.<\/p>\n<p style=\"text-align: justify;\" data-mrf-recirculation=\".Link no Corpo do artigo\">Essa paix\u00e3o levou-o a ingressar na Liga de Neuroci\u00eancias da institui\u00e7\u00e3o, onde participou de atividades acad\u00eamicas e assumiu a diretoria. \u201c<em>A cada experi\u00eancia, meu interesse pela neuro aumentava. No final do curso, j\u00e1 n\u00e3o havia d\u00favidas: a neurocirurgia seria meu caminho<\/em>\u201d, comenta.<br \/>\nNa pr\u00e1tica cl\u00ednica, atende uma ampla gama de condi\u00e7\u00f5es neurol\u00f3gicas. \u201c<em>Os casos mais comuns envolvem dores de cabe\u00e7a, esquecimentos, tremores e traumas. Tamb\u00e9m tratamos de malforma\u00e7\u00f5es vasculares, aneurismas e tumores cerebrais. Cada paciente traz uma hist\u00f3ria \u00fanica que precisa ser compreendida no contexto. Entre os desafios mais emocionais est\u00e3o os tumores cerebrais em crian\u00e7as, que ele descreve como profundamente impactantes<\/em>\u201d, diz.<\/p>\n<p style=\"text-align: justify;\" data-mrf-recirculation=\".Link no Corpo do artigo\">Avan\u00e7os tecnol\u00f3gicos t\u00eam transformado o campo da neurocirurgia. \u201c<em>Hoje contamos com ferramentas como a neuronavega\u00e7\u00e3o, que funciona como um GPS, ajudando a localizar tumores com precis\u00e3o. Tamb\u00e9m utilizamos microsc\u00f3pios de alta defini\u00e7\u00e3o e monitoriza\u00e7\u00e3o intraoperat\u00f3ria, que permitem cirurgias mais seguras e menos invasivas. Isso nos possibilita preservar fun\u00e7\u00f5es importantes enquanto retiramos a les\u00e3o<\/em>\u201d, completa.<\/p>\n<p data-mrf-recirculation=\".Link no Corpo do artigo\"><img loading=\"lazy\" decoding=\"async\" class=\"alignnone size-full wp-image-92285\" src=\"https:\/\/jorgezanoni.com.br\/2019\/wp-content\/uploads\/2025\/01\/avancos-Pequeno.jpeg\" alt=\"\" width=\"854\" height=\"442\" srcset=\"https:\/\/jorgezanoni.com.br\/2019\/wp-content\/uploads\/2025\/01\/avancos-Pequeno.jpeg 854w, https:\/\/jorgezanoni.com.br\/2019\/wp-content\/uploads\/2025\/01\/avancos-Pequeno-300x155.jpeg 300w, https:\/\/jorgezanoni.com.br\/2019\/wp-content\/uploads\/2025\/01\/avancos-Pequeno-768x397.jpeg 768w, https:\/\/jorgezanoni.com.br\/2019\/wp-content\/uploads\/2025\/01\/avancos-Pequeno-696x360.jpeg 696w, https:\/\/jorgezanoni.com.br\/2019\/wp-content\/uploads\/2025\/01\/avancos-Pequeno-811x420.jpeg 811w\" sizes=\"auto, (max-width: 854px) 100vw, 854px\" \/><\/p>\n<p style=\"text-align: justify;\" data-mrf-recirculation=\".Link no Corpo do artigo\">Apesar dos avan\u00e7os, refor\u00e7a que o sucesso no tratamento n\u00e3o depende apenas da tecnologia. \u201c<em>\u00c9 essencial humanizar o atendimento, tirando todas as d\u00favidas do paciente e da fam\u00edlia. O diagn\u00f3stico \u00e9 o ponto de partida, n\u00e3o o fim da linha. O papel do m\u00e9dico \u00e9 mostrar que, mesmo em casos graves, h\u00e1 muito o que pode ser feito para melhorar a qualidade de vida. A presen\u00e7a da fam\u00edlia n\u00e3o \u00e9 apenas<\/em><br \/>\n<em>um conforto; \u00e9 um pilar fundamental para o bem-estar emocional e psicol\u00f3gico do paciente<\/em>\u201d, enfatiza.<\/p>\n<p style=\"text-align: justify;\" data-mrf-recirculation=\".Link no Corpo do artigo\">Na vida pessoal, encontra em sua fam\u00edlia o equil\u00edbrio necess\u00e1rio para lidar com os desafios da profiss\u00e3o. \u201c<em>Minha fam\u00edlia \u00e9 meu ref\u00fagio e minha maior motiva\u00e7\u00e3o. S\u00e3o eles que me d\u00e3o for\u00e7as para continuar e encontrar prop\u00f3sito mesmo nos casos mais dif\u00edceis<\/em>\u201d, compartilha.<br \/>\nEle dedica-se a orienta\u00e7\u00e3o m\u00e9dica como professor e coordenador. \u201c<em>Ensinar \u00e9 um privil\u00e9gio. Formar m\u00e9dicos competentes e humanizados garante que minha contribui\u00e7\u00e3o n\u00e3o se limite ao que eu posso fazer sozinho. Ainda em 2025, planejo iniciar uma mentoria voltada para profissionais da sa\u00fade, que busca transmitir minha experi\u00eancia e valores aos futuros especialistas<\/em>\u201d, pontua.<\/p>\n<p data-mrf-recirculation=\".Link no Corpo do artigo\"><img loading=\"lazy\" decoding=\"async\" class=\"alignnone size-full wp-image-92286\" src=\"https:\/\/jorgezanoni.com.br\/2019\/wp-content\/uploads\/2025\/01\/carlos1-Pequeno.jpg\" alt=\"\" width=\"480\" height=\"480\" srcset=\"https:\/\/jorgezanoni.com.br\/2019\/wp-content\/uploads\/2025\/01\/carlos1-Pequeno.jpg 480w, https:\/\/jorgezanoni.com.br\/2019\/wp-content\/uploads\/2025\/01\/carlos1-Pequeno-300x300.jpg 300w, https:\/\/jorgezanoni.com.br\/2019\/wp-content\/uploads\/2025\/01\/carlos1-Pequeno-150x150.jpg 150w, https:\/\/jorgezanoni.com.br\/2019\/wp-content\/uploads\/2025\/01\/carlos1-Pequeno-420x420.jpg 420w\" sizes=\"auto, (max-width: 480px) 100vw, 480px\" \/><\/p>\n<p style=\"text-align: justify;\" data-mrf-recirculation=\".Link no Corpo do artigo\">Sobre os desafios enfrentados pelos novos m\u00e9dicos, ele aponta a expans\u00e3o acelerada das faculdades de medicina no Brasil como uma quest\u00e3o delicada. \u201c<em>O filtro de sele\u00e7\u00e3o mudou; hoje, muitas vezes, \u00e9 financeiro, e n\u00e3o acad\u00eamico. Precisamos garantir que o aprendizado durante o curso seja rigoroso e eficaz, para que esses profissionais estejam preparados para lidar com vidas humanas<\/em>\u201d, afirma.<\/p>\n<p style=\"text-align: justify;\" data-mrf-recirculation=\".Link no Corpo do artigo\">Para o futuro, planeja continuar conciliando o atendimento m\u00e9dico com a doc\u00eancia. \u201c<em>Minha prioridade \u00e9 seguir contribuindo para a neurocirurgia e para a educa\u00e7\u00e3o, sempre colocando os pacientes e os alunos no centro do meu trabalho. O sofrimento humano s\u00f3 \u00e9 intoler\u00e1vel quando ningu\u00e9m cuida<\/em>\u201d, finaliza.<\/p>\n<p data-mrf-recirculation=\".Link no Corpo do artigo\"><img loading=\"lazy\" decoding=\"async\" class=\"alignnone size-full wp-image-92287\" src=\"https:\/\/jorgezanoni.com.br\/2019\/wp-content\/uploads\/2025\/01\/todos-Pequeno.jpeg\" alt=\"\" width=\"854\" height=\"442\" srcset=\"https:\/\/jorgezanoni.com.br\/2019\/wp-content\/uploads\/2025\/01\/todos-Pequeno.jpeg 854w, https:\/\/jorgezanoni.com.br\/2019\/wp-content\/uploads\/2025\/01\/todos-Pequeno-300x155.jpeg 300w, https:\/\/jorgezanoni.com.br\/2019\/wp-content\/uploads\/2025\/01\/todos-Pequeno-768x397.jpeg 768w, https:\/\/jorgezanoni.com.br\/2019\/wp-content\/uploads\/2025\/01\/todos-Pequeno-696x360.jpeg 696w, https:\/\/jorgezanoni.com.br\/2019\/wp-content\/uploads\/2025\/01\/todos-Pequeno-811x420.jpeg 811w\" sizes=\"auto, (max-width: 854px) 100vw, 854px\" \/><\/p>\n<div class=\"d-flex justify-content-center my-3\" style=\"text-align: justify;\">\n<div id=\"banner-300x250-2-area\" data-desktop=\"300x250\" data-mobile=\"320x50\" data-google-query-id=\"CK6jkceFkYsDFck9uQYdM0UFcQ\"><img loading=\"lazy\" decoding=\"async\" class=\"alignnone size-full wp-image-92288\" src=\"https:\/\/jorgezanoni.com.br\/2019\/wp-content\/uploads\/2025\/01\/carlos2-Pequeno.jpg\" alt=\"\" width=\"480\" height=\"480\" srcset=\"https:\/\/jorgezanoni.com.br\/2019\/wp-content\/uploads\/2025\/01\/carlos2-Pequeno.jpg 480w, https:\/\/jorgezanoni.com.br\/2019\/wp-content\/uploads\/2025\/01\/carlos2-Pequeno-300x300.jpg 300w, https:\/\/jorgezanoni.com.br\/2019\/wp-content\/uploads\/2025\/01\/carlos2-Pequeno-150x150.jpg 150w, https:\/\/jorgezanoni.com.br\/2019\/wp-content\/uploads\/2025\/01\/carlos2-Pequeno-420x420.jpg 420w\" sizes=\"auto, (max-width: 480px) 100vw, 480px\" \/><\/div>\n<\/div>\n<div style=\"text-align: justify;\" data-desktop=\"300x250\" data-mobile=\"320x50\" data-google-query-id=\"CK6jkceFkYsDFck9uQYdM0UFcQ\"><\/div>\n<div style=\"text-align: justify;\" data-desktop=\"300x250\" data-mobile=\"320x50\" data-google-query-id=\"CK6jkceFkYsDFck9uQYdM0UFcQ\">Confira as m\u00eddias do Dr. Carlos Alberto<\/div>\n<div data-desktop=\"300x250\" data-mobile=\"320x50\" data-google-query-id=\"CK6jkceFkYsDFck9uQYdM0UFcQ\">\n<p style=\"text-align: justify;\" data-mrf-recirculation=\".Link no Corpo do artigo\">Instagram:\u00a0<a href=\"https:\/\/www.instagram.com\/neuro.drcarlos\" target=\"_blank\" rel=\"noopener\" data-mrf-link=\"https:\/\/www.instagram.com\/neuro.drcarlos\">@neuro.drcarlos<\/a><\/p>\n<p style=\"text-align: justify;\" data-mrf-recirculation=\".Link no Corpo do artigo\">Site:\u00a0<a href=\"https:\/\/drcarlosneuro.com\/\" target=\"_blank\" rel=\"noopener\" data-mrf-link=\"https:\/\/drcarlosneuro.com\/\">https:\/\/drcarlosneuro.com<\/a><\/p>\n<p style=\"text-align: justify;\" data-mrf-recirculation=\".Link no Corpo do artigo\">Fonte: https:\/\/caras.com.br\/personalidades\/carlos-alberto-dos-santos-filho-dedica-se-excelencia-na-neurocirurgia.phtml<\/p>\n<\/div>\n","protected":false},"excerpt":{"rendered":"<p>Carlos Alberto dos Santos Filho que \u00e9 nascido em Dracena, dedica-se \u00e0 excel\u00eancia na neurocirurgia. Professor combina avan\u00e7os tecnol\u00f3gicos, forma\u00e7\u00e3o de novos profissionais e aten\u00e7\u00e3o humanizada para oferecer tratamentos de excel\u00eancia. Desde os primeiros passos na carreira m\u00e9dica,\u00a0Carlos Alberto dos Santos Filho\u00a0demonstrou um interesse particular pela complexidade do sistema nervoso. Durante o primeiro ano da [&hellip;]<\/p>\n","protected":false},"author":1,"featured_media":92289,"comment_status":"closed","ping_status":"open","sticky":false,"template":"","format":"standard","meta":{"footnotes":""},"categories":[110,122],"tags":[],"class_list":["post-92283","post","type-post","status-publish","format-standard","has-post-thumbnail","hentry","category-noticiasdestaque","category-saudeeducacaoeconcurso"],"_links":{"self":[{"href":"https:\/\/jorgezanoni.com.br\/2019\/wp-json\/wp\/v2\/posts\/92283","targetHints":{"allow":["GET"]}}],"collection":[{"href":"https:\/\/jorgezanoni.com.br\/2019\/wp-json\/wp\/v2\/posts"}],"about":[{"href":"https:\/\/jorgezanoni.com.br\/2019\/wp-json\/wp\/v2\/types\/post"}],"author":[{"embeddable":true,"href":"https:\/\/jorgezanoni.com.br\/2019\/wp-json\/wp\/v2\/users\/1"}],"replies":[{"embeddable":true,"href":"https:\/\/jorgezanoni.com.br\/2019\/wp-json\/wp\/v2\/comments?post=92283"}],"version-history":[{"count":4,"href":"https:\/\/jorgezanoni.com.br\/2019\/wp-json\/wp\/v2\/posts\/92283\/revisions"}],"predecessor-version":[{"id":92293,"href":"https:\/\/jorgezanoni.com.br\/2019\/wp-json\/wp\/v2\/posts\/92283\/revisions\/92293"}],"wp:featuredmedia":[{"embeddable":true,"href":"https:\/\/jorgezanoni.com.br\/2019\/wp-json\/wp\/v2\/media\/92289"}],"wp:attachment":[{"href":"https:\/\/jorgezanoni.com.br\/2019\/wp-json\/wp\/v2\/media?parent=92283"}],"wp:term":[{"taxonomy":"category","embeddable":true,"href":"https:\/\/jorgezanoni.com.br\/2019\/wp-json\/wp\/v2\/categories?post=92283"},{"taxonomy":"post_tag","embeddable":true,"href":"https:\/\/jorgezanoni.com.br\/2019\/wp-json\/wp\/v2\/tags?post=92283"}],"curies":[{"name":"wp","href":"https:\/\/api.w.org\/{rel}","templated":true}]}}