{"id":92266,"date":"2025-01-24T20:58:10","date_gmt":"2025-01-24T20:58:10","guid":{"rendered":"https:\/\/jorgezanoni.com.br\/2019\/?p=92266"},"modified":"2025-01-24T21:29:23","modified_gmt":"2025-01-24T21:29:23","slug":"morre-paulo-silva-que-foi-empresario-do-ramo-de-serralheria-em-dracena","status":"publish","type":"post","link":"https:\/\/jorgezanoni.com.br\/2019\/morre-paulo-silva-que-foi-empresario-do-ramo-de-serralheria-em-dracena\/","title":{"rendered":"Morre Paulo Silva que foi empres\u00e1rio do ramo de serralheria em Dracena"},"content":{"rendered":"<p style=\"text-align: justify;\"><strong>Comunicamos com pesar o falecimetode Paulo Jos\u00e9 da Silva de 78 anos. Ele enfrentava problemas de sa\u00fade e n\u00e3o resistiu vindo a \u00f3bito.<\/strong><\/p>\n<p style=\"text-align: justify;\">Deixa a esposa Leila, filhos Patr\u00edcia e Alexandre, nora, genro, netos, demais familiares e amigos.<\/p>\n<p style=\"text-align: justify;\">Paulo foi propriet\u00e1rio por muitos anos da Serralheria Silva e tamb\u00e9m presidiu o Rotary Club de Dracena Imperial.<\/p>\n<p style=\"text-align: justify;\">O seu corpo ser\u00e1 velado na sala I do Memorial Vida Prev a partir das 21 h at\u00e9 as 23 h desta sexta-feira (24), reabrindo amanh\u00e3 (25) \u00e0s 6 h, com sepultamento previsto para as 10 h no Cemit\u00e9rio Municipal de Dracena.<\/p>\n<p style=\"text-align: justify;\">O SITE JZ e TOP TV se solidarizam com a familia e amigos neste dif\u00edcil momento.<\/p>\n<p>Jorge Zanoni<\/p>\n","protected":false},"excerpt":{"rendered":"<p>Comunicamos com pesar o falecimetode Paulo Jos\u00e9 da Silva de 78 anos. Ele enfrentava problemas de sa\u00fade e n\u00e3o resistiu vindo a \u00f3bito. Deixa a esposa Leila, filhos Patr\u00edcia e Alexandre, nora, genro, netos, demais familiares e amigos. Paulo foi propriet\u00e1rio por muitos anos da Serralheria Silva e tamb\u00e9m presidiu o Rotary Club de Dracena [&hellip;]<\/p>\n","protected":false},"author":1,"featured_media":92268,"comment_status":"closed","ping_status":"open","sticky":false,"template":"","format":"standard","meta":{"footnotes":""},"categories":[178,110],"tags":[],"class_list":["post-92266","post","type-post","status-publish","format-standard","has-post-thumbnail","hentry","category-notadefalecimento","category-noticiasdestaque"],"_links":{"self":[{"href":"https:\/\/jorgezanoni.com.br\/2019\/wp-json\/wp\/v2\/posts\/92266","targetHints":{"allow":["GET"]}}],"collection":[{"href":"https:\/\/jorgezanoni.com.br\/2019\/wp-json\/wp\/v2\/posts"}],"about":[{"href":"https:\/\/jorgezanoni.com.br\/2019\/wp-json\/wp\/v2\/types\/post"}],"author":[{"embeddable":true,"href":"https:\/\/jorgezanoni.com.br\/2019\/wp-json\/wp\/v2\/users\/1"}],"replies":[{"embeddable":true,"href":"https:\/\/jorgezanoni.com.br\/2019\/wp-json\/wp\/v2\/comments?post=92266"}],"version-history":[{"count":2,"href":"https:\/\/jorgezanoni.com.br\/2019\/wp-json\/wp\/v2\/posts\/92266\/revisions"}],"predecessor-version":[{"id":92270,"href":"https:\/\/jorgezanoni.com.br\/2019\/wp-json\/wp\/v2\/posts\/92266\/revisions\/92270"}],"wp:featuredmedia":[{"embeddable":true,"href":"https:\/\/jorgezanoni.com.br\/2019\/wp-json\/wp\/v2\/media\/92268"}],"wp:attachment":[{"href":"https:\/\/jorgezanoni.com.br\/2019\/wp-json\/wp\/v2\/media?parent=92266"}],"wp:term":[{"taxonomy":"category","embeddable":true,"href":"https:\/\/jorgezanoni.com.br\/2019\/wp-json\/wp\/v2\/categories?post=92266"},{"taxonomy":"post_tag","embeddable":true,"href":"https:\/\/jorgezanoni.com.br\/2019\/wp-json\/wp\/v2\/tags?post=92266"}],"curies":[{"name":"wp","href":"https:\/\/api.w.org\/{rel}","templated":true}]}}