{"id":92252,"date":"2025-01-24T15:22:10","date_gmt":"2025-01-24T15:22:10","guid":{"rendered":"https:\/\/jorgezanoni.com.br\/2019\/?p=92252"},"modified":"2025-01-24T16:27:31","modified_gmt":"2025-01-24T16:27:31","slug":"jovem-que-tem-familiares-em-dracena-e-pacaembu-e-morto-na-guerra-entre-ucrania-e-russia","status":"publish","type":"post","link":"https:\/\/jorgezanoni.com.br\/2019\/jovem-que-tem-familiares-em-dracena-e-pacaembu-e-morto-na-guerra-entre-ucrania-e-russia\/","title":{"rendered":"Jovem que tem familiares em Dracena e Pacaemb\u00fa \u00e9 morto na guerra entre Ucr\u00e2nia e R\u00fassia"},"content":{"rendered":"<p style=\"text-align: justify;\"><strong>Igor Fagundes Lamas, filho de J\u00fanior do PUB de Dracena, e neto de Ray Silva Lopes, a \u201cRay do Bar Vit\u00f3ria\u201d moradora de Pacaembu, foi morto na guerra entre a R\u00fassia e a Ucr\u00e2nia.<\/strong><\/p>\n<p style=\"text-align: justify;\">Inicialmente, a fam\u00edlia n\u00e3o confirmava as informa\u00e7\u00f5es divulgadas nas redes sociais e por alguns meios de comunica\u00e7\u00e3o na noite de ontem (23). No entanto, ap\u00f3s incessantes buscas por esclarecimentos, receberam a confirma\u00e7\u00e3o do triste desfecho por meio do consulado do Brasil na Ucr\u00e2nia.<\/p>\n<p style=\"text-align: justify;\">De acordo com informa\u00e7\u00f5es fornecidas pelas embaixadas do Brasil e da Ucr\u00e2nia, Igor, que atuava como combatente, foi dado como desaparecido antes do \u00f3bito ser oficialmente confirmado.<\/p>\n<p style=\"text-align: justify;\">Uma postagem no perfil \u201cMilitar.Ru\u201d no Twitter relatou o \u201cabatimento\u201d de Igor, al\u00e9m de dois outros jovens brasileiros, residentes em Ourinhos e no Paran\u00e1, e de uma v\u00edtima portuguesa.<\/p>\n<p style=\"text-align: justify;\">A fam\u00edlia de Igor Fagundes Lamas confirmou o falecimento de seu ente querido momentos antes da publica\u00e7\u00e3o desta not\u00edcia.<\/p>\n<p style=\"text-align: justify;\">\u201cEle fez essa escolha contrariando a m\u00e3e e sem contar para n\u00f3s, porque sabia nossa opini\u00e3o a respeito\u201d, lamentou um familiar, profundamente abalado pela situa\u00e7\u00e3o.<\/p>\n<p style=\"text-align: justify;\">A fam\u00edlia pediu ora\u00e7\u00f5es pela alma de Igor e pelo conforto de seus pais, av\u00f3s e demais entes queridos.<\/p>\n<p style=\"text-align: justify;\">A equipe do SITE JZ e TOP TV, continuar\u00e1 acompanhando o caso e trar\u00e1 mais informa\u00e7\u00f5es assim que dispon\u00edveis.<\/p>\n<p style=\"text-align: justify;\">Fonte: Militarismo Mundial\/Folha Regional\/Hora da Not\u00edcia<\/p>\n<p>Jorge Zanoni<\/p>\n<p>&nbsp;<\/p>\n","protected":false},"excerpt":{"rendered":"<p>Igor Fagundes Lamas, filho de J\u00fanior do PUB de Dracena, e neto de Ray Silva Lopes, a \u201cRay do Bar Vit\u00f3ria\u201d moradora de Pacaembu, foi morto na guerra entre a R\u00fassia e a Ucr\u00e2nia. Inicialmente, a fam\u00edlia n\u00e3o confirmava as informa\u00e7\u00f5es divulgadas nas redes sociais e por alguns meios de comunica\u00e7\u00e3o na noite de ontem [&hellip;]<\/p>\n","protected":false},"author":1,"featured_media":92253,"comment_status":"closed","ping_status":"open","sticky":false,"template":"","format":"standard","meta":{"footnotes":""},"categories":[178,110],"tags":[],"class_list":["post-92252","post","type-post","status-publish","format-standard","has-post-thumbnail","hentry","category-notadefalecimento","category-noticiasdestaque"],"_links":{"self":[{"href":"https:\/\/jorgezanoni.com.br\/2019\/wp-json\/wp\/v2\/posts\/92252","targetHints":{"allow":["GET"]}}],"collection":[{"href":"https:\/\/jorgezanoni.com.br\/2019\/wp-json\/wp\/v2\/posts"}],"about":[{"href":"https:\/\/jorgezanoni.com.br\/2019\/wp-json\/wp\/v2\/types\/post"}],"author":[{"embeddable":true,"href":"https:\/\/jorgezanoni.com.br\/2019\/wp-json\/wp\/v2\/users\/1"}],"replies":[{"embeddable":true,"href":"https:\/\/jorgezanoni.com.br\/2019\/wp-json\/wp\/v2\/comments?post=92252"}],"version-history":[{"count":2,"href":"https:\/\/jorgezanoni.com.br\/2019\/wp-json\/wp\/v2\/posts\/92252\/revisions"}],"predecessor-version":[{"id":92265,"href":"https:\/\/jorgezanoni.com.br\/2019\/wp-json\/wp\/v2\/posts\/92252\/revisions\/92265"}],"wp:featuredmedia":[{"embeddable":true,"href":"https:\/\/jorgezanoni.com.br\/2019\/wp-json\/wp\/v2\/media\/92253"}],"wp:attachment":[{"href":"https:\/\/jorgezanoni.com.br\/2019\/wp-json\/wp\/v2\/media?parent=92252"}],"wp:term":[{"taxonomy":"category","embeddable":true,"href":"https:\/\/jorgezanoni.com.br\/2019\/wp-json\/wp\/v2\/categories?post=92252"},{"taxonomy":"post_tag","embeddable":true,"href":"https:\/\/jorgezanoni.com.br\/2019\/wp-json\/wp\/v2\/tags?post=92252"}],"curies":[{"name":"wp","href":"https:\/\/api.w.org\/{rel}","templated":true}]}}